{"id":10609,"date":"2025-12-02T13:30:13","date_gmt":"2025-12-02T13:30:13","guid":{"rendered":"https:\/\/mvz-sports.com\/fr\/?p=10609"},"modified":"2026-01-03T16:46:04","modified_gmt":"2026-01-03T15:46:04","slug":"tj-parker-retrouve-un-banc-a-roanne","status":"publish","type":"post","link":"https:\/\/mvz-sports.com\/fr\/basketball\/news\/tj-parker-retrouve-un-banc-a-roanne","title":{"rendered":"TJ Parker retrouve un banc \u00e0 Roanne : le fr\u00e8re de Tony relance sa carri\u00e8re d&rsquo;entra\u00eeneur"},"content":{"rendered":"\n<p>Deux ann\u00e9es apr\u00e8s son d\u00e9part mouvement\u00e9 de l&rsquo;Asvel, TJ Parker effectue son retour sur un banc en tant qu&rsquo;entra\u00eeneur principal. La Chorale de Roanne a officialis\u00e9 ce samedi la signature du fr\u00e8re cadet de Tony Parker, qui prend les r\u00eanes d&rsquo;une formation actuellement en Elite 2, la deuxi\u00e8me division du basketball fran\u00e7ais.<\/p>\n\n\n\n<h3 class=\"wp-block-heading\">Un club historique en qu\u00eate de rebond<\/h3>\n\n\n\n<p>Rel\u00e9gu\u00e9 en Elite 2 \u00e0 l&rsquo;issue de la saison pr\u00e9c\u00e9dente, Roanne occupe actuellement la cinqui\u00e8me place du championnat avec un bilan de 8 victoires pour 4 d\u00e9faites apr\u00e8s 12 journ\u00e9es. Cette signature intervient dans la foul\u00e9e du licenciement de Thomas Andrieux, intervenu vendredi suite \u00e0 une d\u00e9faite sur le parquet de Denain.<\/p>\n\n\n\n<p>La Chorale, place forte du basket hexagonal, mise sur l&rsquo;exp\u00e9rience et le palmar\u00e8s de TJ Parker pour retrouver rapidement l&rsquo;\u00e9lite du basketball fran\u00e7ais.<\/p>\n\n\n\n<h3 class=\"wp-block-heading\">Le parcours d&rsquo;un champion<\/h3>\n\n\n\n<p>\u00c2g\u00e9 de 41 ans, TJ Parker a marqu\u00e9 les esprits lors de son passage \u00e0 l&rsquo;Asvel en remportant deux titres de champion de France cons\u00e9cutifs en 2021 et 2022. Cependant, son \u00e9viction du club lyonnais d\u00e9tenu et pr\u00e9sid\u00e9 par son fr\u00e8re Tony avait fait grand bruit \u00e0 l&rsquo;\u00e9poque, illustrant la difficult\u00e9 de s\u00e9parer relations familiales et d\u00e9cisions sportives.<\/p>\n\n\n\n<p>Depuis son d\u00e9part de Lyon, l&rsquo;ancien meneur n&rsquo;avait pas retrouv\u00e9 de poste d&rsquo;entra\u00eeneur principal. Il occupait depuis septembre 2024 la fonction d&rsquo;assistant au Bayern Munich, club qui \u00e9volue en Euroligue mais peine \u00e0 trouver son rythme avec une 16\u1d49 place sur 20 formations.<\/p>\n\n\n\n<h3 class=\"wp-block-heading\">Un accord facilit\u00e9 par le Bayern<\/h3>\n\n\n\n<p>Le club bavarois a accept\u00e9 de lib\u00e9rer TJ Parker de son contrat pour lui permettre de saisir cette opportunit\u00e9 de retrouver un r\u00f4le de premier plan. Une d\u00e9cision qui t\u00e9moigne de la compr\u00e9hension mutuelle entre les deux parties.<\/p>\n\n\n\n<p>Selon le communiqu\u00e9 officiel de Roanne, Parker s&rsquo;est engag\u00e9 pour un an et demi, soit jusqu&rsquo;en juin 2027. Un contrat qui lui offre le temps n\u00e9cessaire pour b\u00e2tir un projet sportif coh\u00e9rent et viser la remont\u00e9e en Betclic Elite.<\/p>\n\n\n\n<h3 class=\"wp-block-heading\">Un souvenir douloureux pour Roanne<\/h3>\n\n\n\n<p>Si TJ Parker n&rsquo;a jamais port\u00e9 les couleurs de la Chorale en tant que joueur, il a laiss\u00e9 un souvenir amer aux supporters roannais. En 2008, il avait remport\u00e9 le championnat de France avec le Sluc Nancy en battant justement Roanne en finale. Pr\u00e8s de vingt ans plus tard, il revient dans la Loire, cette fois pour \u00e9crire une nouvelle page de l&rsquo;histoire du club.<\/p>\n\n\n\n<figure class=\"wp-block-embed is-type-rich is-provider-twitter wp-block-embed-twitter\"><div class=\"wp-block-embed__wrapper\">\n<blockquote class=\"twitter-tweet\" data-width=\"550\" data-dnt=\"true\"><p lang=\"fr\" dir=\"ltr\">\ud835\udc02\ud835\udc28\ud835\udc26\ud835\udc26\ud835\udc2e\ud835\udc27\ud835\udc22\ud835\udc2a\ud835\udc2e\ud835\udc1e\u0301 \ud835\udc28\ud835\udc1f\ud835\udc1f\ud835\udc22\ud835\udc1c\ud835\udc22\ud835\udc1e\ud835\udc25<br><br>T.J. Parker deviendra l&#39;entraineur de l&#39;\u00e9quipe professionnelle de la <a href=\"https:\/\/twitter.com\/ChoraleRoanne?ref_src=twsrc%5Etfw\">@ChoraleRoanne<\/a> \u00e0 compter du lundi 1er d\u00e9cembre \ud83e\udd1d<br><br>Il sera accompagn\u00e9 de Morgan Belnou<br><br>Le communiqu\u00e9 officiel \ud83d\udc49 <a href=\"https:\/\/t.co\/3q32VunxnJ\">https:\/\/t.co\/3q32VunxnJ<\/a><a href=\"https:\/\/twitter.com\/hashtag\/ChoraleNation?src=hash&amp;ref_src=twsrc%5Etfw\">#ChoraleNation<\/a> <a href=\"https:\/\/twitter.com\/hashtag\/Elite2?src=hash&amp;ref_src=twsrc%5Etfw\">#Elite2<\/a> <a href=\"https:\/\/t.co\/K6B5AONFdV\">pic.twitter.com\/K6B5AONFdV<\/a><\/p>&mdash; Chorale Roanne Basket (@ChoraleRoanne) <a href=\"https:\/\/twitter.com\/ChoraleRoanne\/status\/1995081606391054496?ref_src=twsrc%5Etfw\">November 30, 2025<\/a><\/blockquote><script async src=\"https:\/\/platform.twitter.com\/widgets.js\" charset=\"utf-8\"><\/script>\n<\/div><\/figure>\n\n\n\n<h3 class=\"wp-block-heading\">Un d\u00e9fi de taille<\/h3>\n\n\n\n<p>Pour TJ Parker, ce retour sur un banc repr\u00e9sente bien plus qu&rsquo;une simple opportunit\u00e9 professionnelle. Il s&rsquo;agit de prouver qu&rsquo;il peut r\u00e9ussir sans l&rsquo;ombre tut\u00e9laire de son fr\u00e8re, dans un contexte diff\u00e9rent et avec des moyens plus limit\u00e9s qu&rsquo;\u00e0 l&rsquo;Asvel.<\/p>\n\n\n\n<p>La deuxi\u00e8me division fran\u00e7aise sera le terrain d&rsquo;expression id\u00e9al pour d\u00e9montrer ses qualit\u00e9s de tacticien et de manager, loin des projecteurs de l&rsquo;Euroligue mais avec une pression tout aussi importante : celle de ramener un club historique \u00e0 sa place naturelle dans l&rsquo;\u00e9lite du basket fran\u00e7ais.<\/p>\n","protected":false},"excerpt":{"rendered":"<p>Deux ann\u00e9es apr\u00e8s son d\u00e9part mouvement\u00e9 de l&rsquo;Asvel, TJ Parker effectue son retour sur un banc en tant qu&rsquo;entra\u00eeneur principal. La Chorale de Roanne a officialis\u00e9 ce samedi la signature du fr\u00e8re cadet de Tony Parker, qui prend les r\u00eanes d&rsquo;une formation actuellement en Elite 2, la deuxi\u00e8me division du basketball fran\u00e7ais. Un club historique [&hellip;]<\/p>\n","protected":false},"author":6,"featured_media":0,"comment_status":"open","ping_status":"open","sticky":false,"template":"","format":"standard","meta":{"_acf_changed":false,"_seopress_robots_primary_cat":"","_seopress_titles_title":"","_seopress_titles_desc":"","_seopress_robots_index":"","footnotes":""},"categories":[6],"tags":[],"class_list":["post-10609","post","type-post","status-publish","format-standard","hentry","category-basketball"],"acf":[],"_links":{"self":[{"href":"https:\/\/mvz-sports.com\/fr\/wp-json\/wp\/v2\/posts\/10609","targetHints":{"allow":["GET"]}}],"collection":[{"href":"https:\/\/mvz-sports.com\/fr\/wp-json\/wp\/v2\/posts"}],"about":[{"href":"https:\/\/mvz-sports.com\/fr\/wp-json\/wp\/v2\/types\/post"}],"author":[{"embeddable":true,"href":"https:\/\/mvz-sports.com\/fr\/wp-json\/wp\/v2\/users\/6"}],"replies":[{"embeddable":true,"href":"https:\/\/mvz-sports.com\/fr\/wp-json\/wp\/v2\/comments?post=10609"}],"version-history":[{"count":0,"href":"https:\/\/mvz-sports.com\/fr\/wp-json\/wp\/v2\/posts\/10609\/revisions"}],"wp:attachment":[{"href":"https:\/\/mvz-sports.com\/fr\/wp-json\/wp\/v2\/media?parent=10609"}],"wp:term":[{"taxonomy":"category","embeddable":true,"href":"https:\/\/mvz-sports.com\/fr\/wp-json\/wp\/v2\/categories?post=10609"},{"taxonomy":"post_tag","embeddable":true,"href":"https:\/\/mvz-sports.com\/fr\/wp-json\/wp\/v2\/tags?post=10609"}],"curies":[{"name":"wp","href":"https:\/\/api.w.org\/{rel}","templated":true}]}}