{"id":20527,"date":"2025-12-14T04:31:00","date_gmt":"2025-12-14T04:31:00","guid":{"rendered":"https:\/\/mvz-sports.com\/fr\/?p=20527"},"modified":"2025-12-12T11:16:59","modified_gmt":"2025-12-12T11:16:59","slug":"jean-philippe-mateta-direction-la-serie-a-il-y-a-des-plans-en-cours-pour-le-buteur-francais","status":"publish","type":"post","link":"https:\/\/mvz-sports.com\/fr\/football\/news\/jean-philippe-mateta-direction-la-serie-a-il-y-a-des-plans-en-cours-pour-le-buteur-francais","title":{"rendered":"Jean-Philippe Mateta direction la S\u00e9rie A ? Il y a des plans en cours pour le buteur fran\u00e7ais"},"content":{"rendered":"\n<p class=\"wp-block-paragraph\"><strong>Jean-Philippe Mateta est dans le viseur du Milan AC. Le club lombard envisage de s\u2019offrir l\u2019attaquant de Crystal Palace d\u00e8s cet hiver pour renforcer son attaque.<\/strong><\/p>\n\n\n\n<p class=\"wp-block-paragraph\">\u00c0 l\u2019approche du <strong>mercato d\u2019hiver 2026<\/strong>, le <strong>Milan AC<\/strong> s\u2019active en coulisses pour muscler son secteur offensif. L\u2019objectif est clair : trouver un attaquant capable d\u2019\u00e9pauler ou de concurrencer Olivier Giroud, dont l\u2019avenir reste incertain. Et les dirigeants rossoneri auraient cibl\u00e9 <strong>un profil bien connu de la Premier League<\/strong> : celui de <strong>Jean-Philippe Mateta<\/strong>.<\/p>\n\n\n\n<h2 class=\"wp-block-heading\">Jean-Philippe Mateta dans le viseur du Milan<\/h2>\n\n\n\n<p class=\"wp-block-paragraph\">Selon les informations de <strong>Calciomercato<\/strong>, le <a href=\"https:\/\/mvz-sports.com\/fr\/bookmakers\/news\/inter-ac-milan-analyse-et-pronostic-pour-parier-sur-la-finale-de-la-supercoupe-d-italie\">Milan AC<\/a> aurait entam\u00e9 les premi\u00e8res d\u00e9marches pour recruter <strong>Jean-Philippe Mateta<\/strong>. L\u2019attaquant fran\u00e7ais de <strong>28 ans<\/strong>, actuellement sous contrat avec <strong>Crystal Palace jusqu\u2019en 2027<\/strong>, serait disponible \u00e0 la vente cet hiver. Le joueur, <strong>form\u00e9 \u00e0 Lyon<\/strong> puis r\u00e9v\u00e9l\u00e9 \u00e0 Mayence, aurait r\u00e9cemment <strong>refus\u00e9 de prolonger son contrat<\/strong>, ouvrant ainsi la porte \u00e0 un d\u00e9part.<\/p>\n\n\n\n<h2 class=\"wp-block-heading\">Un profil s\u00e9duisant pour les Rossoneri<\/h2>\n\n\n\n<p class=\"wp-block-paragraph\">Le <strong>bilan de Mateta<\/strong> cette saison joue en sa faveur. Auteur de <strong>neuf buts et deux passes d\u00e9cisives<\/strong> en <strong>23 apparitions toutes comp\u00e9titions confondues<\/strong>, le Fran\u00e7ais affiche une belle r\u00e9gularit\u00e9. Grand, puissant, \u00e0 l\u2019aise dos au but, il offre un profil compl\u00e9mentaire \u00e0 ce que poss\u00e8de actuellement le Milan dans son effectif. <strong>Stefano Pioli<\/strong> appr\u00e9cierait ses qualit\u00e9s athl\u00e9tiques et son efficacit\u00e9 devant le but, des atouts qui pourraient parfaitement s\u2019int\u00e9grer dans la rotation offensive milanaise.<\/p>\n\n\n\n<h2 class=\"wp-block-heading\">Un dossier \u00e0 40 millions maximum<\/h2>\n\n\n\n<p class=\"wp-block-paragraph\">Le Milan AC ne compte toutefois pas se montrer trop d\u00e9pensier. Le club lombard aurait <strong>fix\u00e9 un plafond \u00e0 40 millions d\u2019euros<\/strong> pour boucler le dossier. Une somme importante mais coh\u00e9rente pour un joueur international fran\u00e7ais, encore sous contrat et performant en Premier League. Reste \u00e0 voir si <a href=\"https:\/\/mvz-sports.com\/fr\/football\/news\/brentford-s-impose-face-a-crystal-palace-grace-aux-francais\"><strong>Crystal Palace<\/strong> <\/a>acceptera de c\u00e9der son buteur cet hiver ou pr\u00e9f\u00e9rera attendre l\u2019\u00e9t\u00e9 pour maximiser la mise.<\/p>\n\n\n\n<h2 class=\"wp-block-heading\">Conclusion<\/h2>\n\n\n\n<p class=\"wp-block-paragraph\">Avec l\u2019int\u00e9r\u00eat croissant du <strong>Milan AC pour Mateta<\/strong>, le mercato hivernal pourrait bien offrir un <strong>nouveau tremplin \u00e0 l\u2019attaquant fran\u00e7ais<\/strong>. \u00c0 28 ans, il semble pr\u00eat pour un retour sur la sc\u00e8ne europ\u00e9enne. Et vous, pensez-vous que Mateta serait un bon choix pour le Milan ? Dites-le-nous en commentaire !<\/p>\n","protected":false},"excerpt":{"rendered":"<p>Jean-Philippe Mateta est dans le viseur du Milan AC. Le club lombard envisage de s\u2019offrir l\u2019attaquant de Crystal Palace d\u00e8s cet hiver pour renforcer son attaque. \u00c0 l\u2019approche du mercato d\u2019hiver 2026, le Milan AC s\u2019active en coulisses pour muscler son secteur offensif. L\u2019objectif est clair : trouver un attaquant capable d\u2019\u00e9pauler ou de concurrencer [&hellip;]<\/p>\n","protected":false},"author":3,"featured_media":20530,"comment_status":"open","ping_status":"open","sticky":false,"template":"","format":"standard","meta":{"_acf_changed":false,"_seopress_robots_primary_cat":"none","_seopress_titles_title":"","_seopress_titles_desc":"","_seopress_robots_index":"","footnotes":""},"categories":[1],"tags":[],"class_list":["post-20527","post","type-post","status-publish","format-standard","has-post-thumbnail","hentry","category-football"],"acf":[],"_links":{"self":[{"href":"https:\/\/mvz-sports.com\/fr\/wp-json\/wp\/v2\/posts\/20527","targetHints":{"allow":["GET"]}}],"collection":[{"href":"https:\/\/mvz-sports.com\/fr\/wp-json\/wp\/v2\/posts"}],"about":[{"href":"https:\/\/mvz-sports.com\/fr\/wp-json\/wp\/v2\/types\/post"}],"author":[{"embeddable":true,"href":"https:\/\/mvz-sports.com\/fr\/wp-json\/wp\/v2\/users\/3"}],"replies":[{"embeddable":true,"href":"https:\/\/mvz-sports.com\/fr\/wp-json\/wp\/v2\/comments?post=20527"}],"version-history":[{"count":0,"href":"https:\/\/mvz-sports.com\/fr\/wp-json\/wp\/v2\/posts\/20527\/revisions"}],"wp:featuredmedia":[{"embeddable":true,"href":"https:\/\/mvz-sports.com\/fr\/wp-json\/wp\/v2\/media\/20530"}],"wp:attachment":[{"href":"https:\/\/mvz-sports.com\/fr\/wp-json\/wp\/v2\/media?parent=20527"}],"wp:term":[{"taxonomy":"category","embeddable":true,"href":"https:\/\/mvz-sports.com\/fr\/wp-json\/wp\/v2\/categories?post=20527"},{"taxonomy":"post_tag","embeddable":true,"href":"https:\/\/mvz-sports.com\/fr\/wp-json\/wp\/v2\/tags?post=20527"}],"curies":[{"name":"wp","href":"https:\/\/api.w.org\/{rel}","templated":true}]}}