{"id":20602,"date":"2025-12-15T04:32:00","date_gmt":"2025-12-15T04:32:00","guid":{"rendered":"https:\/\/mvz-sports.com\/fr\/?p=20602"},"modified":"2025-12-14T21:45:42","modified_gmt":"2025-12-14T21:45:42","slug":"psg-le-groupe-pour-la-coupe-intercontinentale-avec-dembele-et-marquinhos","status":"publish","type":"post","link":"https:\/\/mvz-sports.com\/fr\/football\/news\/psg-le-groupe-pour-la-coupe-intercontinentale-avec-dembele-et-marquinhos","title":{"rendered":"PSG : le groupe pour la Coupe intercontinentale avec Demb\u00e9l\u00e9 et Marquinhos"},"content":{"rendered":"\n<p class=\"wp-block-paragraph\"><strong>Le PSG se d\u00e9place \u00e0 Doha avec 22 joueurs pour affronter Flamengo mercredi soir en finale.<\/strong> Luis Enrique a convoqu\u00e9 presque tout son effectif pour disputer la finale de la Coupe intercontinentale mercredi \u00e0 18h face \u00e0 Flamengo.<\/p>\n\n\n\n<h2 class=\"wp-block-heading\">Demb\u00e9l\u00e9 de retour, pr\u00eat \u00e0 rejouer<\/h2>\n\n\n\n<p class=\"wp-block-paragraph\"><a href=\"https:\/\/mvz-sports.com\/fr\/football\/players\/masour-ousmane-dembele\">Ousmane Demb\u00e9l\u00e9<\/a> fait son retour dans le groupe. Touch\u00e9 par un syndrome viral, il avait manqu\u00e9 les rencontres contre Bilbao et Metz. Selon le club, il a repris l\u2019entra\u00eenement individuel vendredi et devrait participer normalement aux s\u00e9ances collectives de lundi et mardi. Si ses sensations sont bonnes, il pourrait d\u00e9buter face \u00e0 Flamengo.<\/p>\n\n\n\n<h2 class=\"wp-block-heading\">Marquinhos pr\u00e9sent malgr\u00e9 une incertitude<\/h2>\n\n\n\n<p class=\"wp-block-paragraph\">Absent \u00e0 Metz \u00e0 cause d\u2019une fatigue musculaire \u00e0 la hanche droite, Marquinhos est \u00e9galement du voyage \u00e0 Doha. Luis Enrique reste toutefois prudent sur sa capacit\u00e9 \u00e0 jouer mercredi. \u00ab Il n\u2019y a rien de grave, mais je ne sais pas encore s\u2019il sera disponible \u00bb, avait pr\u00e9cis\u00e9 l&rsquo;entra\u00eeneur parisien vendredi dernier.<\/p>\n\n\n\n<h2 class=\"wp-block-heading\">Mayulu arrivera plus tard au Qatar<\/h2>\n\n\n\n<p class=\"wp-block-paragraph\">Le jeune Senny Mayulu, malade ce week-end, n\u2019a pas pris le m\u00eame vol que ses co\u00e9quipiers. Il rejoindra l\u2019\u00e9quipe lundi une fois remis. Malgr\u00e9 son absence au match \u00e0 Metz, il figure bien dans la liste des 22 Parisiens s\u00e9lectionn\u00e9s pour la finale contre le club br\u00e9silien, vainqueur des Pyramids (2-0) en demi-finale.<\/p>\n\n\n\n<h2 class=\"wp-block-heading\">Un groupe presque au complet pour Doha<\/h2>\n\n\n\n<p class=\"wp-block-paragraph\">Hormis Hakimi, laiss\u00e9 au repos avant la CAN, tous les cadres du <a href=\"https:\/\/mvz-sports.com\/fr\/football\/news\/ligue-des-champions-le-psg-frappe-fort-contre-arsenal-a-l-emirates\">PSG<\/a> sont du voyage. Luis Enrique pourra s\u2019appuyer sur un effectif comp\u00e9titif pour tenter d\u2019offrir un nouveau titre au club face \u00e0 Flamengo. <strong>Le PSG joue gros \u00e0 Doha : une finale \u00e0 enjeu mondial, un effectif complet, et deux retours cl\u00e9s. \u00c0 suivre mercredi.<\/strong><\/p>\n","protected":false},"excerpt":{"rendered":"<p>Le PSG se d\u00e9place \u00e0 Doha avec 22 joueurs pour affronter Flamengo mercredi soir en finale. Luis Enrique a convoqu\u00e9 presque tout son effectif pour disputer la finale de la Coupe intercontinentale mercredi \u00e0 18h face \u00e0 Flamengo. Demb\u00e9l\u00e9 de retour, pr\u00eat \u00e0 rejouer Ousmane Demb\u00e9l\u00e9 fait son retour dans le groupe. Touch\u00e9 par un [&hellip;]<\/p>\n","protected":false},"author":3,"featured_media":20605,"comment_status":"open","ping_status":"open","sticky":false,"template":"","format":"standard","meta":{"_acf_changed":false,"_seopress_robots_primary_cat":"none","_seopress_titles_title":"","_seopress_titles_desc":"","_seopress_robots_index":"","footnotes":""},"categories":[1],"tags":[],"class_list":["post-20602","post","type-post","status-publish","format-standard","has-post-thumbnail","hentry","category-football"],"acf":[],"_links":{"self":[{"href":"https:\/\/mvz-sports.com\/fr\/wp-json\/wp\/v2\/posts\/20602","targetHints":{"allow":["GET"]}}],"collection":[{"href":"https:\/\/mvz-sports.com\/fr\/wp-json\/wp\/v2\/posts"}],"about":[{"href":"https:\/\/mvz-sports.com\/fr\/wp-json\/wp\/v2\/types\/post"}],"author":[{"embeddable":true,"href":"https:\/\/mvz-sports.com\/fr\/wp-json\/wp\/v2\/users\/3"}],"replies":[{"embeddable":true,"href":"https:\/\/mvz-sports.com\/fr\/wp-json\/wp\/v2\/comments?post=20602"}],"version-history":[{"count":0,"href":"https:\/\/mvz-sports.com\/fr\/wp-json\/wp\/v2\/posts\/20602\/revisions"}],"wp:featuredmedia":[{"embeddable":true,"href":"https:\/\/mvz-sports.com\/fr\/wp-json\/wp\/v2\/media\/20605"}],"wp:attachment":[{"href":"https:\/\/mvz-sports.com\/fr\/wp-json\/wp\/v2\/media?parent=20602"}],"wp:term":[{"taxonomy":"category","embeddable":true,"href":"https:\/\/mvz-sports.com\/fr\/wp-json\/wp\/v2\/categories?post=20602"},{"taxonomy":"post_tag","embeddable":true,"href":"https:\/\/mvz-sports.com\/fr\/wp-json\/wp\/v2\/tags?post=20602"}],"curies":[{"name":"wp","href":"https:\/\/api.w.org\/{rel}","templated":true}]}}