{"id":20621,"date":"2025-12-16T05:02:00","date_gmt":"2025-12-16T05:02:00","guid":{"rendered":"https:\/\/mvz-sports.com\/fr\/?p=20621"},"modified":"2025-12-14T22:25:47","modified_gmt":"2025-12-14T22:25:47","slug":"govou-tranche-sur-benzema-retour-chez-les-bleus-impossible","status":"publish","type":"post","link":"https:\/\/mvz-sports.com\/fr\/football\/news\/govou-tranche-sur-benzema-retour-chez-les-bleus-impossible","title":{"rendered":"Govou tranche sur Benzema : retour chez les Bleus impossible ?"},"content":{"rendered":"\n<p class=\"wp-block-paragraph\"><strong>Karim Benzema ne ferme pas la porte \u00e0 un retour chez les Bleus pour la Coupe du monde 2026. Mais l\u2019id\u00e9e d\u2019un come-back du Ballon d\u2019Or 2022 divise. <\/strong>Ancien international et ex-co\u00e9quipier de l\u2019attaquant au sein de l\u2019<a href=\"https:\/\/mvz-sports.com\/fr\/football\/news\/l-olympique-lyonnais-recrute-une-nouvelle-pepite-pour-sa-reserve\" data-type=\"post\" data-id=\"4784\">Olympique Lyonnais<\/a>, Sidney Govou a livr\u00e9 une analyse franche sur la question.<\/p>\n\n\n\n<h2 class=\"wp-block-heading\">Un retour souhait\u00e9 par Benzema mais sem\u00e9 d\u2019emb\u00fbches<\/h2>\n\n\n\n<p class=\"wp-block-paragraph\">Install\u00e9 \u00e0 Al-Ittihad depuis 2023, <strong><a href=\"https:\/\/mvz-sports.com\/fr\/football\/news\/karim-benzema-adresse-ses-adieux-touchants-a-toni-kroos\" data-type=\"post\" data-id=\"3960\">Karim Benzema<\/a><\/strong>, 37 ans en 2026, a r\u00e9cemment d\u00e9clar\u00e9 qu\u2019il \u00e9tait pr\u00eat \u00e0 r\u00e9pondre \u00e0 un appel de <strong>Didier Deschamps<\/strong> pour disputer une derni\u00e8re Coupe du monde. Une d\u00e9claration qui relance les d\u00e9bats sur sa place potentielle au sein de l\u2019\u00e9quipe de France, d\u00e9j\u00e0 riche en talents offensifs.<\/p>\n\n\n\n<h2 class=\"wp-block-heading\">Govou souligne le niveau mais alerte sur la concurrence<\/h2>\n\n\n\n<p class=\"wp-block-paragraph\">Interrog\u00e9 par <em>L\u2019\u00c9quipe<\/em>, <strong>Sidney Govou<\/strong> n\u2019a pas tari d\u2019\u00e9loges sur les qualit\u00e9s du buteur :<br>\u00ab <em>Karim, j\u2019adore le joueur, il est d\u2019une intelligence de jeu exceptionnelle. Techniquement, il est facile. Devant le but, c\u2019est tr\u00e8s fort.<\/em> \u00bb<\/p>\n\n\n\n<p class=\"wp-block-paragraph\">Mais pour lui, la concurrence fait obstacle :<br>\u00ab <em>La France a une richesse incroyable devant. Avant m\u00eame son potentiel rappel, on se demande quel joueur on peut sortir.<\/em> \u00bb<\/p>\n\n\n\n<h2 class=\"wp-block-heading\">Une gestion d\u00e9licate pour Deschamps<\/h2>\n\n\n\n<p class=\"wp-block-paragraph\">Au-del\u00e0 du talent de Benzema, Govou met en garde sur la gestion humaine du groupe :<br>\u00ab <em>C\u2019est peut-\u00eatre compliqu\u00e9 de le mettre sur le banc. Deschamps, s\u2019il est int\u00e9ress\u00e9, doit lui parler et lui dire : \u00ab\u00a0OK, je te prends, mais es-tu pr\u00eat \u00e0 accepter ce r\u00f4le ?\u00a0\u00bb<\/em> \u00bb<\/p>\n\n\n\n<p class=\"wp-block-paragraph\">Pour l\u2019ex-international, il faut \u00e9viter une situation o\u00f9 le s\u00e9lectionneur et l\u2019attaquant seraient \u00ab <em>prisonniers l\u2019un de l\u2019autre<\/em> \u00bb. Le retour d\u2019un joueur aussi embl\u00e9matique impose un cadre clair et assum\u00e9.<\/p>\n\n\n\n<p class=\"wp-block-paragraph\"><strong>Selon vous, Karim Benzema doit-il \u00eatre rappel\u00e9 pour la Coupe du monde 2026 ? Donnez votre avis en commentaire.<\/strong><\/p>\n","protected":false},"excerpt":{"rendered":"<p>Karim Benzema ne ferme pas la porte \u00e0 un retour chez les Bleus pour la Coupe du monde 2026. Mais l\u2019id\u00e9e d\u2019un come-back du Ballon d\u2019Or 2022 divise. Ancien international et ex-co\u00e9quipier de l\u2019attaquant au sein de l\u2019Olympique Lyonnais, Sidney Govou a livr\u00e9 une analyse franche sur la question. Un retour souhait\u00e9 par Benzema mais [&hellip;]<\/p>\n","protected":false},"author":3,"featured_media":20627,"comment_status":"open","ping_status":"open","sticky":false,"template":"","format":"standard","meta":{"_acf_changed":false,"_seopress_robots_primary_cat":"none","_seopress_titles_title":"","_seopress_titles_desc":"","_seopress_robots_index":"","footnotes":""},"categories":[1],"tags":[],"class_list":["post-20621","post","type-post","status-publish","format-standard","has-post-thumbnail","hentry","category-football"],"acf":[],"_links":{"self":[{"href":"https:\/\/mvz-sports.com\/fr\/wp-json\/wp\/v2\/posts\/20621","targetHints":{"allow":["GET"]}}],"collection":[{"href":"https:\/\/mvz-sports.com\/fr\/wp-json\/wp\/v2\/posts"}],"about":[{"href":"https:\/\/mvz-sports.com\/fr\/wp-json\/wp\/v2\/types\/post"}],"author":[{"embeddable":true,"href":"https:\/\/mvz-sports.com\/fr\/wp-json\/wp\/v2\/users\/3"}],"replies":[{"embeddable":true,"href":"https:\/\/mvz-sports.com\/fr\/wp-json\/wp\/v2\/comments?post=20621"}],"version-history":[{"count":0,"href":"https:\/\/mvz-sports.com\/fr\/wp-json\/wp\/v2\/posts\/20621\/revisions"}],"wp:featuredmedia":[{"embeddable":true,"href":"https:\/\/mvz-sports.com\/fr\/wp-json\/wp\/v2\/media\/20627"}],"wp:attachment":[{"href":"https:\/\/mvz-sports.com\/fr\/wp-json\/wp\/v2\/media?parent=20621"}],"wp:term":[{"taxonomy":"category","embeddable":true,"href":"https:\/\/mvz-sports.com\/fr\/wp-json\/wp\/v2\/categories?post=20621"},{"taxonomy":"post_tag","embeddable":true,"href":"https:\/\/mvz-sports.com\/fr\/wp-json\/wp\/v2\/tags?post=20621"}],"curies":[{"name":"wp","href":"https:\/\/api.w.org\/{rel}","templated":true}]}}