{"id":34989,"date":"2026-01-06T06:46:52","date_gmt":"2026-01-06T05:46:52","guid":{"rendered":"https:\/\/mvz-sports.com\/fr\/?p=34989"},"modified":"2026-01-06T06:47:54","modified_gmt":"2026-01-06T05:47:54","slug":"vire-apres-ses-declarations-ruben-amorim-quitte-manchester-united-dans-la-tourmente","status":"publish","type":"post","link":"https:\/\/mvz-sports.com\/fr\/football\/news\/vire-apres-ses-declarations-ruben-amorim-quitte-manchester-united-dans-la-tourmente","title":{"rendered":"Vir\u00e9 apr\u00e8s ses d\u00e9clarations, Ruben Amorim quitte Manchester United dans la tourmente"},"content":{"rendered":"\n<p class=\"wp-block-paragraph\"><strong>Manchester United a brutalement mis fin au contrat de Ruben Amorim apr\u00e8s des propos jug\u00e9s d\u00e9plac\u00e9s. Un limogeage express qui en dit long sur le climat interne.<\/strong> <\/p>\n\n\n\n<p class=\"wp-block-paragraph\">\u00c0 peine 14 mois apr\u00e8s son arriv\u00e9e \u00e0 <strong><a href=\"https:\/\/mvz-sports.com\/fr\/football\/clubs\/manchester-united\">Manchester United<\/a><\/strong>, Ruben Amorim est remerci\u00e9 par la direction du club. Une d\u00e9claration controvers\u00e9e en conf\u00e9rence de presse a pr\u00e9cipit\u00e9 sa chute, alors que les tensions avec le directeur du football Jason Wilcox \u00e9taient d\u00e9j\u00e0 palpables. Le coach portugais, en d\u00e9saccord strat\u00e9gique et agac\u00e9 par son statut, a vu sa position devenir intenable. Retour sur un divorce in\u00e9vitable entre ambition et r\u00e9alit\u00e9 mancunienne.<\/p>\n\n\n\n<h2 class=\"wp-block-heading\">Des propos de trop face aux cam\u00e9ras<\/h2>\n\n\n\n<p class=\"wp-block-paragraph\">Lors de sa derni\u00e8re sortie m\u00e9diatique, Ruben Amorim a tenu \u00e0 <strong>clarifier son statut<\/strong> : \u00ab Je suis venu ici pour \u00eatre le manager de Manchester United, pas pour \u00eatre son entra\u00eeneur. \u00bb Une phrase lourde de sens, qui traduit son <strong>agacement vis-\u00e0-vis du manque d\u2019autorit\u00e9<\/strong> sur les d\u00e9cisions sportives. En pointant directement le conseil d\u2019administration et en se pla\u00e7ant en victime, il a franchi une ligne rouge que le club n\u2019a pas voulu tol\u00e9rer.<\/p>\n\n\n\n<h2 class=\"wp-block-heading\">Des tensions internes avec la direction<\/h2>\n\n\n\n<p class=\"wp-block-paragraph\">Les d\u00e9saccords entre Ruben Amorim et Jason Wilcox, directeur du <a href=\"https:\/\/mvz-sports.com\/fr\/football\" data-type=\"category\" data-id=\"1\">football<\/a>, s\u2019accumulaient depuis plusieurs mois. Que ce soit sur le <strong>mercato hivernal<\/strong>, les besoins de l\u2019\u00e9quipe ou les choix tactiques, les deux hommes n\u2019\u00e9taient plus align\u00e9s. L&rsquo;expression publique de cette fracture a fini de sceller le sort du Portugais. \u00c0 Manchester United, les divergences internes peuvent vite devenir explosives lorsqu\u2019elles s\u2019affichent sur la place publique.<\/p>\n\n\n\n<figure class=\"wp-block-embed is-type-rich is-provider-twitter wp-block-embed-twitter\"><div class=\"wp-block-embed__wrapper\">\n<blockquote class=\"twitter-tweet\" data-width=\"550\" data-dnt=\"true\"><p lang=\"en\" dir=\"ltr\">Club statement: Ruben Amorim.<\/p>&mdash; Manchester United (@ManUtd) <a href=\"https:\/\/twitter.com\/ManUtd\/status\/2008119055945723952?ref_src=twsrc%5Etfw\">January 5, 2026<\/a><\/blockquote><script async src=\"https:\/\/platform.twitter.com\/widgets.js\" charset=\"utf-8\"><\/script>\n<\/div><\/figure>\n\n\n\n<h2 class=\"wp-block-heading\">Une exp\u00e9rience qui n\u2019a jamais convaincu<\/h2>\n\n\n\n<p class=\"wp-block-paragraph\">Recrut\u00e9 apr\u00e8s un passage r\u00e9ussi au <strong><a href=\"https:\/\/mvz-sports.com\/fr\/football\/clubs\/sporting-cp\" data-type=\"club\" data-id=\"34334\">Sporting CP<\/a><\/strong>, Ruben Amorim incarnait l\u2019espoir d\u2019un <strong>renouveau tactique<\/strong>. Mais son syst\u00e8me en 3-4-3 a pein\u00e9 \u00e0 convaincre en Premier League. En 63 matches, seulement 24 victoires ont \u00e9t\u00e9 enregistr\u00e9es. Trop peu pour une \u00e9quipe de ce standing. Sa philosophie de jeu s\u2019est souvent heurt\u00e9e au manque de r\u00e9sultats, au point de cr\u00e9er un malaise croissant dans le vestiaire comme en tribune.<\/p>\n\n\n\n<h2 class=\"wp-block-heading\">Le mercato n\u2019a pas suffi \u00e0 redresser la barre<\/h2>\n\n\n\n<p class=\"wp-block-paragraph\">Malgr\u00e9 les arriv\u00e9es de <strong><a href=\"https:\/\/mvz-sports.com\/fr\/football\/players\/bryan-tetsadong-marceau-mbeumo\" data-type=\"joueur\" data-id=\"13684\">Mbeumo<\/a><\/strong> et <strong>Cunha<\/strong>, cens\u00e9es renforcer l\u2019animation offensive, le club a gliss\u00e9 dans les profondeurs du classement. Manchester United occupe actuellement la <strong>sixi\u00e8me place<\/strong> de <a href=\"https:\/\/mvz-sports.com\/fr\/football\/competitions\/premier-league\" data-type=\"competition\" data-id=\"3178\">Premier League<\/a>, bien loin des ambitions affich\u00e9es. La direction esp\u00e9rait un rebond, mais les r\u00e9sultats n\u2019ont pas suivi. En coulisses, Amorim semblait d\u00e9j\u00e0 <strong>attendre la fin de son contrat<\/strong>, preuve d\u2019un d\u00e9tachement progressif.<\/p>\n\n\n\n<h2 class=\"wp-block-heading\">Conclusion<\/h2>\n\n\n\n<p class=\"wp-block-paragraph\">Le d\u00e9part de Ruben Amorim marque la fin d\u2019un <strong>pari manqu\u00e9<\/strong> pour Manchester United. Son passage n\u2019aura jamais su cr\u00e9er l\u2019\u00e9lan esp\u00e9r\u00e9. <strong>Pensez-vous que le club a pris la bonne d\u00e9cision ?<\/strong> Votre avis nous int\u00e9resse : partagez-le en commentaire et votez pour dire si ce limogeage vous semble justifi\u00e9 ou pr\u00e9cipit\u00e9.<\/p>\n","protected":false},"excerpt":{"rendered":"<p>Manchester United a brutalement mis fin au contrat de Ruben Amorim apr\u00e8s des propos jug\u00e9s d\u00e9plac\u00e9s. Un limogeage express qui en dit long sur le climat interne. \u00c0 peine 14 mois apr\u00e8s son arriv\u00e9e \u00e0 Manchester United, Ruben Amorim est remerci\u00e9 par la direction du club. Une d\u00e9claration controvers\u00e9e en conf\u00e9rence de presse a pr\u00e9cipit\u00e9 [&hellip;]<\/p>\n","protected":false},"author":3,"featured_media":34996,"comment_status":"open","ping_status":"open","sticky":false,"template":"","format":"standard","meta":{"_acf_changed":false,"_seopress_robots_primary_cat":"none","_seopress_titles_title":"","_seopress_titles_desc":"","_seopress_robots_index":"","footnotes":""},"categories":[1],"tags":[],"class_list":["post-34989","post","type-post","status-publish","format-standard","has-post-thumbnail","hentry","category-football"],"acf":[],"_links":{"self":[{"href":"https:\/\/mvz-sports.com\/fr\/wp-json\/wp\/v2\/posts\/34989","targetHints":{"allow":["GET"]}}],"collection":[{"href":"https:\/\/mvz-sports.com\/fr\/wp-json\/wp\/v2\/posts"}],"about":[{"href":"https:\/\/mvz-sports.com\/fr\/wp-json\/wp\/v2\/types\/post"}],"author":[{"embeddable":true,"href":"https:\/\/mvz-sports.com\/fr\/wp-json\/wp\/v2\/users\/3"}],"replies":[{"embeddable":true,"href":"https:\/\/mvz-sports.com\/fr\/wp-json\/wp\/v2\/comments?post=34989"}],"version-history":[{"count":0,"href":"https:\/\/mvz-sports.com\/fr\/wp-json\/wp\/v2\/posts\/34989\/revisions"}],"wp:featuredmedia":[{"embeddable":true,"href":"https:\/\/mvz-sports.com\/fr\/wp-json\/wp\/v2\/media\/34996"}],"wp:attachment":[{"href":"https:\/\/mvz-sports.com\/fr\/wp-json\/wp\/v2\/media?parent=34989"}],"wp:term":[{"taxonomy":"category","embeddable":true,"href":"https:\/\/mvz-sports.com\/fr\/wp-json\/wp\/v2\/categories?post=34989"},{"taxonomy":"post_tag","embeddable":true,"href":"https:\/\/mvz-sports.com\/fr\/wp-json\/wp\/v2\/tags?post=34989"}],"curies":[{"name":"wp","href":"https:\/\/api.w.org\/{rel}","templated":true}]}}