{"id":36381,"date":"2026-01-12T12:01:00","date_gmt":"2026-01-12T11:01:00","guid":{"rendered":"https:\/\/mvz-sports.com\/fr\/?p=36381"},"modified":"2026-01-12T11:48:39","modified_gmt":"2026-01-12T10:48:39","slug":"bien-mieux-que-ce-que-jimaginais-la-pepite-endrick-sadapte-parfaitement-au-rythme-lyonnais-avec-un-premier-match-etincelant","status":"publish","type":"post","link":"https:\/\/mvz-sports.com\/fr\/football\/news\/bien-mieux-que-ce-que-jimaginais-la-pepite-endrick-sadapte-parfaitement-au-rythme-lyonnais-avec-un-premier-match-etincelant","title":{"rendered":"\u00ab\u00a0Bien mieux que ce que j&rsquo;imaginais&#8230;\u00a0\u00bb la p\u00e9pite Endrick s&rsquo;adapte parfaitement au rythme Lyonnais avec un premier match \u00e9tincelant"},"content":{"rendered":"\n<p><strong>Endrick, le jeune prodige br\u00e9silien de l&rsquo;Olympique Lyonnais, exprime sa joie apr\u00e8s avoir marqu\u00e9 son premier but, marquant le d\u00e9but d&rsquo;une nouvelle aventure sous ses nouvelles couleurs.<\/strong><\/p>\n\n\n\n<p>Lors de son bapt\u00eame du feu avec l&rsquo;Olympique Lyonnais, <a href=\"https:\/\/mvz-sports.com\/fr\/football\/players\/endrick-felipe-moreira-de-sousa\">Endrick<\/a> s&rsquo;est montr\u00e9 \u00e0 la hauteur des attentes. Titulaire pour la premi\u00e8re fois, le jeune attaquant a non seulement contribu\u00e9 \u00e0 la victoire de son \u00e9quipe en Coupe de France, mais a \u00e9galement inscrit son premier but, promettant une carri\u00e8re prometteuse au sein du club.<\/p>\n\n\n\n<h3 class=\"wp-block-heading\"><strong>Un Match R\u00e9ussi<\/strong><\/h3>\n\n\n\n<p>Align\u00e9 d\u00e8s le d\u00e9but, Endrick a d\u00e9montr\u00e9 sa vitalit\u00e9 et son engagement sur le terrain face \u00e0 Lille. D\u00e8s les premi\u00e8res minutes, il a su se rendre dangereux, avec une frappe \u00e9clatante qui a fr\u00f4l\u00e9 l&rsquo;ouverture du score. \u00c0 la 43e minute, il a enfin \u00e9t\u00e9 r\u00e9compens\u00e9 pour sa pers\u00e9v\u00e9rance en marquant un but d\u00e9cisif gr\u00e2ce \u00e0 une passe astucieuse de son capitaine, <a href=\"https:\/\/mvz-sports.com\/fr\/football\/players\/corentin-tolisso\">Corentin Tolisso<\/a>. Cette r\u00e9alisation a permis \u00e0 Lyon de l&#8217;emporter 2-1, les propulsant ainsi en huiti\u00e8mes de finale du <a href=\"https:\/\/mvz-sports.com\/fr\/football\">football<\/a> lors  de la Coupe de France.<\/p>\n\n\n\n<figure class=\"wp-block-embed is-type-rich is-provider-twitter wp-block-embed-twitter\"><div class=\"wp-block-embed__wrapper\">\n<blockquote class=\"twitter-tweet\" data-width=\"550\" data-dnt=\"true\"><p lang=\"fr\" dir=\"ltr\">[\ud83d\udcfa LIVE] \ud83c\uddeb\ud83c\uddf7 <a href=\"https:\/\/twitter.com\/hashtag\/CoupedeFrance?src=hash&amp;ref_src=twsrc%5Etfw\">#CoupedeFrance<\/a><br>\ud83c\udf99\ufe0f Endrick est \u00e0 notre micro apr\u00e8s son premier but sous le maillot de l&#39;Olympique Lyonnais ! <a href=\"https:\/\/t.co\/IDDbDshY4u\">pic.twitter.com\/IDDbDshY4u<\/a><\/p>&mdash; beIN SPORTS (@beinsports_FR) <a href=\"https:\/\/twitter.com\/beinsports_FR\/status\/2010475837737300449?ref_src=twsrc%5Etfw\">January 11, 2026<\/a><\/blockquote><script async src=\"https:\/\/platform.twitter.com\/widgets.js\" charset=\"utf-8\"><\/script>\n<\/div><\/figure>\n\n\n\n<h3 class=\"wp-block-heading\"><strong>Un Message de Confiance<\/strong><\/h3>\n\n\n\n<p>Endrick, arriv\u00e9 en pr\u00eat du <a href=\"https:\/\/mvz-sports.com\/fr\/football\/clubs\/real-madrid\">Real Madrid<\/a>, n&rsquo;a pas laiss\u00e9 l&rsquo;enjeu l\u2019affecter. Son dynamisme sur le terrain et sa personnalit\u00e9 affable ont imm\u00e9diatement conquis les supporters. Apr\u00e8s le match, au micro de BeIN Sports, il a partag\u00e9 sa joie : \u00ab Je suis tr\u00e8s heureux. C&rsquo;\u00e9tait mon premier match, premier but. Le plus important, c&rsquo;est cette victoire \u00bb. Son discours, empreint de maturit\u00e9, montre une grande d\u00e9termination et un d\u00e9sir d&rsquo;int\u00e9gration au sein de l&rsquo;\u00e9quipe.<\/p>\n\n\n\n<h3 class=\"wp-block-heading\"><strong>Un Avenir Prometteur<\/strong><\/h3>\n\n\n\n<p>Endrick a soulign\u00e9 l&rsquo;importance de l&rsquo;\u00e9quipe dans son d\u00e9veloppement personnel, exprimant son engagement \u00e0 contribuer de toutes les mani\u00e8res possibles. \u00ab Je veux aider l&rsquo;\u00e9quipe \u00e0 tous les niveaux \u00bb, a-t-il affirm\u00e9, tout en remerciant ses co\u00e9quipiers et le staff pour leur accueil chaleureux. Son int\u00e9gration rapide et sa volont\u00e9 de se surpasser laissent entrevoir un avenir radieux pour ce jeune talent au sein de l&rsquo;<a href=\"https:\/\/mvz-sports.com\/fr\/football\/clubs\/lyon\">OL<\/a>.<\/p>\n\n\n\n<p>Avec ce premier but et une performance encourageante, Endrick a marqu\u00e9 le d\u00e9but d&rsquo;une nouvelle page dans sa carri\u00e8re. Ses r\u00e9sultats avec l&rsquo;Olympique Lyonnais promettent de faire de lui un atout majeur pour l\u2019\u00e9quipe. Fid\u00e8le \u00e0 son ambition, il semble d\u00e9termin\u00e9 \u00e0 s&rsquo;\u00e9panouir sous le maillot lyonnais, alliant performance individuelle et esprit d&rsquo;\u00e9quipe.<\/p>\n","protected":false},"excerpt":{"rendered":"<p>Endrick, le jeune prodige br\u00e9silien de l&rsquo;Olympique Lyonnais, exprime sa joie apr\u00e8s avoir marqu\u00e9 son premier but, marquant le d\u00e9but d&rsquo;une nouvelle aventure sous ses nouvelles couleurs. Lors de son bapt\u00eame du feu avec l&rsquo;Olympique Lyonnais, Endrick s&rsquo;est montr\u00e9 \u00e0 la hauteur des attentes. Titulaire pour la premi\u00e8re fois, le jeune attaquant a non seulement [&hellip;]<\/p>\n","protected":false},"author":2,"featured_media":36389,"comment_status":"open","ping_status":"open","sticky":false,"template":"","format":"standard","meta":{"_acf_changed":false,"_seopress_robots_primary_cat":"none","_seopress_titles_title":"","_seopress_titles_desc":"","_seopress_robots_index":"","footnotes":""},"categories":[1],"tags":[],"class_list":["post-36381","post","type-post","status-publish","format-standard","has-post-thumbnail","hentry","category-football"],"acf":[],"_links":{"self":[{"href":"https:\/\/mvz-sports.com\/fr\/wp-json\/wp\/v2\/posts\/36381","targetHints":{"allow":["GET"]}}],"collection":[{"href":"https:\/\/mvz-sports.com\/fr\/wp-json\/wp\/v2\/posts"}],"about":[{"href":"https:\/\/mvz-sports.com\/fr\/wp-json\/wp\/v2\/types\/post"}],"author":[{"embeddable":true,"href":"https:\/\/mvz-sports.com\/fr\/wp-json\/wp\/v2\/users\/2"}],"replies":[{"embeddable":true,"href":"https:\/\/mvz-sports.com\/fr\/wp-json\/wp\/v2\/comments?post=36381"}],"version-history":[{"count":0,"href":"https:\/\/mvz-sports.com\/fr\/wp-json\/wp\/v2\/posts\/36381\/revisions"}],"wp:featuredmedia":[{"embeddable":true,"href":"https:\/\/mvz-sports.com\/fr\/wp-json\/wp\/v2\/media\/36389"}],"wp:attachment":[{"href":"https:\/\/mvz-sports.com\/fr\/wp-json\/wp\/v2\/media?parent=36381"}],"wp:term":[{"taxonomy":"category","embeddable":true,"href":"https:\/\/mvz-sports.com\/fr\/wp-json\/wp\/v2\/categories?post=36381"},{"taxonomy":"post_tag","embeddable":true,"href":"https:\/\/mvz-sports.com\/fr\/wp-json\/wp\/v2\/tags?post=36381"}],"curies":[{"name":"wp","href":"https:\/\/api.w.org\/{rel}","templated":true}]}}