{"id":3641,"date":"2024-04-20T16:07:00","date_gmt":"2024-04-20T16:07:00","guid":{"rendered":"https:\/\/mvz-sports.com\/fr\/football\/news\/fr-football-news-kylian-mbappe-avait-promis-a-nasser-al-khelaifi-de-rester-au-psg"},"modified":"2025-12-12T09:12:58","modified_gmt":"2025-12-12T09:12:58","slug":"kylian-mbappe-avait-promis-a-nasser-al-khelaifi-de-rester-au-psg","status":"publish","type":"post","link":"https:\/\/mvz-sports.com\/fr\/football\/news\/kylian-mbappe-avait-promis-a-nasser-al-khelaifi-de-rester-au-psg","title":{"rendered":"Kylian Mbapp\u00e9 avait promis \u00e0 Nasser Al-Khela\u00effi de rester au PSG"},"content":{"rendered":"<p>\u00c0 l&rsquo;approche du match PSG-<a href=\"https:\/\/mvz-sports.com\/fr\/football\/teams\/fc-lorient\">Lorient<\/a> l&rsquo;\u00e9t\u00e9 dernier, un \u00e9v\u00e9nement cl\u00e9 a marqu\u00e9 les coulisses du <a href=\"https:\/\/mvz-sports.com\/fr\/football\/teams\/psg\">Paris Saint-Germain<\/a>. <a href=\"https:\/\/mvz-sports.com\/fr\/football\/players\/kylian-mbappe\">Kylian Mbapp\u00e9<\/a> avait promis \u00e0 Nasser Al-Khela\u00effi, le pr\u00e9sident du club, de prolonger son contrat avec le club parisien. Cette assurance a \u00e9t\u00e9 d\u00e9terminante pour sa r\u00e9int\u00e9gration rapide dans l&rsquo;\u00e9quipe premi\u00e8re, suite \u00e0 des p\u00e9riodes d&rsquo;incertitudes concernant son avenir au club.<\/p>\n<h2>La d\u00e9ception de la direction<\/h2>\n<div class=\"column column-2\">\n<div>\n<p>Cependant, cette promesse de prolongation n&rsquo;a jamais \u00e9t\u00e9 concr\u00e9tis\u00e9e, une situation qui a provoqu\u00e9 une grande d\u00e9ception au sein de la direction du PSG. <a href=\"https:\/\/fr.wikipedia.org\/wiki\/Nasser_al-Khela%C3%AFfi\">Nasser Al-Khela\u00effi<\/a>, en particulier, a \u00e9t\u00e9 tr\u00e8s affect\u00e9 par cette promesse non tenue, la percevant comme un manque de loyaut\u00e9 de la part de l&rsquo;attaquant star. Cette affaire a jet\u00e9 une ombre sur la relation entre le joueur et les hautes sph\u00e8res du club, introduisant une tension palpable qui pourrait influencer les dynamiques futures au sein du PSG.<\/p>\n<\/div>\n<div>\n<\/div>\n<\/div>\n<h3>FAQ :<\/h3>\n<p>&#8211; Quelle promesse Kylian Mbapp\u00e9 a-t-il faite \u00e0 Nasser Al-Khela\u00effi ?<br \/>\nMbapp\u00e9 avait promis de prolonger son contrat avec le PSG.<br \/>\n&#8211; Pourquoi la promesse non tenue de Mbapp\u00e9 a-t-elle \u00e9t\u00e9 mal v\u00e9cue par le pr\u00e9sident du PSG ?<br \/>\nLa non-r\u00e9alisation de cette promesse a \u00e9t\u00e9 per\u00e7ue comme un manque de loyaut\u00e9 et de fiabilit\u00e9.<br \/>\n&#8211; Quelles pourraient \u00eatre les cons\u00e9quences de cette situation pour le PSG ?<br \/>\nCette affaire pourrait influencer la confiance et la strat\u00e9gie du club en mati\u00e8re de gestion des contrats et des relations avec les joueurs.<\/p>\n","protected":false},"excerpt":{"rendered":"<p>\u00c0 l&rsquo;approche du match PSG-Lorient l&rsquo;\u00e9t\u00e9 dernier, un \u00e9v\u00e9nement cl\u00e9 a marqu\u00e9 les coulisses du Paris Saint-Germain. Kylian Mbapp\u00e9 avait promis \u00e0 Nasser Al-Khela\u00effi, le pr\u00e9sident du club, de prolonger son contrat avec le club parisien. Cette assurance a \u00e9t\u00e9 d\u00e9terminante pour sa r\u00e9int\u00e9gration rapide dans l&rsquo;\u00e9quipe premi\u00e8re, suite \u00e0 des p\u00e9riodes d&rsquo;incertitudes concernant son [&hellip;]<\/p>\n","protected":false},"author":1,"featured_media":0,"comment_status":"open","ping_status":"open","sticky":false,"template":"","format":"standard","meta":{"_acf_changed":false,"_seopress_robots_primary_cat":"","_seopress_titles_title":"Tensions au PSG : Kylian Mbapp\u00e9 et sa promesse non tenue","_seopress_titles_desc":"D\u00e9couvrez les d\u00e9tails de la promesse non tenue de Kylian Mbapp\u00e9 envers le pr\u00e9sident du PSG, Nasser Al-Khela\u00effi, et les tensions qu'elle a engendr\u00e9es.","_seopress_robots_index":"","footnotes":""},"categories":[1],"tags":[],"class_list":["post-3641","post","type-post","status-publish","format-standard","hentry","category-football"],"acf":[],"_links":{"self":[{"href":"https:\/\/mvz-sports.com\/fr\/wp-json\/wp\/v2\/posts\/3641","targetHints":{"allow":["GET"]}}],"collection":[{"href":"https:\/\/mvz-sports.com\/fr\/wp-json\/wp\/v2\/posts"}],"about":[{"href":"https:\/\/mvz-sports.com\/fr\/wp-json\/wp\/v2\/types\/post"}],"author":[{"embeddable":true,"href":"https:\/\/mvz-sports.com\/fr\/wp-json\/wp\/v2\/users\/1"}],"replies":[{"embeddable":true,"href":"https:\/\/mvz-sports.com\/fr\/wp-json\/wp\/v2\/comments?post=3641"}],"version-history":[{"count":0,"href":"https:\/\/mvz-sports.com\/fr\/wp-json\/wp\/v2\/posts\/3641\/revisions"}],"wp:attachment":[{"href":"https:\/\/mvz-sports.com\/fr\/wp-json\/wp\/v2\/media?parent=3641"}],"wp:term":[{"taxonomy":"category","embeddable":true,"href":"https:\/\/mvz-sports.com\/fr\/wp-json\/wp\/v2\/categories?post=3641"},{"taxonomy":"post_tag","embeddable":true,"href":"https:\/\/mvz-sports.com\/fr\/wp-json\/wp\/v2\/tags?post=3641"}],"curies":[{"name":"wp","href":"https:\/\/api.w.org\/{rel}","templated":true}]}}