{"id":37289,"date":"2026-01-21T06:02:00","date_gmt":"2026-01-21T05:02:00","guid":{"rendered":"https:\/\/mvz-sports.com\/fr\/?p=37289"},"modified":"2026-01-20T21:00:20","modified_gmt":"2026-01-20T20:00:20","slug":"deal-paramount-mcgregor-declare-son-contrat-ufc-annule-et-vise-la-white-house-card","status":"publish","type":"post","link":"https:\/\/mvz-sports.com\/fr\/mma\/news\/deal-paramount-mcgregor-declare-son-contrat-ufc-annule-et-vise-la-white-house-card","title":{"rendered":"Deal Paramount : McGregor d\u00e9clare son contrat UFC \u201cannul\u00e9\u201d et vise la White House Card"},"content":{"rendered":"\n<p>Conor McGregor estime que le nouveau contrat de diffusion sign\u00e9 entre l\u2019UFC et Paramount rend son engagement actuel obsol\u00e8te. L\u2019Irlandais annonce l\u2019ouverture de nouvelles n\u00e9gociations en vue d\u2019un retour tr\u00e8s m\u00e9diatis\u00e9, possiblement lors d\u2019un \u00e9v\u00e9nement historique \u00e0 la Maison-Blanche.<\/p>\n\n\n\n<p>Absent de l\u2019octogone depuis pr\u00e8s de cinq ans, Conor McGregor n\u2019a rien perdu de son sens de la mise en sc\u00e8ne. Cette semaine, l\u2019ancienne superstar de l\u2019UFC a cr\u00e9\u00e9 la surprise en affirmant publiquement que son contrat avec l\u2019organisation n\u2019\u00e9tait plus valable. En cause : le changement de mod\u00e8le \u00e9conomique li\u00e9 au nouvel accord de diffusion entre l\u2019<a href=\"https:\/\/mvz-sports.com\/fr\/mma\/organizations\/ufc\">UFC<\/a> et Paramount, qui met fin au syst\u00e8me traditionnel du pay-per-view.<\/p>\n\n\n\n<h2 class=\"wp-block-heading\">Un changement de diffusion au c\u0153ur du conflit<\/h2>\n\n\n\n<p>Lors d\u2019un live stream, McGregor a expliqu\u00e9 que son contrat reposait essentiellement sur les revenus g\u00e9n\u00e9r\u00e9s par les ventes de pay-per-view, un mod\u00e8le qui n\u2019existerait plus dans le cadre du nouvel accord \u00e9valu\u00e9 \u00e0 7,7 milliards de dollars avec Paramount.<\/p>\n\n\n\n<p>Selon lui, cette \u00e9volution invalide automatiquement les termes de son engagement actuel. \u00ab Je suis le combattant qui a g\u00e9n\u00e9r\u00e9 le plus de PPV de l\u2019histoire \u00bb, a-t-il rappel\u00e9, estimant \u00eatre d\u00e9sormais en droit de ren\u00e9gocier un nouveau contrat, plus adapt\u00e9 \u00e0 cette nouvelle \u00e8re \u00e9conomique de l\u2019UFC.<\/p>\n\n\n\n<h2 class=\"wp-block-heading\">Une strat\u00e9gie de n\u00e9gociation assum\u00e9e<\/h2>\n\n\n\n<p>Officiellement, McGregor dispose encore de deux combats \u00e0 honorer dans son contrat actuel. Reste \u00e0 savoir si ses d\u00e9clarations rel\u00e8vent d\u2019un r\u00e9el fondement juridique ou d\u2019une man\u0153uvre de n\u00e9gociation bien rod\u00e9e.<\/p>\n\n\n\n<p>Quoi qu\u2019il en soit, l\u2019Irlandais a confirm\u00e9 que des discussions avec l\u2019UFC d\u00e9buteront en f\u00e9vrier. Il se dit particuli\u00e8rement int\u00e9ress\u00e9 par un retour lors d\u2019une carte exceptionnelle pr\u00e9vue \u00e0 la Maison-Blanche, un \u00e9v\u00e9nement que Dana White a confirm\u00e9 vouloir organiser \u00e0 l\u2019\u00e9t\u00e9 2026.<\/p>\n\n\n\n<h2 class=\"wp-block-heading\">Un retour sportif encore entour\u00e9 d\u2019incertitudes<\/h2>\n\n\n\n<p>Sur le plan sportif, Conor McGregor assure \u00eatre pleinement concentr\u00e9 sur sa pr\u00e9paration. Blessures, rumeurs et critiques ext\u00e9rieures seraient mises de c\u00f4t\u00e9 au profit d\u2019un retour m\u00e9thodique \u00e0 l\u2019entra\u00eenement.<\/p>\n\n\n\n<p>Son dernier combat <a href=\"https:\/\/mvz-sports.com\/fr\/mma\">MMA<\/a> remonte \u00e0 juillet 2021, lorsqu\u2019il s\u2019\u00e9tait gravement bless\u00e9 \u00e0 la jambe face \u00e0 <a href=\"https:\/\/mvz-sports.com\/fr\/mma\/fighters\/dustin-poirier\">Dustin Poirier<\/a>. Un retour \u00e9tait envisag\u00e9 en 2025, mais une nouvelle blessure avait contraint le combattant \u00e0 d\u00e9clarer forfait. Depuis, son avenir dans l\u2019octogone reste sujet \u00e0 d\u00e9bat.<\/p>\n\n\n\n<p>Entre coup de communication et v\u00e9ritable bras de fer contractuel, Conor McGregor relance une fois de plus le feuilleton de son retour. Le nouveau partenariat entre l\u2019UFC et Paramount pourrait rebattre les cartes, tant sur le plan \u00e9conomique que sportif. Reste d\u00e9sormais \u00e0 voir si les n\u00e9gociations annonc\u00e9es d\u00e9boucheront sur un accord\u2026 et surtout sur un retour effectif du \u201cNotorious\u201d dans la cage.<\/p>\n\n\n\n<p><\/p>\n","protected":false},"excerpt":{"rendered":"<p>Conor McGregor estime que le nouveau contrat de diffusion sign\u00e9 entre l\u2019UFC et Paramount rend son engagement actuel obsol\u00e8te. L\u2019Irlandais annonce l\u2019ouverture de nouvelles n\u00e9gociations en vue d\u2019un retour tr\u00e8s m\u00e9diatis\u00e9, possiblement lors d\u2019un \u00e9v\u00e9nement historique \u00e0 la Maison-Blanche. Absent de l\u2019octogone depuis pr\u00e8s de cinq ans, Conor McGregor n\u2019a rien perdu de son sens [&hellip;]<\/p>\n","protected":false},"author":2,"featured_media":37292,"comment_status":"open","ping_status":"open","sticky":false,"template":"","format":"standard","meta":{"_acf_changed":false,"_seopress_robots_primary_cat":"none","_seopress_titles_title":"","_seopress_titles_desc":"","_seopress_robots_index":"","footnotes":""},"categories":[9],"tags":[],"class_list":["post-37289","post","type-post","status-publish","format-standard","has-post-thumbnail","hentry","category-mma"],"acf":[],"_links":{"self":[{"href":"https:\/\/mvz-sports.com\/fr\/wp-json\/wp\/v2\/posts\/37289","targetHints":{"allow":["GET"]}}],"collection":[{"href":"https:\/\/mvz-sports.com\/fr\/wp-json\/wp\/v2\/posts"}],"about":[{"href":"https:\/\/mvz-sports.com\/fr\/wp-json\/wp\/v2\/types\/post"}],"author":[{"embeddable":true,"href":"https:\/\/mvz-sports.com\/fr\/wp-json\/wp\/v2\/users\/2"}],"replies":[{"embeddable":true,"href":"https:\/\/mvz-sports.com\/fr\/wp-json\/wp\/v2\/comments?post=37289"}],"version-history":[{"count":0,"href":"https:\/\/mvz-sports.com\/fr\/wp-json\/wp\/v2\/posts\/37289\/revisions"}],"wp:featuredmedia":[{"embeddable":true,"href":"https:\/\/mvz-sports.com\/fr\/wp-json\/wp\/v2\/media\/37292"}],"wp:attachment":[{"href":"https:\/\/mvz-sports.com\/fr\/wp-json\/wp\/v2\/media?parent=37289"}],"wp:term":[{"taxonomy":"category","embeddable":true,"href":"https:\/\/mvz-sports.com\/fr\/wp-json\/wp\/v2\/categories?post=37289"},{"taxonomy":"post_tag","embeddable":true,"href":"https:\/\/mvz-sports.com\/fr\/wp-json\/wp\/v2\/tags?post=37289"}],"curies":[{"name":"wp","href":"https:\/\/api.w.org\/{rel}","templated":true}]}}