{"id":3811,"date":"2024-05-11T14:02:00","date_gmt":"2024-05-11T14:02:00","guid":{"rendered":"https:\/\/mvz-sports.com\/fr\/football\/news\/fr-football-news-paulo-fonseca-dement-son-arrivee-a-lom-et-reste-concentre-sur-lille"},"modified":"2025-12-12T09:13:02","modified_gmt":"2025-12-12T09:13:02","slug":"paulo-fonseca-dement-son-arrivee-a-lom-et-reste-concentre-sur-lille","status":"publish","type":"post","link":"https:\/\/mvz-sports.com\/fr\/football\/news\/paulo-fonseca-dement-son-arrivee-a-lom-et-reste-concentre-sur-lille","title":{"rendered":"Paulo Fonseca d\u00e9ment son arriv\u00e9e \u00e0 l&rsquo;OM et reste concentr\u00e9 sur Lille"},"content":{"rendered":"<p>Alors que la fin de saison approche, l&rsquo;avenir de Paulo Fonseca reste envelopp\u00e9 d&rsquo;incertitude. L&rsquo;entra\u00eeneur portugais, dont le contrat avec <a href=\"https:\/\/mvz-sports.com\/fr\/football\/teams\/losc-lille\">Lille<\/a> expire en juin, se trouve au c\u0153ur de sp\u00e9culations intenses le liant \u00e0 l&rsquo;<a href=\"https:\/\/mvz-sports.com\/fr\/football\/teams\/om\">Olympique de Marseille<\/a> et \u00e0 l&rsquo;<a href=\"https:\/\/mvz-sports.com\/fr\/football\/teams\/ac-milan\">AC Milan<\/a>. Ces rumeurs ont \u00e9t\u00e9 suffisamment s\u00e9rieuses pour que Fonseca lui-m\u00eame prenne la parole et clarifie sa position.<\/p>\n<h2>Des d\u00e9clarations qui calment les ardeurs<\/h2>\n<div class=\"column column-2\">\n<div>\n<p>Face aux informations circulant sur un potentiel <a href=\"https:\/\/mvz-sports.com\/fr\/football\/news\/lom-accelere-sa-quete-dun-nouvel-entraineur-privilegiant-un-profil\">accord avec l&rsquo;Olympique de Marseille<\/a>, Paulo Fonseca a \u00e9t\u00e9 cat\u00e9gorique : \u00ab\u00a0Ce qui est sorti hier, ce n&rsquo;est pas vrai. Je ne sais pas qui a parl\u00e9, mais ce n&rsquo;est pas vrai.\u00a0\u00bb Ces mots, fermes et directs, visent \u00e0 mettre fin aux sp\u00e9culations imm\u00e9diates concernant son d\u00e9part imminent. L&rsquo;entra\u00eeneur insiste sur le fait qu&rsquo;il n&rsquo;a aucun accord en place avec un autre club et se dit \u00ab\u00a0totalement concentr\u00e9 sur nos deux derniers matchs.\u00a0\u00bb<\/p>\n<\/div>\n<div>\n<\/div>\n<\/div>\n<h3>Focus sur le pr\u00e9sent avec Lille<\/h3>\n<div class=\"column column-2\">\n<div>\n<\/div>\n<div>\n<p>Paulo Fonseca a r\u00e9it\u00e9r\u00e9 son engagement envers Lille pour le reste de la saison, soulignant son d\u00e9sir de ne pas \u00eatre distrait par les discussions sur son avenir. \u00ab\u00a0Je d\u00e9ciderai apr\u00e8s ces deux matchs\u00a0\u00bb, a-t-il pr\u00e9cis\u00e9, mettant en avant sa concentration sur les prochaines rencontres contre Nantes et Nice. Cela montre une volont\u00e9 de terminer sa mission \u00e0 Lille du mieux possible, malgr\u00e9 l&rsquo;attraction de clubs plus hupp\u00e9s.<\/p>\n<\/div>\n<\/div>\n<h3>Un avenir toujours ouvert<\/h3>\n<p>\u00ab\u00a0En ce moment, tout est possible, tout\u00a0\u00bb, a conclu Fonseca, laissant la porte ouverte \u00e0 toutes les possibilit\u00e9s pour son avenir. Cela pourrait inclure un renouvellement de contrat avec Lille, un mouvement vers l&rsquo;un des grands clubs europ\u00e9ens qui le convoitent, ou une toute autre surprise que le march\u00e9 des transferts pourrait nous r\u00e9server.<\/p>\n","protected":false},"excerpt":{"rendered":"<p>Alors que la fin de saison approche, l&rsquo;avenir de Paulo Fonseca reste envelopp\u00e9 d&rsquo;incertitude. L&rsquo;entra\u00eeneur portugais, dont le contrat avec Lille expire en juin, se trouve au c\u0153ur de sp\u00e9culations intenses le liant \u00e0 l&rsquo;Olympique de Marseille et \u00e0 l&rsquo;AC Milan. Ces rumeurs ont \u00e9t\u00e9 suffisamment s\u00e9rieuses pour que Fonseca lui-m\u00eame prenne la parole et [&hellip;]<\/p>\n","protected":false},"author":1,"featured_media":0,"comment_status":"open","ping_status":"open","sticky":false,"template":"","format":"standard","meta":{"_acf_changed":false,"_seopress_robots_primary_cat":"","_seopress_titles_title":"Mercato : Paulo Fonseca d\u00e9ment son arriv\u00e9e \u00e0 l'OM","_seopress_titles_desc":"Paulo Fonseca d\u00e9ment avoir un accord avec un autre club et se concentre sur la fin de saison avec Lille. D\u00e9couvrez les d\u00e9tails de ses d\u00e9clarations.","_seopress_robots_index":"","footnotes":""},"categories":[1],"tags":[],"class_list":["post-3811","post","type-post","status-publish","format-standard","hentry","category-football"],"acf":[],"_links":{"self":[{"href":"https:\/\/mvz-sports.com\/fr\/wp-json\/wp\/v2\/posts\/3811","targetHints":{"allow":["GET"]}}],"collection":[{"href":"https:\/\/mvz-sports.com\/fr\/wp-json\/wp\/v2\/posts"}],"about":[{"href":"https:\/\/mvz-sports.com\/fr\/wp-json\/wp\/v2\/types\/post"}],"author":[{"embeddable":true,"href":"https:\/\/mvz-sports.com\/fr\/wp-json\/wp\/v2\/users\/1"}],"replies":[{"embeddable":true,"href":"https:\/\/mvz-sports.com\/fr\/wp-json\/wp\/v2\/comments?post=3811"}],"version-history":[{"count":0,"href":"https:\/\/mvz-sports.com\/fr\/wp-json\/wp\/v2\/posts\/3811\/revisions"}],"wp:attachment":[{"href":"https:\/\/mvz-sports.com\/fr\/wp-json\/wp\/v2\/media?parent=3811"}],"wp:term":[{"taxonomy":"category","embeddable":true,"href":"https:\/\/mvz-sports.com\/fr\/wp-json\/wp\/v2\/categories?post=3811"},{"taxonomy":"post_tag","embeddable":true,"href":"https:\/\/mvz-sports.com\/fr\/wp-json\/wp\/v2\/tags?post=3811"}],"curies":[{"name":"wp","href":"https:\/\/api.w.org\/{rel}","templated":true}]}}