{"id":3903,"date":"2024-05-16T19:24:00","date_gmt":"2024-05-16T19:24:00","guid":{"rendered":"https:\/\/mvz-sports.com\/fr\/football\/news\/fr-football-news-didier-deschamps-brise-le-silence-sur-la-situation-de-kylian-mbappe"},"modified":"2025-12-12T09:13:04","modified_gmt":"2025-12-12T09:13:04","slug":"didier-deschamps-brise-le-silence-sur-la-situation-de-kylian-mbappe","status":"publish","type":"post","link":"https:\/\/mvz-sports.com\/fr\/football\/news\/didier-deschamps-brise-le-silence-sur-la-situation-de-kylian-mbappe","title":{"rendered":"Didier Deschamps brise le silence sur la situation de Kylian Mbapp\u00e9"},"content":{"rendered":"<p>Ce jeudi soir, lors du 20h de TF1, Didier Deschamps a d\u00e9voil\u00e9 la <a href=\"https:\/\/mvz-sports.com\/fr\/football\/news\/euro-2024-la-liste-des-25-de-lequipe-de-france\">liste des joueurs de l\u2019\u00e9quipe de France<\/a> pour l\u2019<a href=\"https:\/\/mvz-sports.com\/fr\/football\/competitions\/euro\">Euro 2024<\/a> en Allemagne. Parmi les s\u00e9lectionn\u00e9s, la pr\u00e9sence de N\u2019Golo Kant\u00e9 a \u00e9t\u00e9 <a href=\"https:\/\/mvz-sports.com\/fr\/football\/news\/ngolo-kante-la-surprise-de-deschamps-pour-leuro-2024\">une surprise marquante<\/a>. En attaque, cependant, peu de nouveaut\u00e9s, mis \u00e0 part <a href=\"https:\/\/mvz-sports.com\/fr\/football\/players\/bradley-barcola\">Bradley Barcola<\/a>, qui \u00e9paulera <a href=\"https:\/\/mvz-sports.com\/fr\/football\/players\/kylian-mbappe\">Kylian Mbapp\u00e9<\/a>. La situation de l\u2019avenir du prodige de Bondy a \u00e9t\u00e9 abord\u00e9e par le pr\u00e9sentateur, donnant \u00e0 Deschamps l\u2019occasion de clarifier que cela ne perturbera pas Mbapp\u00e9 durant la comp\u00e9tition.<\/p>\n<h2>La clart\u00e9 d&rsquo;esprit de Kylian Mbapp\u00e9<\/h2>\n<div class=\"column column-2\">\n<div>\n<p>Didier Deschamps a exprim\u00e9 sa confiance en la capacit\u00e9 de Mbapp\u00e9 \u00e0 rester concentr\u00e9 malgr\u00e9 les sp\u00e9culations sur son avenir. \u00ab Si je veux que son avenir soit boucl\u00e9 avant le d\u00e9but de l\u2019Euro ? Je pense que c\u2019est d\u00e9j\u00e0 clair dans sa t\u00eate, apr\u00e8s, il y aura certainement une officialisation par rapport \u00e0 la destination o\u00f9 il ira. Mais son choix, il l\u2019a fait depuis un bon moment. \u00bb<\/p>\n<\/div>\n<div>\n<\/div>\n<\/div>\n<p>Deschamps souligne que Mbapp\u00e9 poss\u00e8de une remarquable capacit\u00e9 \u00e0 ignorer les distractions ext\u00e9rieures. Il n&rsquo;a pas re\u00e7u de demande sp\u00e9cifique de Mbapp\u00e9 pour clarifier sa situation avant le tournoi, mais il est pr\u00eat \u00e0 faciliter les choses pour son joueur. \u00ab S\u2019il \u00e7a peut l\u2019aider \u00e0 \u00eatre focus et il le sera. Comme tous les joueurs. \u00bb<\/p>\n<h3>La valeur de Mbapp\u00e9 au PSG et en Bleu<\/h3>\n<div class=\"column column-2\">\n<div>\n<\/div>\n<div>\n<p>Le s\u00e9lectionneur n&rsquo;a pas manqu\u00e9 de rappeler les contributions significatives de Mbapp\u00e9 au Paris Saint-Germain. Malgr\u00e9 une situation complexe au d\u00e9but et \u00e0 la fin de la saison, Mbapp\u00e9 a su rester performant. \u00ab Il a fait de bonnes choses \u00e0 Paris et il a de l\u2019oxyg\u00e8ne. Il ne faut pas oublier tout ce qu\u2019il a fait au <a href=\"https:\/\/mvz-sports.com\/fr\/football\/teams\/psg\">PSG<\/a>. La situation en d\u00e9but et en fin est plus compliqu\u00e9e. Mais malgr\u00e9 tout, et il ne faut pas oublier, tout Kylian qu\u2019il est, il a un talent exceptionnel, mais c\u2019est un \u00eatre humain. \u00bb<\/p>\n<\/div>\n<\/div>\n<h3>Un talent hors du commun et humain<\/h3>\n<p>Deschamps insiste sur le fait que, bien que Mbapp\u00e9 soit un joueur exceptionnel, il reste un \u00eatre humain avec ses sensibilit\u00e9s et ses faiblesses. \u00ab Un grand bonhomme qui a des capacit\u00e9s, mais \u00e7a reste un \u00eatre humain. Il peut avoir ses sensibilit\u00e9s et ses petites faiblesses. Mais il est d\u2019une intelligence et d\u2019une maturit\u00e9 impressionnante. \u00bb Cette humanit\u00e9 et cette maturit\u00e9 sont des qualit\u00e9s essentielles qui aideront Mbapp\u00e9 \u00e0 g\u00e9rer la pression et \u00e0 performer au plus haut niveau lors de l\u2019Euro 2024.<\/p>\n","protected":false},"excerpt":{"rendered":"<p>Ce jeudi soir, lors du 20h de TF1, Didier Deschamps a d\u00e9voil\u00e9 la liste des joueurs de l\u2019\u00e9quipe de France pour l\u2019Euro 2024 en Allemagne. Parmi les s\u00e9lectionn\u00e9s, la pr\u00e9sence de N\u2019Golo Kant\u00e9 a \u00e9t\u00e9 une surprise marquante. En attaque, cependant, peu de nouveaut\u00e9s, mis \u00e0 part Bradley Barcola, qui \u00e9paulera Kylian Mbapp\u00e9. La situation [&hellip;]<\/p>\n","protected":false},"author":1,"featured_media":0,"comment_status":"open","ping_status":"open","sticky":false,"template":"","format":"standard","meta":{"_acf_changed":false,"_seopress_robots_primary_cat":"","_seopress_titles_title":"EdF : Didier Deschamps s'exprime sur la situation de Mbapp\u00e9","_seopress_titles_desc":"D\u00e9couvrez les mots forts de Didier Deschamps sur la situation de Kylian Mbapp\u00e9 avant l'Euro 2024. Qu'a r\u00e9v\u00e9l\u00e9 le s\u00e9lectionneur des Bleus ?","_seopress_robots_index":"","footnotes":""},"categories":[1],"tags":[],"class_list":["post-3903","post","type-post","status-publish","format-standard","hentry","category-football"],"acf":[],"_links":{"self":[{"href":"https:\/\/mvz-sports.com\/fr\/wp-json\/wp\/v2\/posts\/3903","targetHints":{"allow":["GET"]}}],"collection":[{"href":"https:\/\/mvz-sports.com\/fr\/wp-json\/wp\/v2\/posts"}],"about":[{"href":"https:\/\/mvz-sports.com\/fr\/wp-json\/wp\/v2\/types\/post"}],"author":[{"embeddable":true,"href":"https:\/\/mvz-sports.com\/fr\/wp-json\/wp\/v2\/users\/1"}],"replies":[{"embeddable":true,"href":"https:\/\/mvz-sports.com\/fr\/wp-json\/wp\/v2\/comments?post=3903"}],"version-history":[{"count":0,"href":"https:\/\/mvz-sports.com\/fr\/wp-json\/wp\/v2\/posts\/3903\/revisions"}],"wp:attachment":[{"href":"https:\/\/mvz-sports.com\/fr\/wp-json\/wp\/v2\/media?parent=3903"}],"wp:term":[{"taxonomy":"category","embeddable":true,"href":"https:\/\/mvz-sports.com\/fr\/wp-json\/wp\/v2\/categories?post=3903"},{"taxonomy":"post_tag","embeddable":true,"href":"https:\/\/mvz-sports.com\/fr\/wp-json\/wp\/v2\/tags?post=3903"}],"curies":[{"name":"wp","href":"https:\/\/api.w.org\/{rel}","templated":true}]}}