{"id":4057,"date":"2024-05-31T10:49:00","date_gmt":"2024-05-31T10:49:00","guid":{"rendered":"https:\/\/mvz-sports.com\/fr\/football\/news\/fr-mma-news-ufc-benoit-saint-denis-confirme-froidement-la-fin-de-sa-collaboration-avec-son-coach-daniel-woirin"},"modified":"2025-12-12T09:13:07","modified_gmt":"2025-12-12T09:13:07","slug":"ufc-benoit-saint-denis-confirme-froidement-la-fin-de-sa-collaboration-avec-son-coach-daniel-woirin","status":"publish","type":"post","link":"https:\/\/mvz-sports.com\/fr\/mma\/news\/ufc-benoit-saint-denis-confirme-froidement-la-fin-de-sa-collaboration-avec-son-coach-daniel-woirin","title":{"rendered":"UFC : Beno\u00eet Saint Denis confirme froidement la fin de sa collaboration avec son coach Daniel Woirin"},"content":{"rendered":"<div class=\"column column-2\">\n<div>\n<p>Beno\u00eet Saint Denis, combattant de <a href=\"https:\/\/mvz-sports.com\/fr\/mma\">MMA<\/a>, a r\u00e9cemment annonc\u00e9 \u00e0 la t\u00e9l\u00e9vision locale de La R\u00e9union qu\u2019il avait d\u00e9cid\u00e9 de mettre un terme \u00e0 sa collaboration avec son entra\u00eeneur, Daniel Woirin. Cette nouvelle a fait l\u2019effet d\u2019une bombe dans le monde du MMA, et quelles cons\u00e9quences cela aura sur la carri\u00e8re du talentueux combattant.<\/p>\n<\/div>\n<div>\n<\/div>\n<\/div>\n<h2>Une relation de longue date<\/h2>\n<p>Daniel Woirin avait rep\u00e9r\u00e9 Beno\u00eet Saint Denis d\u00e8s 2018, et depuis lors, le duo n\u2019avait pas cess\u00e9 de progresser ensemble. Leur partenariat fructueux les avait conduits jusqu\u2019au prestigieux top 15 de l\u2019<a href=\"https:\/\/mvz-sports.com\/fr\/mma\/organizations\/ufc\">UFC<\/a> dans la cat\u00e9gorie des poids l\u00e9gers (moins de 70 kg). Leur complicit\u00e9 et leur travail acharn\u00e9 avaient permis \u00e0 \u201cBSD\u201d d\u2019atteindre des sommets.<\/p>\n<h3>Une pause dans leur collaboration<\/h3>\n<p>Interrog\u00e9 sur les rumeurs concernant la fin de leur partenariat, Beno\u00eet Saint Denis a confirm\u00e9 : \u00ab Cela fait tr\u00e8s longtemps que je travaille avec Daniel, mais effectivement, nous avons mis une pause \u00e0 notre relation. \u00bb Invit\u00e9 sur le plateau d\u2019Antenne R\u00e9union, il a ajout\u00e9 : \u00ab Aujourd\u2019hui, nous poursuivons nos aventures de mani\u00e8re ind\u00e9pendante, mais nous restons tous les deux impliqu\u00e9s dans le monde du MMA, avec un regard toujours tourn\u00e9 vers la performance. \u00bb<\/p>\n<blockquote class=\"twitter-tweet\"><p><a href=\"https:\/\/twitter.com\/en4onces\/status\/1796283681230778520\"><\/a><\/p><\/blockquote>\n<h3>Prochain rendez-vous \u00e0 l\u2019UFC Paris<\/h3>\n<p>Malgr\u00e9 cette d\u00e9faite, Beno\u00eet Saint Denis sera \u00e0 l\u2019affiche de l\u2019UFC Paris le 28 septembre prochain. \u00ab Je travaille avec mes coachs d\u2019origine, qui sont bas\u00e9s \u00e0 Bayonne \u00bb, a pr\u00e9cis\u00e9 \u00ab God of War \u00bb. \u00ab Je suis tr\u00e8s heureux de collaborer avec eux et j\u2019ai h\u00e2te de me remettre au travail pour le mois de septembre. \u00bb<\/p>\n<h3>FAQ : <\/h3>\n<p>&#8211; Pourquoi Beno\u00eet Saint-Denis et Daniel Woirin se sont-ils s\u00e9par\u00e9s ?<\/p>\n<p>\tBeno\u00eet Saint-Denis a confirm\u00e9 la fin de sa collaboration avec Daniel Woirin.\u00a0Ils ont d\u00e9cid\u00e9 de mettre une pause \u00e0 leur relation, mais restent tous les deux impliqu\u00e9s dans le MMA et ax\u00e9s sur la performance.<\/p>\n<p>&#8211; Depuis quand Daniel Woirin \u00e9tait-il l\u2019entra\u00eeneur de Beno\u00eet Saint-Denis ?<\/p>\n<p>\tDaniel Woirin \u00e9tait le coach de Beno\u00eet Saint-Denis depuis 2018.\u00a0<\/p>\n<p>&#8211; Quels sont les projets futurs de Beno\u00eet Saint-Denis ?<\/p>\n<p>\tBeno\u00eet a remport\u00e9 son dernier combat en grappling contre Marc Diakiese et se pr\u00e9pare pour l\u2019UFC Paris en septembre.\u00a0<\/p>\n<p>&#8212;<\/p>\n","protected":false},"excerpt":{"rendered":"<p>Beno\u00eet Saint Denis, combattant de MMA, a r\u00e9cemment annonc\u00e9 \u00e0 la t\u00e9l\u00e9vision locale de La R\u00e9union qu\u2019il avait d\u00e9cid\u00e9 de mettre un terme \u00e0 sa collaboration avec son entra\u00eeneur, Daniel Woirin. Cette nouvelle a fait l\u2019effet d\u2019une bombe dans le monde du MMA, et quelles cons\u00e9quences cela aura sur la carri\u00e8re du talentueux combattant. Une [&hellip;]<\/p>\n","protected":false},"author":1,"featured_media":0,"comment_status":"open","ping_status":"open","sticky":false,"template":"","format":"standard","meta":{"_acf_changed":false,"_seopress_robots_primary_cat":"","_seopress_titles_title":"Beno\u00eet Saint Denis et son coach Daniel Woirin c'est fini","_seopress_titles_desc":"D\u00e9couvrez pourquoi Beno\u00eet Saint Denis a d\u00e9cid\u00e9 de se s\u00e9parer de son entra\u00eeneur Daniel Woirin.","_seopress_robots_index":"","footnotes":""},"categories":[9],"tags":[],"class_list":["post-4057","post","type-post","status-publish","format-standard","hentry","category-mma"],"acf":[],"_links":{"self":[{"href":"https:\/\/mvz-sports.com\/fr\/wp-json\/wp\/v2\/posts\/4057","targetHints":{"allow":["GET"]}}],"collection":[{"href":"https:\/\/mvz-sports.com\/fr\/wp-json\/wp\/v2\/posts"}],"about":[{"href":"https:\/\/mvz-sports.com\/fr\/wp-json\/wp\/v2\/types\/post"}],"author":[{"embeddable":true,"href":"https:\/\/mvz-sports.com\/fr\/wp-json\/wp\/v2\/users\/1"}],"replies":[{"embeddable":true,"href":"https:\/\/mvz-sports.com\/fr\/wp-json\/wp\/v2\/comments?post=4057"}],"version-history":[{"count":0,"href":"https:\/\/mvz-sports.com\/fr\/wp-json\/wp\/v2\/posts\/4057\/revisions"}],"wp:attachment":[{"href":"https:\/\/mvz-sports.com\/fr\/wp-json\/wp\/v2\/media?parent=4057"}],"wp:term":[{"taxonomy":"category","embeddable":true,"href":"https:\/\/mvz-sports.com\/fr\/wp-json\/wp\/v2\/categories?post=4057"},{"taxonomy":"post_tag","embeddable":true,"href":"https:\/\/mvz-sports.com\/fr\/wp-json\/wp\/v2\/tags?post=4057"}],"curies":[{"name":"wp","href":"https:\/\/api.w.org\/{rel}","templated":true}]}}