{"id":40658,"date":"2026-01-31T06:01:00","date_gmt":"2026-01-31T05:01:00","guid":{"rendered":"https:\/\/mvz-sports.com\/fr\/?p=40658"},"modified":"2026-01-30T17:05:13","modified_gmt":"2026-01-30T16:05:13","slug":"can-2025-la-sanction-tombe-pour-le-senegal","status":"publish","type":"post","link":"https:\/\/mvz-sports.com\/fr\/football\/news\/can-2025-la-sanction-tombe-pour-le-senegal","title":{"rendered":"CAN 2025 : la sanction tombe pour le s\u00e9n\u00e9gal"},"content":{"rendered":"\n<p><strong>La Commission de discipline de la CAF a rendu son verdict apr\u00e8s les incidents survenus lors de la finale de la CAN 2025 entre le S\u00e9n\u00e9gal et le Maroc. Les Lions de la Teranga, accus\u00e9s d\u2019avoir plong\u00e9 la finale dans le chaos en quittant le terrain pour protester contre un penalty controvers\u00e9, pourraient faire l\u2019objet de sanctions historiques. Entre exclusion temporaire de la Coupe du Monde et suspension de plusieurs \u00e9ditions de la CAN, les demandes du Maroc pour des mesures exemplaires font d\u00e9bat. Voici les d\u00e9tails des accusations, les r\u00e9actions et les cons\u00e9quences possibles pour le football s\u00e9n\u00e9galais.<\/strong><\/p>\n\n\n\n<p>La <strong>finale de la <a href=\"https:\/\/mvz-sports.com\/fr\/football\/competitions\/africa-cup-of-nations\">CAN <\/a>2025<\/strong> entre le <strong>S\u00e9n\u00e9gal<\/strong> et le <strong>Maroc<\/strong> restera dans les annales pour ses <strong>incidents spectaculaires<\/strong>. Apr\u00e8s un <strong>penalty accord\u00e9 au Maroc<\/strong> dans les derni\u00e8res minutes du temps r\u00e9glementaire, les <strong>Lions de la Teranga<\/strong>, men\u00e9s par leur <strong>s\u00e9lectionneur Pape Thiaw<\/strong> et des joueurs comme <strong><a href=\"https:\/\/mvz-sports.com\/fr\/football\/players\/ismaila-sarr\">Isma\u00efla Sarr<\/a><\/strong> et <strong>Illiman Ndiaye<\/strong>, ont <strong>quitt\u00e9 le terrain<\/strong> en signe de protestation. Bien que revenus apr\u00e8s <strong>dix minutes de palabres<\/strong>, leur attitude a <strong>plong\u00e9 la finale dans le chaos<\/strong> et <strong>suscit\u00e9 l\u2019indignation<\/strong> au Maroc et dans le monde du football africain.<\/p>\n\n\n\n<p>La <strong>Commission de discipline de la CAF<\/strong> a <strong>entendu les parties<\/strong>, mais pour certains observateurs, comme <strong>Samir Bennis<\/strong>, r\u00e9dacteur en chef de <em>Morocco World News<\/em>, les sanctions prononc\u00e9es sont <strong>trop cl\u00e9mentes<\/strong>. Le Maroc a d\u2019ores et d\u00e9j\u00e0 <strong>annonc\u00e9 son intention de faire appel<\/strong>, exigeant des <strong>mesures plus s\u00e9v\u00e8res<\/strong>, allant jusqu\u2019\u00e0 <strong>priver le S\u00e9n\u00e9gal de son titre<\/strong>.<\/p>\n\n\n\n<h3 class=\"wp-block-heading\"><strong>Les faits reproch\u00e9s au S\u00e9n\u00e9gal : Une finale dans le chaos<\/strong><\/h3>\n\n\n\n<p>Le <strong>18 janvier 2026<\/strong>, lors de la <strong>finale de la CAN<\/strong>, le S\u00e9n\u00e9gal a <strong>protest\u00e9 violemment<\/strong> contre un <strong>penalty siffl\u00e9 en faveur du Maroc<\/strong> en fin de match. Les joueurs, <strong>encourag\u00e9s par leur s\u00e9lectionneur Pape Thiaw<\/strong>, ont <strong>quitt\u00e9 la pelouse<\/strong> pour rejoindre les vestiaires, <strong>interrompant le match pendant dix minutes<\/strong>. Bien qu\u2019ils soient finalement <strong>revenus<\/strong>, cet \u00e9pisode a <strong>marqu\u00e9 les esprits<\/strong> et <strong>entach\u00e9 l\u2019image du <a href=\"https:\/\/mvz-sports.com\/fr\/football\">football <\/a>africain<\/strong>.<\/p>\n\n\n\n<p>Pour <strong>Samir Bennis<\/strong>, cet incident n\u2019est pas un <strong>cas isol\u00e9<\/strong>. Il rappelle que le S\u00e9n\u00e9gal a d\u00e9j\u00e0 <strong>cr\u00e9\u00e9 des pol\u00e9miques similaires<\/strong> :<\/p>\n\n\n\n<ul class=\"wp-block-list\">\n<li>En <strong>2004<\/strong>, lors d\u2019un <strong>quart de finale contre la Tunisie<\/strong>, les joueurs s\u00e9n\u00e9galais, men\u00e9s par <strong>El Hadji Diouf<\/strong>, avaient <strong>interrompu le match pendant 15 minutes<\/strong> pour protester contre l\u2019arbitrage.<\/li>\n\n\n\n<li>En <strong>2012<\/strong>, lors des <strong>barrages de la CAN<\/strong>, une <strong>\u00e9meute des joueurs s\u00e9n\u00e9galais<\/strong> avait forc\u00e9 l\u2019arbitre \u00e0 <strong>arr\u00eater la rencontre<\/strong> apr\u00e8s un but de <strong>Didier Drogba<\/strong>.<\/li>\n<\/ul>\n\n\n\n<p><strong>\u00ab Normaliser ce comportement reviendrait \u00e0 accepter l\u2019insubordination collective comme tactique \u00bb<\/strong>, \u00e9crit Bennis, qui r\u00e9clame des <strong>sanctions exemplaires<\/strong> pour <strong>r\u00e9tablir l\u2019ordre<\/strong>.<\/p>\n\n\n\n<h3 class=\"wp-block-heading\"><strong>Les sanctions r\u00e9clam\u00e9es : Vers une exclusion historique ?<\/strong><\/h3>\n\n\n\n<p>Le <strong>Maroc<\/strong> et plusieurs observateurs <strong>exigent des mesures radicales<\/strong> contre le S\u00e9n\u00e9gal. Parmi les <strong>propositions<\/strong> :<\/p>\n\n\n\n<ul class=\"wp-block-list\">\n<li><strong>Une exclusion temporaire de la Coupe du Monde<\/strong> pour envoyer un <strong>message fort<\/strong>.<\/li>\n\n\n\n<li><strong>Une suspension pour deux \u00e9ditions de la CAN<\/strong> (2027 et 2029).<\/li>\n\n\n\n<li><strong>Une radiation \u00e0 vie de Pape Thiaw<\/strong>, accus\u00e9 d\u2019avoir <strong>encourag\u00e9 ses joueurs \u00e0 quitter le terrain<\/strong>.<\/li>\n\n\n\n<li><strong>Des suspensions lourdes pour les joueurs impliqu\u00e9s<\/strong>, notamment <strong>Isma\u00efla Sarr<\/strong> et <strong>Illiman Ndiaye<\/strong>.<\/li>\n<\/ul>\n\n\n\n<p><strong>\u00ab La CAF doit retirer le troph\u00e9e au S\u00e9n\u00e9gal \u00bb<\/strong>, estime Samir Bennis, pour qui <strong>ne pas agir fermement \u00e9quivaudrait \u00e0 valider ces comportements<\/strong>. Une telle d\u00e9cision serait <strong>sans pr\u00e9c\u00e9dent<\/strong>, mais elle <strong>enverrait un signal clair<\/strong> : <strong>le fair-play prime sur tout<\/strong>.<\/p>\n\n\n\n<h3 class=\"wp-block-heading\"><strong>Les r\u00e9actions et le d\u00e9bat sur le fair-play<\/strong><\/h3>\n\n\n\n<p>La <strong>r\u00e9action s\u00e9n\u00e9galaise<\/strong> a <strong>divis\u00e9 l\u2019opinion publique<\/strong>. Certains y voient une <strong>r\u00e9volte l\u00e9gitime<\/strong> contre un arbitrage <strong>injuste<\/strong>, tandis que d\u2019autres, comme <strong>Samir Bennis<\/strong>, d\u00e9noncent un <strong>manque de respect<\/strong> pour les <strong>valeurs du sport<\/strong>.<\/p>\n\n\n\n<p><strong>\u00ab Pour l\u2019amour du football, le S\u00e9n\u00e9gal devrait \u00eatre s\u00e9v\u00e8rement sanctionn\u00e9 \u00bb<\/strong>, mart\u00e8le le journaliste marocain, qui \u00e9voque un <strong>\u00ab effondrement honteux \u00bb<\/strong> et une <strong>\u00ab atteinte \u00e0 l\u2019esprit du fair-play \u00bb<\/strong>.<\/p>\n\n\n\n<p>Du c\u00f4t\u00e9 s\u00e9n\u00e9galais, on <strong>d\u00e9fend une r\u00e9action \u00ab spontan\u00e9e \u00bb<\/strong>, mais les <strong>images des joueurs quittant le terrain<\/strong> ont <strong>choqu\u00e9<\/strong> bien au-del\u00e0 des fronti\u00e8res africaines. La <strong>CAF<\/strong> se trouve d\u00e9sormais <strong>sous pression<\/strong> : <strong>faut-il punir s\u00e9v\u00e8rement pour l\u2019exemple, ou temp\u00e9rer pour \u00e9viter une crise diplomatique ?<\/strong><\/p>\n\n\n\n<h3 class=\"wp-block-heading\"><strong>Un pr\u00e9c\u00e9dent qui pourrait tout changer<\/strong><\/h3>\n\n\n\n<p>Si la <strong>CAF<\/strong> d\u00e9cidait de <strong>retirer le titre au S\u00e9n\u00e9gal<\/strong>, ce serait une <strong>premi\u00e8re dans l\u2019histoire de la CAN<\/strong>. Une telle sanction aurait des <strong>cons\u00e9quences majeures<\/strong> :<\/p>\n\n\n\n<ul class=\"wp-block-list\">\n<li><strong>Sportives<\/strong> : Le S\u00e9n\u00e9gal serait <strong>priv\u00e9 de son 3\u1d49 titre continental<\/strong> et verrait sa r\u00e9putation <strong>durablement entach\u00e9e<\/strong>.<\/li>\n\n\n\n<li><strong>\u00c9conomiques<\/strong> : Les sponsors et partenaires pourraient <strong>revoir leurs engagements<\/strong>.<\/li>\n\n\n\n<li><strong>Politiques<\/strong> : Une <strong>tension accrue<\/strong> entre les f\u00e9d\u00e9rations africaines, d\u00e9j\u00e0 <strong>divis\u00e9es sur de nombreux sujets<\/strong>.<\/li>\n<\/ul>\n\n\n\n<p>Cette affaire rappelle aussi que le <strong>football africain<\/strong> doit <strong>renforcer ses r\u00e8gles<\/strong> pour \u00e9viter que de tels incidents ne se <strong>r\u00e9p\u00e8tent<\/strong>. La <strong>gestion des protestations<\/strong> et le <strong>respect de l\u2019arbitre<\/strong> deviennent des <strong>enjeux centraux<\/strong> pour la cr\u00e9dibilit\u00e9 des comp\u00e9titions.<\/p>\n\n\n\n<p>La <strong>finale S\u00e9n\u00e9gal-Maroc<\/strong> a <strong>laiss\u00e9 des traces<\/strong>, et les <strong>sanctions \u00e0 venir<\/strong> pourraient <strong>marquer un tournant<\/strong> dans l\u2019histoire du football africain. Entre <strong>fermet\u00e9<\/strong> pour r\u00e9tablir l\u2019autorit\u00e9 et <strong>mod\u00e9ration<\/strong> pour \u00e9viter un scandale, la <strong>CAF<\/strong> a un <strong>choix corn\u00e9lien<\/strong> \u00e0 faire. <strong>Pensez-vous que le S\u00e9n\u00e9gal m\u00e9rite une sanction historique, ou la CAF devrait-elle temp\u00e9rer sa r\u00e9ponse ?<\/strong><\/p>\n","protected":false},"excerpt":{"rendered":"<p>La Commission de discipline de la CAF a rendu son verdict apr\u00e8s les incidents survenus lors de la finale de la CAN 2025 entre le S\u00e9n\u00e9gal et le Maroc. Les Lions de la Teranga, accus\u00e9s d\u2019avoir plong\u00e9 la finale dans le chaos en quittant le terrain pour protester contre un penalty controvers\u00e9, pourraient faire l\u2019objet [&hellip;]<\/p>\n","protected":false},"author":2,"featured_media":40661,"comment_status":"open","ping_status":"open","sticky":false,"template":"","format":"standard","meta":{"_acf_changed":false,"_seopress_robots_primary_cat":"none","_seopress_titles_title":"","_seopress_titles_desc":"","_seopress_robots_index":"","footnotes":""},"categories":[1],"tags":[],"class_list":["post-40658","post","type-post","status-publish","format-standard","has-post-thumbnail","hentry","category-football"],"acf":[],"_links":{"self":[{"href":"https:\/\/mvz-sports.com\/fr\/wp-json\/wp\/v2\/posts\/40658","targetHints":{"allow":["GET"]}}],"collection":[{"href":"https:\/\/mvz-sports.com\/fr\/wp-json\/wp\/v2\/posts"}],"about":[{"href":"https:\/\/mvz-sports.com\/fr\/wp-json\/wp\/v2\/types\/post"}],"author":[{"embeddable":true,"href":"https:\/\/mvz-sports.com\/fr\/wp-json\/wp\/v2\/users\/2"}],"replies":[{"embeddable":true,"href":"https:\/\/mvz-sports.com\/fr\/wp-json\/wp\/v2\/comments?post=40658"}],"version-history":[{"count":0,"href":"https:\/\/mvz-sports.com\/fr\/wp-json\/wp\/v2\/posts\/40658\/revisions"}],"wp:featuredmedia":[{"embeddable":true,"href":"https:\/\/mvz-sports.com\/fr\/wp-json\/wp\/v2\/media\/40661"}],"wp:attachment":[{"href":"https:\/\/mvz-sports.com\/fr\/wp-json\/wp\/v2\/media?parent=40658"}],"wp:term":[{"taxonomy":"category","embeddable":true,"href":"https:\/\/mvz-sports.com\/fr\/wp-json\/wp\/v2\/categories?post=40658"},{"taxonomy":"post_tag","embeddable":true,"href":"https:\/\/mvz-sports.com\/fr\/wp-json\/wp\/v2\/tags?post=40658"}],"curies":[{"name":"wp","href":"https:\/\/api.w.org\/{rel}","templated":true}]}}