{"id":41779,"date":"2026-02-10T16:02:00","date_gmt":"2026-02-10T15:02:00","guid":{"rendered":"https:\/\/mvz-sports.com\/fr\/?p=41779"},"modified":"2026-02-10T14:22:55","modified_gmt":"2026-02-10T13:22:55","slug":"liste-de-deschamps-une-suprise-de-taille-en-vue","status":"publish","type":"post","link":"https:\/\/mvz-sports.com\/fr\/football\/news\/liste-de-deschamps-une-suprise-de-taille-en-vue","title":{"rendered":"Liste de Deschamps, une suprise de taille en vue ?"},"content":{"rendered":"\n<p><strong>Alors que Mike Maignan retrouve une forme \u00e9blouissante au Milan AC, les autres gardiens fran\u00e7ais traversent une p\u00e9riode difficile. Lucas Chevalier (PSG), Brice Samba (Rennes) et Alphonse Areola (West Ham) peinent \u00e0 s\u2019imposer, laissant Didier Deschamps sans solution fiable en cas de blessure du titulaire. Jean Buttez, 30 ans, gardien r\u00e9v\u00e9lation de C\u00f4me cette saison, \u00e9merge comme une surprise potentielle pour rejoindre les Bleus. Rep\u00e9r\u00e9 par le staff tricolore, il pourrait m\u00eame figurer dans la liste pour la prochaine Coupe du Monde. Voici pourquoi son parcours atypique pourrait faire de lui le sauveur inattendu de l\u2019\u00c9quipe de France.<\/strong><\/p>\n\n\n\n<p>Mike Maignan est indiscutablement le gardien n\u00b01 de l\u2019\u00c9quipe de France. Titulaire ind\u00e9tr\u00f4nable depuis des ann\u00e9es, il a retrouv\u00e9 une forme exceptionnelle avec le <a href=\"https:\/\/mvz-sports.com\/fr\/football\/clubs\/ac-milan\">Milan AC<\/a>, apr\u00e8s une saison 2024-2025 plus compliqu\u00e9e. Pourtant, derri\u00e8re lui, la situation est beaucoup moins r\u00e9assurante. <a href=\"https:\/\/mvz-sports.com\/fr\/football\/players\/lucas-chevalier\">Lucas Chevalier<\/a> (PSG) a perdu sa place au profit de <a href=\"https:\/\/mvz-sports.com\/fr\/football\/players\/matvey-safonov\">Matvey Safonov<\/a>, <a href=\"https:\/\/mvz-sports.com\/fr\/football\/players\/brice-lauriche-samba\">Brice Samba<\/a> (Rennes) est en conflit avec son entra\u00eeneur et Alphonse Areola (West Ham) a \u00e9t\u00e9 \u00e9cart\u00e9 apr\u00e8s une prestation d\u00e9sastreuse contre <a href=\"https:\/\/mvz-sports.com\/fr\/football\/clubs\/chelsea\">Chelsea<\/a>.<\/p>\n\n\n\n<p>Dans ce contexte, Didier Deschamps pourrait se tourner vers une nouvelle solution : Jean Buttez, gardien de C\u00f4me (Serie A), en pleine forme cette saison. Rep\u00e9r\u00e9 par le staff des Bleus, il pourrait devenir la surprise de la prochaine liste pour la Coupe du Monde.<\/p>\n\n\n\n<p>Qui est Jean Buttez ? Pourquoi son parcours est-il si atypique ? Et comment pourrait-il s\u2019imposer comme la doublure de Maignan ? Voici tout ce qu\u2019il faut savoir sur ce gardien m\u00e9connu, mais prometteur.<\/p>\n\n\n\n<h2 class=\"wp-block-heading\"><strong>La crise des gardiens fran\u00e7ais : Maignan intouchable, les autres en difficult\u00e9<\/strong><\/h2>\n\n\n\n<h3 class=\"wp-block-heading\"><strong>Mike Maignan, le rocher des Bleus<\/strong><\/h3>\n\n\n\n<p>Mike Maignan est devenu un pilier de l\u2019\u00c9quipe de France. Titulaire indiscutable, il a retrouv\u00e9 son meilleur niveau avec le Milan AC, apr\u00e8s une saison 2024-2025 plus mitig\u00e9e. Son r\u00f4le est crucial, et Didier Deschamps croit les doigts pour qu\u2019il reste en bonne sant\u00e9.<\/p>\n\n\n\n<h3 class=\"wp-block-heading\"><strong>Les doublures en pleine tourmente<\/strong><\/h3>\n\n\n\n<p>Pourtant, derri\u00e8re <strong>Maignan<\/strong>, la <strong>situation<\/strong> est <strong>pr\u00e9caire<\/strong> :<\/p>\n\n\n\n<ul class=\"wp-block-list\">\n<li>Lucas Chevalier (<a href=\"https:\/\/mvz-sports.com\/fr\/football\/clubs\/paris-saint-germain\">PSG<\/a>) a perdu sa place de titulaire au profit de Matvey Safonov.<\/li>\n\n\n\n<li>Brice Samba (<a href=\"https:\/\/mvz-sports.com\/fr\/football\/clubs\/rennes\">Rennes<\/a>) est en conflit avec Habib Beye, son entra\u00eeneur, et a \u00e9t\u00e9 remplac\u00e9 ce week-end.<\/li>\n\n\n\n<li>Alphonse Areola (West Ham) a \u00e9t\u00e9 \u00e9cart\u00e9 du groupe apr\u00e8s une prestation catastrophique contre Chelsea.<\/li>\n<\/ul>\n\n\n\n<p>R\u00e9sultat : Deschamps n\u2019a plus de solution fiable en cas de blessure ou de suspension de Maignan.<\/p>\n\n\n\n<h2 class=\"wp-block-heading\"><strong>Jean Buttez, le gardien r\u00e9v\u00e9lation de la Serie A<\/strong><\/h2>\n\n\n\n<h3 class=\"wp-block-heading\"><strong>Un parcours atypique<\/strong><\/h3>\n\n\n\n<p>Jean Buttez, 30 ans, a construit son parcours pas \u00e0 pas :<\/p>\n\n\n\n<ul class=\"wp-block-list\">\n<li>Form\u00e9 \u00e0 Lille, il n\u2019a jamais perc\u00e9 en <a href=\"https:\/\/mvz-sports.com\/fr\/sports\/competitions\/ligue-1-3\">Ligue 1<\/a>.<\/li>\n\n\n\n<li>Il s\u2019est impos\u00e9 en Belgique, d\u2019abord \u00e0 Mouscron, puis au Royal Antwerp.<\/li>\n\n\n\n<li>Cette saison, il est devenu le gardien titulaire de C\u00f4me, en Serie A, o\u00f9 il r\u00e9alise des performances remarquables.<\/li>\n<\/ul>\n\n\n\n<p><em>\u00ab Ce n\u2019est pas une chose \u00e0 laquelle on pense quand on est un petit. Je n\u2019ai jamais imagin\u00e9 \u00e7a, parce que j\u2019ai 30 ans, j\u2019ai un parcours un peu diff\u00e9rent, je commence \u00e0 m\u2019imposer \u00e0 mon \u00e2ge dans un grand championnat europ\u00e9en. \u00c7a repr\u00e9sente d\u00e9j\u00e0 \u00e9norm\u00e9ment pour moi d\u2019\u00eatre dans la discussion, c\u2019est une cons\u00e9cration d\u2019y arriver, c\u2019est g\u00e9nial \u00bb<\/em>, <strong>a-t-il<\/strong> <strong>confi\u00e9<\/strong> \u00e0 <strong>\u00ab L\u2019\u00c9quipe \u00bb<\/strong>.<\/p>\n\n\n\n<h3 class=\"wp-block-heading\"><strong>Une saison exceptionnelle avec C\u00f4me<\/strong><\/h3>\n\n\n\n<p>Buttez a su s\u2019imposer comme l\u2019un des meilleurs gardiens de Serie A cette saison. Ses arr\u00eats d\u00e9cisifs et sa r\u00e9gularit\u00e9 ont attir\u00e9 l\u2019attention du staff des Bleus.<\/p>\n\n\n\n<p><em>\u00ab Il m\u2019avait pr\u00e9venu qu\u2019apr\u00e8s une bonne saison, les choses pouvaient aller vite, a-t-il racont\u00e9, \u00e9voquant Mike Maignan. Avec Mike, les discussions ont toujours \u00e9t\u00e9 fluides, tout s\u2019est fait rapidement entre nous. \u00bb<\/em><\/p>\n\n\n\n<h2 class=\"wp-block-heading\"><strong>Pourquoi Buttez pourrait \u00eatre la solution inattendue des Bleus<\/strong><\/h2>\n\n\n\n<h3 class=\"wp-block-heading\"><strong>Un profil qui correspond aux besoins<\/strong><\/h3>\n\n\n\n<p><strong>Jean Buttez<\/strong> <strong>pourrait<\/strong> <strong>apporter<\/strong> :<\/p>\n\n\n\n<ul class=\"wp-block-list\">\n<li>Une exp\u00e9rience en championnat europ\u00e9en (Serie A).<\/li>\n\n\n\n<li>Une forme actuelle excellente.<\/li>\n\n\n\n<li>Une mentalit\u00e9 solide, forg\u00e9e par un parcours difficile.<\/li>\n<\/ul>\n\n\n\n<h3 class=\"wp-block-heading\"><strong>Une opportunit\u00e9 pour la Coupe du Monde<\/strong><\/h3>\n\n\n\n<p>Avec la <a href=\"https:\/\/mvz-sports.com\/fr\/football\/competitions\/coupe-du-monde-de-football\">Coupe du Monde<\/a> 2026 qui approche, Deschamps pourrait faire confiance \u00e0 Buttez pour :<\/p>\n\n\n\n<ul class=\"wp-block-list\">\n<li>Assurer la doublure de Maignan.<\/li>\n\n\n\n<li>Apporter une nouvelle dynamique au groupe.<\/li>\n\n\n\n<li>\u00c9viter de se retrouver sans solution en cas de blessure.<\/li>\n<\/ul>\n\n\n\n<p><em>\u00ab On conna\u00eet la situation actuelle des gardiens, donc \u00e7a peut ouvrir certaines perspectives, a-t-il ajout\u00e9. Mais si vous m\u2019aviez pos\u00e9 la question il y a six mois, ce n\u2019\u00e9tait m\u00eame pas un sujet pour moi. \u00bb<\/em><\/p>\n\n\n\n<p>Jean Buttez repr\u00e9sente une opportunit\u00e9 inattendue pour l\u2019\u00c9quipe de France. Son parcours atypique, sa forme actuelle et son mental en font un candidat s\u00e9rieux pour devenir la doublure de Maignan.<\/p>\n\n\n\n<p>Si Didier Deschamps d\u00e9cide de l\u2019int\u00e9grer \u00e0 la prochaine liste, il pourrait devenir la surprise de la Coupe du Monde 2026, et prouver que le talent et la pers\u00e9v\u00e9rance peuvent toujours payer.<\/p>\n\n\n\n<p>Pensez-vous que Jean Buttez m\u00e9rite sa place dans l\u2019\u00c9quipe de France ? Peut-il devenir un atout majeur pour les Bleus en cas de blessure de Maignan ?<\/p>\n","protected":false},"excerpt":{"rendered":"<p>Alors que Mike Maignan retrouve une forme \u00e9blouissante au Milan AC, les autres gardiens fran\u00e7ais traversent une p\u00e9riode difficile. Lucas Chevalier (PSG), Brice Samba (Rennes) et Alphonse Areola (West Ham) peinent \u00e0 s\u2019imposer, laissant Didier Deschamps sans solution fiable en cas de blessure du titulaire. Jean Buttez, 30 ans, gardien r\u00e9v\u00e9lation de C\u00f4me cette saison, [&hellip;]<\/p>\n","protected":false},"author":2,"featured_media":41782,"comment_status":"open","ping_status":"open","sticky":false,"template":"","format":"standard","meta":{"_acf_changed":false,"_seopress_robots_primary_cat":"none","_seopress_titles_title":"","_seopress_titles_desc":"","_seopress_robots_index":"","footnotes":""},"categories":[1],"tags":[],"class_list":["post-41779","post","type-post","status-publish","format-standard","has-post-thumbnail","hentry","category-football"],"acf":[],"_links":{"self":[{"href":"https:\/\/mvz-sports.com\/fr\/wp-json\/wp\/v2\/posts\/41779","targetHints":{"allow":["GET"]}}],"collection":[{"href":"https:\/\/mvz-sports.com\/fr\/wp-json\/wp\/v2\/posts"}],"about":[{"href":"https:\/\/mvz-sports.com\/fr\/wp-json\/wp\/v2\/types\/post"}],"author":[{"embeddable":true,"href":"https:\/\/mvz-sports.com\/fr\/wp-json\/wp\/v2\/users\/2"}],"replies":[{"embeddable":true,"href":"https:\/\/mvz-sports.com\/fr\/wp-json\/wp\/v2\/comments?post=41779"}],"version-history":[{"count":0,"href":"https:\/\/mvz-sports.com\/fr\/wp-json\/wp\/v2\/posts\/41779\/revisions"}],"wp:featuredmedia":[{"embeddable":true,"href":"https:\/\/mvz-sports.com\/fr\/wp-json\/wp\/v2\/media\/41782"}],"wp:attachment":[{"href":"https:\/\/mvz-sports.com\/fr\/wp-json\/wp\/v2\/media?parent=41779"}],"wp:term":[{"taxonomy":"category","embeddable":true,"href":"https:\/\/mvz-sports.com\/fr\/wp-json\/wp\/v2\/categories?post=41779"},{"taxonomy":"post_tag","embeddable":true,"href":"https:\/\/mvz-sports.com\/fr\/wp-json\/wp\/v2\/tags?post=41779"}],"curies":[{"name":"wp","href":"https:\/\/api.w.org\/{rel}","templated":true}]}}