{"id":4230,"date":"2024-07-10T17:33:00","date_gmt":"2024-07-10T17:33:00","guid":{"rendered":"https:\/\/mvz-sports.com\/fr\/football\/news\/fr-football-news-didier-deschamps-prolonge-sur-le-banc-de-lequipe-de-france"},"modified":"2025-12-11T17:27:52","modified_gmt":"2025-12-11T17:27:52","slug":"didier-deschamps-prolonge-sur-le-banc-de-lequipe-de-france","status":"publish","type":"post","link":"https:\/\/mvz-sports.com\/fr\/football\/news\/didier-deschamps-prolonge-sur-le-banc-de-lequipe-de-france","title":{"rendered":"Didier Deschamps prolong\u00e9 sur le banc de l\u2019\u00c9quipe de France ?"},"content":{"rendered":"<div class=\"column column-2\">\n<div>\n<p>Apr\u00e8s la d\u00e9faite de l\u2019\u00e9quipe de France face \u00e0 l\u2019Espagne en demi-finale de l\u2019<a href=\"https:\/\/mvz-sports.com\/fr\/football\/competitions\/euro\">Euro 2024<\/a>, l\u2019heure est aux bilans. Malgr\u00e9 l\u2019ouverture du score par Randal Kolo Muani, les Bleus n\u2019ont pas su contenir une Roja plus efficace et collective. Cette \u00e9limination marque la fin d\u2019un parcours globalement d\u00e9cevant pour les Fran\u00e7ais, caract\u00e9ris\u00e9 par un collectif peu inspir\u00e9 et des choix tactiques discutables de Didier Deschamps. Les cadres de l\u2019\u00e9quipe, quant \u00e0 eux, ont \u00e9t\u00e9 loin de leur niveau habituel.<\/p>\n<\/div>\n<div>\n<\/div>\n<\/div>\n<h2>Un bilan mitig\u00e9 pour les Bleus<\/h2>\n<h3>La r\u00e9action inattendue de Philippe Diallo<\/h3>\n<p>Le pr\u00e9sident de la F\u00e9d\u00e9ration fran\u00e7aise de football (FFF), Philippe Diallo, a fait une sortie m\u00e9diatique surprenante au lendemain de cette d\u00e9faite. Interrog\u00e9 par L&rsquo;Equipe, il a d\u00e9clar\u00e9 : \u00ab Le bilan est globalement positif dans la mesure o\u00f9 l\u2019objectif fix\u00e9 de la demi-finale a \u00e9t\u00e9 atteint. Il ne faut jamais banaliser un tel r\u00e9sultat. Atteindre le dernier carr\u00e9, c\u2019est la d\u00e9monstration d\u2019une performance de haut niveau qui montre que l\u2019\u00e9quipe de France reste comp\u00e9titive et dans le gotha des grandes nations du football. \u00bb<\/p>\n<p>Cette d\u00e9claration a suscit\u00e9 de nombreuses r\u00e9actions, tant chez les journalistes que les supporters, qui voient en ces propos une forme de d\u00e9ni de la situation actuelle de l\u2019\u00e9quipe. Les tensions internes et les performances m\u00e9diocres semblent minimis\u00e9es par cette vision optimiste du pr\u00e9sident de la FFF.<\/p>\n<h3>L&rsquo;avenir de Didier Deschamps assur\u00e9<\/h3>\n<div class=\"column column-2\">\n<div>\n<\/div>\n<div>\n<p>Philippe Diallo a \u00e9galement abord\u00e9 l\u2019avenir de Didier Deschamps \u00e0 la t\u00eate de l\u2019\u00e9quipe de France. Malgr\u00e9 les critiques, il a affirm\u00e9 : \u00ab Il a en effet un contrat et a rempli l\u2019objectif sportif qui lui \u00e9tait donn\u00e9. Et lorsqu\u2019on regarde son parcours \u00e0 la t\u00eate de l\u2019\u00e9quipe de France, il est exceptionnel. Didier a men\u00e9 cette \u00e9quipe de la meilleure mani\u00e8re possible pendant cet Euro. Je ne vois pas de raison de remettre en cause son contrat. Les r\u00e9sultats du pass\u00e9 plaident pour lui et les objectifs ont \u00e9t\u00e9 atteints. Didier poursuivra sa mission. \u00bb<\/p>\n<\/div>\n<\/div>\n<h2>Une continuit\u00e9 malgr\u00e9 les d\u00e9fis<\/h2>\n<p>Depuis son arriv\u00e9e \u00e0 la pr\u00e9sidence de la FFF en remplacement de Noel Le Graet, Philippe Diallo n\u2019a jamais envisag\u00e9 de se s\u00e9parer de Didier Deschamps. Ce dernier continuera donc jusqu\u2019\u00e0 la fin de la Coupe du Monde 2026, date de l\u2019expiration de son contrat. Diallo a soulign\u00e9 les performances exceptionnelles de l\u2019\u00e9quipe sous la direction de Deschamps, rappelant la finale de la Coupe du Monde 2022 et la demi-finale de l\u2019Euro 2024 comme des preuves de la comp\u00e9titivit\u00e9 fran\u00e7aise sur la sc\u00e8ne internationale.<\/p>\n<h3>Une r\u00e9union cruciale \u00e0 venir<\/h3>\n<div class=\"column column-2\">\n<div>\n<\/div>\n<div>\n<p>Malgr\u00e9 cette continuit\u00e9 affich\u00e9e, une r\u00e9union est pr\u00e9vue dans les prochains jours pour analyser en profondeur les manquements qui ont conduit \u00e0 l\u2019\u00e9limination en demi-finale. Diallo a insist\u00e9 sur l\u2019importance de maintenir un haut niveau de professionnalisme et d\u2019excellence au sein de l\u2019\u00e9quipe de France, tout en prenant le recul n\u00e9cessaire pour \u00e9valuer les performances de mani\u00e8re objective.<\/p>\n<\/div>\n<\/div>\n<h3>FAQ :<\/h3>\n<p>&#8211; Didier Deschamps restera-t-il s\u00e9lectionneur de l\u2019\u00e9quipe de France ?<\/p>\n<p>\tOui, jusqu\u2019\u00e0 la Coupe du Monde 2026.<\/p>\n<p>&#8211; Quelles sont les r\u00e9actions aux propos de Philippe Diallo ?<\/p>\n<p>\tElles sont majoritairement critiques, accusant la FFF de d\u00e9ni face aux probl\u00e8mes actuels.<\/p>\n<p>&#8211; Une r\u00e9union est-elle pr\u00e9vue pour discuter de l\u2019avenir de l\u2019\u00e9quipe ?<\/p>\n<p>\tOui, une r\u00e9union sera organis\u00e9e dans les prochains jours pour une analyse approfondie.<\/p>\n<p>&#8211; Quels sont les r\u00e9sultats r\u00e9cents de l\u2019\u00e9quipe de France sous Deschamps ?<\/p>\n<p>\tFinale de la Coupe du Monde 2022 et demi-finale de l\u2019Euro 2024.<\/p>\n","protected":false},"excerpt":{"rendered":"<p>Apr\u00e8s la d\u00e9faite de l\u2019\u00e9quipe de France face \u00e0 l\u2019Espagne en demi-finale de l\u2019Euro 2024, l\u2019heure est aux bilans. Malgr\u00e9 l\u2019ouverture du score par Randal Kolo Muani, les Bleus n\u2019ont pas su contenir une Roja plus efficace et collective. Cette \u00e9limination marque la fin d\u2019un parcours globalement d\u00e9cevant pour les Fran\u00e7ais, caract\u00e9ris\u00e9 par un collectif [&hellip;]<\/p>\n","protected":false},"author":1,"featured_media":0,"comment_status":"open","ping_status":"open","sticky":false,"template":"","format":"standard","meta":{"_acf_changed":false,"_seopress_robots_primary_cat":"","_seopress_titles_title":"Deschamps prolong\u00e9 sur le banc de l\u2019\u00c9quipe de France ?","_seopress_titles_desc":"D\u00e9couvrez la surprenante d\u00e9claration de Philippe Diallo sur l'avenir de Didier Deschamps apr\u00e8s l'\u00e9limination des Bleus en demi-finale de l'Euro 2024.","_seopress_robots_index":"","footnotes":""},"categories":[1],"tags":[],"class_list":["post-4230","post","type-post","status-publish","format-standard","hentry","category-football"],"acf":[],"_links":{"self":[{"href":"https:\/\/mvz-sports.com\/fr\/wp-json\/wp\/v2\/posts\/4230","targetHints":{"allow":["GET"]}}],"collection":[{"href":"https:\/\/mvz-sports.com\/fr\/wp-json\/wp\/v2\/posts"}],"about":[{"href":"https:\/\/mvz-sports.com\/fr\/wp-json\/wp\/v2\/types\/post"}],"author":[{"embeddable":true,"href":"https:\/\/mvz-sports.com\/fr\/wp-json\/wp\/v2\/users\/1"}],"replies":[{"embeddable":true,"href":"https:\/\/mvz-sports.com\/fr\/wp-json\/wp\/v2\/comments?post=4230"}],"version-history":[{"count":0,"href":"https:\/\/mvz-sports.com\/fr\/wp-json\/wp\/v2\/posts\/4230\/revisions"}],"wp:attachment":[{"href":"https:\/\/mvz-sports.com\/fr\/wp-json\/wp\/v2\/media?parent=4230"}],"wp:term":[{"taxonomy":"category","embeddable":true,"href":"https:\/\/mvz-sports.com\/fr\/wp-json\/wp\/v2\/categories?post=4230"},{"taxonomy":"post_tag","embeddable":true,"href":"https:\/\/mvz-sports.com\/fr\/wp-json\/wp\/v2\/tags?post=4230"}],"curies":[{"name":"wp","href":"https:\/\/api.w.org\/{rel}","templated":true}]}}