{"id":4450,"date":"2024-08-14T13:48:00","date_gmt":"2024-08-14T13:48:00","guid":{"rendered":"https:\/\/mvz-sports.com\/fr\/football\/news\/fr-mma-news-dana-white-refuse-que-conor-mcgregor-combatte-cette-annee"},"modified":"2025-12-12T09:13:13","modified_gmt":"2025-12-12T09:13:13","slug":"dana-white-refuse-que-conor-mcgregor-combatte-cette-annee","status":"publish","type":"post","link":"https:\/\/mvz-sports.com\/fr\/mma\/news\/dana-white-refuse-que-conor-mcgregor-combatte-cette-annee","title":{"rendered":"Dana White refuse que Conor McGregor combatte cette ann\u00e9e"},"content":{"rendered":"<div class=\"column column-2\">\n<div>\n<\/div>\n<div>\n<p>Le pr\u00e9sident de l&rsquo;<a href=\"https:\/\/mvz-sports.com\/fr\/mma\/organizations\/ufc\">UFC<\/a>, Dana White, a confirm\u00e9 que <a href=\"https:\/\/mvz-sports.com\/fr\/mma\/fighters\/conor-mcgregor\">Conor McGregor<\/a>, l&rsquo;ic\u00f4ne irlandaise des sports de combat, ne fera pas son retour dans l&rsquo;octogone en 2024. Une nouvelle qui a d\u00e9\u00e7u de nombreux fans, mais \u00e9galement McGregor lui-m\u00eame, qui avait esp\u00e9r\u00e9 un retour en d\u00e9cembre de cette ann\u00e9e.<\/p>\n<\/div>\n<\/div>\n<h2>Un retour repouss\u00e9 malgr\u00e9 l&rsquo;envie de McGregor<\/h2>\n<p>Lors d&rsquo;une conf\u00e9rence de presse, Dana White a clarifi\u00e9 la situation : \u00ab Nous ne nous sommes pas rencontr\u00e9s mais nous avons parl\u00e9, et oui, il [McGregor] veut combattre. Alors nous allons arranger \u00e7a. (Mais) pas cette ann\u00e9e. Il ne se battra pas cette ann\u00e9e \u00bb. Ces d\u00e9clarations mettent un terme aux sp\u00e9culations autour d&rsquo;un \u00e9ventuel retour de McGregor en 2024, et repoussent ainsi encore un peu plus son retour tant attendu.<\/p>\n<div class=\"column column-2\">\n<div>\n<p>De son c\u00f4t\u00e9, McGregor n\u2019a pas tard\u00e9 \u00e0 r\u00e9agir sur les r\u00e9seaux sociaux. Dans un post sur X (anciennement Twitter), il a exprim\u00e9 son d\u00e9sir de combattre avant la fin de l&rsquo;ann\u00e9e : \u00ab D\u00e9cembre est la date id\u00e9ale ! Finissons l&rsquo;ann\u00e9e \u00e0 la maison avec un \u00e9v\u00e9nement gagnant ! Je pars en altitude le mois prochain pour me pr\u00e9parer. Dites \u00e0 Dana et \u00e0 l&rsquo;UFC que nous voulons d\u00e9cembre ! Nous m\u00e9ritons d\u00e9cembre ! \u00bb. Malgr\u00e9 sa motivation affich\u00e9e, il semble que les plans de l&rsquo;UFC ne co\u00efncident pas avec ses ambitions.<\/p>\n<\/div>\n<div>\n<\/div>\n<\/div>\n<h3>Un retour attendu apr\u00e8s trois ans d&rsquo;absence<\/h3>\n<p>Le dernier combat de McGregor remonte \u00e0 2021, lorsqu&rsquo;il s&rsquo;\u00e9tait inclin\u00e9 face \u00e0 <a href=\"https:\/\/mvz-sports.com\/fr\/mma\/fighters\/dustin-poirier\">Dustin Poirier<\/a> lors d\u2019un combat marqu\u00e9 par une fracture du tibia. Depuis, McGregor a \u00e9t\u00e9 \u00e9loign\u00e9 de la comp\u00e9tition pour diverses raisons, notamment des blessures et des probl\u00e8mes personnels, y compris des accusations de viol et des pol\u00e9miques autour de son comportement et de son hygi\u00e8ne de vie.<\/p>\n<div class=\"column column-2\">\n<div>\n<\/div>\n<div>\n<p>Le combat pr\u00e9vu contre Michael Chandler le 29 juin dernier \u00e0 l&rsquo;UFC 303 avait suscit\u00e9 beaucoup d&rsquo;attentes, mais il n&rsquo;a finalement pas eu lieu en raison d&rsquo;une nouvelle blessure de McGregor, cette fois \u00e0 l&rsquo;orteil. Ce report a ajout\u00e9 une frustration suppl\u00e9mentaire pour les fans de l&rsquo;Irlandais, qui esp\u00e9raient le voir revenir au sommet de sa forme.<\/p>\n<\/div>\n<\/div>\n<h3>L\u2019avenir de McGregor : entre incertitudes et espoirs<\/h3>\n<p>Le report de son retour \u00e0 2024 pose des questions sur l\u2019avenir de Conor McGregor au sein de l&rsquo;UFC. \u00c0 35 ans, et apr\u00e8s une longue p\u00e9riode d&rsquo;inactivit\u00e9, le chemin vers une nouvelle ceinture pourrait \u00eatre sem\u00e9 d&#8217;emb\u00fbches. N\u00e9anmoins, McGregor reste une figure embl\u00e9matique du MMA, et son retour, lorsqu&rsquo;il aura lieu, sera sans aucun doute l\u2019un des \u00e9v\u00e9nements les plus m\u00e9diatis\u00e9s du sport.<\/p>\n","protected":false},"excerpt":{"rendered":"<p>Le pr\u00e9sident de l&rsquo;UFC, Dana White, a confirm\u00e9 que Conor McGregor, l&rsquo;ic\u00f4ne irlandaise des sports de combat, ne fera pas son retour dans l&rsquo;octogone en 2024. Une nouvelle qui a d\u00e9\u00e7u de nombreux fans, mais \u00e9galement McGregor lui-m\u00eame, qui avait esp\u00e9r\u00e9 un retour en d\u00e9cembre de cette ann\u00e9e. Un retour repouss\u00e9 malgr\u00e9 l&rsquo;envie de McGregor [&hellip;]<\/p>\n","protected":false},"author":1,"featured_media":0,"comment_status":"open","ping_status":"open","sticky":false,"template":"","format":"standard","meta":{"_acf_changed":false,"_seopress_robots_primary_cat":"","_seopress_titles_title":"UFC : Dana White recale Conor McGregor pour cette ann\u00e9e","_seopress_titles_desc":"Conor McGregor ne combattra pas en 2024, selon Dana White. D\u00e9couvrez pourquoi ce retour tant attendu est report\u00e9 et les r\u00e9actions de l'Irlandais.","_seopress_robots_index":"","footnotes":""},"categories":[9],"tags":[],"class_list":["post-4450","post","type-post","status-publish","format-standard","hentry","category-mma"],"acf":[],"_links":{"self":[{"href":"https:\/\/mvz-sports.com\/fr\/wp-json\/wp\/v2\/posts\/4450","targetHints":{"allow":["GET"]}}],"collection":[{"href":"https:\/\/mvz-sports.com\/fr\/wp-json\/wp\/v2\/posts"}],"about":[{"href":"https:\/\/mvz-sports.com\/fr\/wp-json\/wp\/v2\/types\/post"}],"author":[{"embeddable":true,"href":"https:\/\/mvz-sports.com\/fr\/wp-json\/wp\/v2\/users\/1"}],"replies":[{"embeddable":true,"href":"https:\/\/mvz-sports.com\/fr\/wp-json\/wp\/v2\/comments?post=4450"}],"version-history":[{"count":0,"href":"https:\/\/mvz-sports.com\/fr\/wp-json\/wp\/v2\/posts\/4450\/revisions"}],"wp:attachment":[{"href":"https:\/\/mvz-sports.com\/fr\/wp-json\/wp\/v2\/media?parent=4450"}],"wp:term":[{"taxonomy":"category","embeddable":true,"href":"https:\/\/mvz-sports.com\/fr\/wp-json\/wp\/v2\/categories?post=4450"},{"taxonomy":"post_tag","embeddable":true,"href":"https:\/\/mvz-sports.com\/fr\/wp-json\/wp\/v2\/tags?post=4450"}],"curies":[{"name":"wp","href":"https:\/\/api.w.org\/{rel}","templated":true}]}}