{"id":4546,"date":"2024-08-22T09:34:00","date_gmt":"2024-08-22T09:34:00","guid":{"rendered":"https:\/\/mvz-sports.com\/fr\/football\/news\/fr-football-news-palmeiras-ferme-la-porte-au-psg-pour-richard-rios"},"modified":"2025-12-11T17:28:03","modified_gmt":"2025-12-11T17:28:03","slug":"palmeiras-ferme-la-porte-au-psg-pour-richard-rios","status":"publish","type":"post","link":"https:\/\/mvz-sports.com\/fr\/football\/news\/palmeiras-ferme-la-porte-au-psg-pour-richard-rios","title":{"rendered":"Palmeiras ferme la porte au PSG pour Richard R\u00edos"},"content":{"rendered":"<div class=\"column column-2\">\n<div>\n<\/div>\n<div>\n<p>\u00c0 quelques jours de la cl\u00f4ture du mercato, le <a href=\"https:\/\/mvz-sports.com\/fr\/football\/teams\/psg\">Paris Saint-Germain<\/a> multiplie les tentatives pour renforcer son effectif. Parmi les rumeurs qui ont \u00e9merg\u00e9 r\u00e9cemment, l&rsquo;int\u00e9r\u00eat du club pour le milieu colombien de Palmeiras, Richard R\u00edos, a suscit\u00e9 une certaine attention. Cependant, le club br\u00e9silien a rapidement \u00e9teint toute sp\u00e9culation. La pr\u00e9sidente de Palmeiras, Leila Pereira, a \u00e9t\u00e9 cat\u00e9gorique : R\u00edos ne partira pas.<\/p>\n<\/div>\n<\/div>\n<h2>Le PSG sur tous les fronts<\/h2>\n<p>Alors que le PSG cherche \u00e0 optimiser son effectif en vue de la nouvelle saison, il s&rsquo;est activ\u00e9 sur plusieurs fronts. Si la priorit\u00e9 actuelle reste le d\u00e9graissage, avec des d\u00e9parts esp\u00e9r\u00e9s avant la fermeture du march\u00e9, l&rsquo;id\u00e9e de recruter Richard R\u00edos semblait \u00eatre une opportunit\u00e9 inattendue. L&rsquo;international colombien, \u00e2g\u00e9 de 24 ans, attire l&rsquo;\u0153il de plusieurs clubs europ\u00e9ens, dont l&rsquo;AS Roma, la Fiorentina et l&rsquo;AC Milan. Paris, d\u00e9sireux de renforcer son milieu de terrain, avait avanc\u00e9 une offre estim\u00e9e \u00e0 20 millions d&rsquo;euros.<\/p>\n<h3>Une opportunit\u00e9 manqu\u00e9e pour Paris<\/h3>\n<div class=\"column column-2\">\n<div>\n<p>Malgr\u00e9 l&rsquo;\u00e9limination de Palmeiras de la Copa Libertadores par Botafogo, une porte de sortie que Paris aurait pu exploiter, la direction du club br\u00e9silien est rest\u00e9e in\u00e9branlable. \u00ab\u00a0Leila Pereira a d\u00e9j\u00e0 \u00e9t\u00e9 tr\u00e8s claire,\u00a0\u00bb a d\u00e9clar\u00e9 un dirigeant de Palmeiras au journaliste Andr\u00e9 Hernan de <a href=\"https:\/\/www.uol.com.br\/esporte\/futebol\/ultimas-noticias\/2024\/08\/21\/palmeiras-ja-decidiu-e-nao-quer-vender-richard-rios-ao-psg.htm\">_UOL_<\/a>. \u00ab\u00a0Richard R\u00edos ne sera pas vendu, que ce soit au PSG, \u00e0 l&rsquo;OM ou \u00e0 un autre club.\u00a0\u00bb<\/p>\n<\/div>\n<div>\n<\/div>\n<\/div>\n<h3>Le refus de Palmeiras : un signe de fermet\u00e9<\/h3>\n<p>Cette position ferme de Palmeiras refl\u00e8te non seulement l&rsquo;importance de R\u00edos pour l&rsquo;\u00e9quipe, mais aussi une strat\u00e9gie globale du club de ne pas c\u00e9der \u00e0 la pression des grands clubs europ\u00e9ens, m\u00eame face \u00e0 des offres all\u00e9chantes. Le message est limpide : Palmeiras a un projet \u00e0 long terme et Richard R\u00edos en est un \u00e9l\u00e9ment central. \u00ab\u00a0Palmeiras n\u2019a pas l\u2019intention de vendre Richard R\u00edos\u00a0\u00bb, a insist\u00e9 Andr\u00e9 Hernan. En d\u00e9pit des offres qui pourraient encore affluer dans les jours \u00e0 venir, le club reste ferme sur sa d\u00e9cision.<\/p>\n","protected":false},"excerpt":{"rendered":"<p>\u00c0 quelques jours de la cl\u00f4ture du mercato, le Paris Saint-Germain multiplie les tentatives pour renforcer son effectif. Parmi les rumeurs qui ont \u00e9merg\u00e9 r\u00e9cemment, l&rsquo;int\u00e9r\u00eat du club pour le milieu colombien de Palmeiras, Richard R\u00edos, a suscit\u00e9 une certaine attention. Cependant, le club br\u00e9silien a rapidement \u00e9teint toute sp\u00e9culation. La pr\u00e9sidente de Palmeiras, Leila [&hellip;]<\/p>\n","protected":false},"author":1,"featured_media":0,"comment_status":"open","ping_status":"open","sticky":false,"template":"","format":"standard","meta":{"_acf_changed":false,"_seopress_robots_primary_cat":"","_seopress_titles_title":"Le PSG recal\u00e9 par Palmeiras pour Richard R\u00edos","_seopress_titles_desc":"Le PSG a tent\u00e9 de recruter Richard R\u00edos avec une offre de 20 millions d'euros. Mais la pr\u00e9sidente de Palmeiras a r\u00e9pondu cat\u00e9goriquement.","_seopress_robots_index":"","footnotes":""},"categories":[1],"tags":[],"class_list":["post-4546","post","type-post","status-publish","format-standard","hentry","category-football"],"acf":[],"_links":{"self":[{"href":"https:\/\/mvz-sports.com\/fr\/wp-json\/wp\/v2\/posts\/4546","targetHints":{"allow":["GET"]}}],"collection":[{"href":"https:\/\/mvz-sports.com\/fr\/wp-json\/wp\/v2\/posts"}],"about":[{"href":"https:\/\/mvz-sports.com\/fr\/wp-json\/wp\/v2\/types\/post"}],"author":[{"embeddable":true,"href":"https:\/\/mvz-sports.com\/fr\/wp-json\/wp\/v2\/users\/1"}],"replies":[{"embeddable":true,"href":"https:\/\/mvz-sports.com\/fr\/wp-json\/wp\/v2\/comments?post=4546"}],"version-history":[{"count":0,"href":"https:\/\/mvz-sports.com\/fr\/wp-json\/wp\/v2\/posts\/4546\/revisions"}],"wp:attachment":[{"href":"https:\/\/mvz-sports.com\/fr\/wp-json\/wp\/v2\/media?parent=4546"}],"wp:term":[{"taxonomy":"category","embeddable":true,"href":"https:\/\/mvz-sports.com\/fr\/wp-json\/wp\/v2\/categories?post=4546"},{"taxonomy":"post_tag","embeddable":true,"href":"https:\/\/mvz-sports.com\/fr\/wp-json\/wp\/v2\/tags?post=4546"}],"curies":[{"name":"wp","href":"https:\/\/api.w.org\/{rel}","templated":true}]}}