{"id":4628,"date":"2024-09-02T10:05:00","date_gmt":"2024-09-02T10:05:00","guid":{"rendered":"https:\/\/mvz-sports.com\/fr\/football\/news\/fr-football-news-bayern-munich-kingsley-coman-fixe-sur-son-avenir"},"modified":"2025-12-12T09:13:16","modified_gmt":"2025-12-12T09:13:16","slug":"bayern-munich-kingsley-coman-fixe-sur-son-avenir","status":"publish","type":"post","link":"https:\/\/mvz-sports.com\/fr\/football\/news\/bayern-munich-kingsley-coman-fixe-sur-son-avenir","title":{"rendered":"Bayern Munich : Kingsley Coman fix\u00e9 sur son avenir"},"content":{"rendered":"<div class=\"column column-2\">\n<div>\n<\/div>\n<div>\n<p>Kingsley Coman, l&rsquo;ailier international fran\u00e7ais du <a href=\"https:\/\/mvz-sports.com\/fr\/football\/teams\/bayern-munich\">Bayern Munich<\/a>, a finalement vu son avenir s\u2019\u00e9claircir en cette fin de mercato mouvement\u00e9e. Alors qu\u2019un d\u00e9part semblait envisageable dans les derniers jours du march\u00e9 des transferts, le club bavarois a officiellement mis fin aux sp\u00e9culations. Coman restera au Bayern cette saison, malgr\u00e9 l\u2019int\u00e9r\u00eat de plusieurs clubs europ\u00e9ens et saoudiens.<\/p>\n<\/div>\n<\/div>\n<h2>Des rumeurs de d\u00e9part jusqu\u2019\u00e0 la derni\u00e8re minute<\/h2>\n<p>Les derniers jours du mercato estival ont \u00e9t\u00e9 intenses pour Kingsley Coman. L\u2019ancien joueur du PSG et de la Juventus a suscit\u00e9 l&rsquo;int\u00e9r\u00eat de plusieurs grands clubs, notamment Arsenal en Premier League, <a href=\"https:\/\/mvz-sports.com\/fr\/football\/teams\/al-hilal\">Al-Hilal<\/a> en Arabie saoudite, et m\u00eame le Paris Saint-Germain, son club formateur. Malgr\u00e9 ces approches, aucun accord n&rsquo;a \u00e9t\u00e9 conclu avant la cl\u00f4ture du march\u00e9 europ\u00e9en. Toutefois, un transfert vers l&rsquo;Arabie saoudite restait une possibilit\u00e9, puisque le mercato saoudien se terminait le lundi 2 septembre.<\/p>\n<h3>Le Bayern Munich ferme la porte<\/h3>\n<p>Finalement, le Bayern Munich a d\u00e9cid\u00e9 de conserver Kingsley Coman pour la saison 2024\/2025. Max Eberl, le directeur sportif du club, a \u00e9t\u00e9 tr\u00e8s clair \u00e0 ce sujet : \u00ab\u00a0Kingsley Coman reste avec nous\u00a0\u00bb, a-t-il affirm\u00e9 apr\u00e8s la victoire contre Fribourg (2-0) en Bundesliga. Cette d\u00e9claration met un terme aux sp\u00e9culations sur un \u00e9ventuel d\u00e9part de l&rsquo;international fran\u00e7ais, au moins pour le moment.<\/p>\n<div class=\"column column-2\">\n<div>\n<\/div>\n<div>\n<p>Coman, qui a d\u00e9j\u00e0 particip\u00e9 aux deux premi\u00e8res rencontres de Bundesliga en tant que rempla\u00e7ant, semble toutefois ne pas \u00eatre en t\u00eate des choix de l&rsquo;entra\u00eeneur Vincent Kompany pour un poste de titulaire. \u00c0 28 ans, le joueur form\u00e9 au PSG voit son contrat courir jusqu&rsquo;en 2027, ce qui pourrait le maintenir au centre des discussions lors des prochains mercatos.<\/p>\n<\/div>\n<\/div>\n<h3>Quelle place pour Coman cette saison ?<\/h3>\n<p>Reste \u00e0 savoir comment Vincent Kompany envisage d\u2019utiliser Coman au cours de la saison. S\u2019il parvient \u00e0 retrouver une place de titulaire indiscutable dans l\u2019\u00e9quipe bavaroise, cela pourrait influencer sa situation \u00e0 long terme. En revanche, son statut actuel de rempla\u00e7ant de luxe pourrait le maintenir dans l&rsquo;incertitude, d\u2019autant plus qu\u2019il a perdu son r\u00f4le de titulaire avec l\u2019\u00e9quipe de France sous la direction de Didier Deschamps.<\/p>\n","protected":false},"excerpt":{"rendered":"<p>Kingsley Coman, l&rsquo;ailier international fran\u00e7ais du Bayern Munich, a finalement vu son avenir s\u2019\u00e9claircir en cette fin de mercato mouvement\u00e9e. Alors qu\u2019un d\u00e9part semblait envisageable dans les derniers jours du march\u00e9 des transferts, le club bavarois a officiellement mis fin aux sp\u00e9culations. Coman restera au Bayern cette saison, malgr\u00e9 l\u2019int\u00e9r\u00eat de plusieurs clubs europ\u00e9ens et [&hellip;]<\/p>\n","protected":false},"author":1,"featured_media":0,"comment_status":"open","ping_status":"open","sticky":false,"template":"","format":"standard","meta":{"_acf_changed":false,"_seopress_robots_primary_cat":"","_seopress_titles_title":"Le Bayern Munich garde Kingsley Coman","_seopress_titles_desc":"Kingsley Coman reste au Bayern Munich malgr\u00e9 les rumeurs de d\u00e9part en fin de mercato. D\u00e9couvrez pourquoi le club bavarois a d\u00e9cid\u00e9 de le garder.","_seopress_robots_index":"","footnotes":""},"categories":[1],"tags":[],"class_list":["post-4628","post","type-post","status-publish","format-standard","hentry","category-football"],"acf":[],"_links":{"self":[{"href":"https:\/\/mvz-sports.com\/fr\/wp-json\/wp\/v2\/posts\/4628","targetHints":{"allow":["GET"]}}],"collection":[{"href":"https:\/\/mvz-sports.com\/fr\/wp-json\/wp\/v2\/posts"}],"about":[{"href":"https:\/\/mvz-sports.com\/fr\/wp-json\/wp\/v2\/types\/post"}],"author":[{"embeddable":true,"href":"https:\/\/mvz-sports.com\/fr\/wp-json\/wp\/v2\/users\/1"}],"replies":[{"embeddable":true,"href":"https:\/\/mvz-sports.com\/fr\/wp-json\/wp\/v2\/comments?post=4628"}],"version-history":[{"count":0,"href":"https:\/\/mvz-sports.com\/fr\/wp-json\/wp\/v2\/posts\/4628\/revisions"}],"wp:attachment":[{"href":"https:\/\/mvz-sports.com\/fr\/wp-json\/wp\/v2\/media?parent=4628"}],"wp:term":[{"taxonomy":"category","embeddable":true,"href":"https:\/\/mvz-sports.com\/fr\/wp-json\/wp\/v2\/categories?post=4628"},{"taxonomy":"post_tag","embeddable":true,"href":"https:\/\/mvz-sports.com\/fr\/wp-json\/wp\/v2\/tags?post=4628"}],"curies":[{"name":"wp","href":"https:\/\/api.w.org\/{rel}","templated":true}]}}