{"id":46650,"date":"2026-04-05T06:02:00","date_gmt":"2026-04-05T04:02:00","guid":{"rendered":"https:\/\/mvz-sports.com\/fr\/?p=46650"},"modified":"2026-04-04T14:27:27","modified_gmt":"2026-04-04T12:27:27","slug":"phil-mickelson-emboite-le-pas-a-tiger-woods-et-se-retire-du-golf","status":"publish","type":"post","link":"https:\/\/mvz-sports.com\/fr\/golf\/news\/phil-mickelson-emboite-le-pas-a-tiger-woods-et-se-retire-du-golf","title":{"rendered":"Phil Mickelson embo\u00eete le pas \u00e0 Tiger Woods et se retire du golf"},"content":{"rendered":"\n<p><strong>Phil Mickelson annonce son absence du Masters pour une dur\u00e9e ind\u00e9termin\u00e9e en raison d&rsquo;un probl\u00e8me de sant\u00e9 familiale, cr\u00e9ant un \u00e9v\u00e9nement sans pr\u00e9c\u00e9dent : pour la premi\u00e8re fois depuis 1994, ni lui ni Tiger Woods ne participeront au tournoi.<\/strong><\/p>\n\n\n\n<p>Moins de 48 heures apr\u00e8s l&rsquo;annonce de <strong>Tiger Woods<\/strong>, <strong>Phil Mickelson<\/strong> a confirm\u00e9 qu&rsquo;il ne jouerait pas au <strong>Masters<\/strong> dans dix jours. Cette double absence marque un tournant symbolique : deux g\u00e9ants du golf absents simultan\u00e9ment pour la premi\u00e8re fois en 32 ans. Contrairement au titre qui le sugg\u00e8re, <strong>Mickelson ne se retire pas d\u00e9finitivement<\/strong>  il g\u00e8re une crise familiale qui l&rsquo;\u00e9loigne temporairement des comp\u00e9titions.<\/p>\n\n\n\n<h2 class=\"wp-block-heading\">Mickelson et Woods absents du Masters : un \u00e9v\u00e9nement sans pr\u00e9c\u00e9dent depuis 1994<\/h2>\n\n\n\n<p><strong>Phil Mickelson<\/strong> a annonc\u00e9 mardi son forfait pour le <strong>Masters 2026<\/strong>. \u00ab\u00a0Malheureusement, je ne participerai pas au Tournoi des Ma\u00eetres dans dix jours et serai absent pour une dur\u00e9e ind\u00e9termin\u00e9e, le temps que ma famille g\u00e8re un probl\u00e8me de sant\u00e9\u00a0\u00bb, a d\u00e9clar\u00e9 le joueur de 56 ans sur ses r\u00e9seaux sociaux.<\/p>\n\n\n\n<p>Cette absence intervient moins de 48 heures apr\u00e8s celle de <strong>Tiger Woods<\/strong>. Pour la premi\u00e8re fois depuis 1994, ni l&rsquo;un ni l&rsquo;autre ne foulera les fairways d&rsquo;Augusta National. Mickelson, <strong>triple vainqueur du Masters<\/strong> (2004, 2006, 2010), voit son absence du tournoi rev\u00eatir une importance particuli\u00e8re.<\/p>\n\n\n\n<p>Le golfeur a d\u00e9j\u00e0 manqu\u00e9 4 des 5 premiers tournois du LIV Golf en 2026 pour la m\u00eame raison familiale. Son absence du Masters s&rsquo;inscrit donc dans une p\u00e9riode d&rsquo;\u00e9loignement plus large des comp\u00e9titions.<\/p>\n\n\n\n<h2 class=\"wp-block-heading\">Deux contextes distincts : sant\u00e9 familiale pour Mickelson, ennuis judiciaires pour Woods<\/h2>\n\n\n\n<p>Les raisons de ces deux absences sont radicalement diff\u00e9rentes. Mickelson fait face \u00e0 une crise familiale qui n\u00e9cessite sa pr\u00e9sence aupr\u00e8s des siens. <strong>Tiger Woods<\/strong>, lui, a \u00e9t\u00e9 <strong>arr\u00eat\u00e9 pour conduite sous influence<\/strong> pr\u00e8s de Jupiter, en Floride, le 27 mars dernier, selon le sh\u00e9rif John Budensie.<\/p>\n\n\n\n<p>Woods a \u00e9galement d\u00e9clin\u00e9 le poste de capitaine de la <strong>Coupe Ryder<\/strong>, ajoutant aux interrogations sur son avenir sportif. Ses ennuis judiciaires contrastent avec la situation personnelle de Mickelson, qui <strong>privil\u00e9gie sa famille<\/strong> face \u00e0 un probl\u00e8me de sant\u00e9 non pr\u00e9cis\u00e9.<\/p>\n\n\n\n<h2 class=\"wp-block-heading\">Quel Masters sans ses deux plus grandes figures ?<\/h2>\n\n\n\n<p>Le <strong>Masters 2026<\/strong> se d\u00e9roulera sans ses deux ambassadeurs les plus embl\u00e9matiques. Mickelson, figure controvers\u00e9e depuis son passage au LIV Golf en 2022, voit son absence s&rsquo;inscrire dans un contexte de <strong>tensions persistantes avec la PGA<\/strong>.<\/p>\n\n\n\n<p>Sans ses deux ambassadeurs, le prestige d&rsquo;Augusta National peut-il survivre \u00e0 l&rsquo;absence simultan\u00e9e de ses deux plus grands champions des trois derni\u00e8res d\u00e9cennies ? Le tournoi conserve son statut de Major, mais perd <strong>deux de ses attractions principales<\/strong>.<\/p>\n\n\n\n<p>L&rsquo;impact d\u00e9passe le simple spectacle sportif. Ces absences marquent symboliquement la fin d&rsquo;une \u00e8re o\u00f9 Woods et Mickelson incarnaient l&rsquo;excellence et la rivalit\u00e9 au plus haut niveau du <a href=\"https:\/\/mvz-sports.com\/fr\/golf\">golf<\/a> professionnel.<\/p>\n\n\n\n<p>Pour la premi\u00e8re fois en 32 ans, le <strong>Masters<\/strong> se jouera sans ses deux plus grandes figures un tournant symbolique qui marque la fin d&rsquo;une \u00e8re. Pensez-vous que le Masters peut conserver son prestige sans <strong>Mickelson<\/strong> et <strong>Woods<\/strong>, ou leur absence diminue-t-elle l&rsquo;int\u00e9r\u00eat du tournoi ?<\/p>\n","protected":false},"excerpt":{"rendered":"<p>Phil Mickelson annonce son absence du Masters pour une dur\u00e9e ind\u00e9termin\u00e9e en raison d&rsquo;un probl\u00e8me de sant\u00e9 familiale, cr\u00e9ant un \u00e9v\u00e9nement sans pr\u00e9c\u00e9dent : pour la premi\u00e8re fois depuis 1994, ni lui ni Tiger Woods ne participeront au tournoi. Moins de 48 heures apr\u00e8s l&rsquo;annonce de Tiger Woods, Phil Mickelson a confirm\u00e9 qu&rsquo;il ne jouerait [&hellip;]<\/p>\n","protected":false},"author":2,"featured_media":46653,"comment_status":"open","ping_status":"open","sticky":false,"template":"","format":"standard","meta":{"_acf_changed":false,"_seopress_robots_primary_cat":"none","_seopress_titles_title":"","_seopress_titles_desc":"","_seopress_robots_index":"","footnotes":""},"categories":[5],"tags":[],"class_list":["post-46650","post","type-post","status-publish","format-standard","has-post-thumbnail","hentry","category-golf"],"acf":[],"_links":{"self":[{"href":"https:\/\/mvz-sports.com\/fr\/wp-json\/wp\/v2\/posts\/46650","targetHints":{"allow":["GET"]}}],"collection":[{"href":"https:\/\/mvz-sports.com\/fr\/wp-json\/wp\/v2\/posts"}],"about":[{"href":"https:\/\/mvz-sports.com\/fr\/wp-json\/wp\/v2\/types\/post"}],"author":[{"embeddable":true,"href":"https:\/\/mvz-sports.com\/fr\/wp-json\/wp\/v2\/users\/2"}],"replies":[{"embeddable":true,"href":"https:\/\/mvz-sports.com\/fr\/wp-json\/wp\/v2\/comments?post=46650"}],"version-history":[{"count":1,"href":"https:\/\/mvz-sports.com\/fr\/wp-json\/wp\/v2\/posts\/46650\/revisions"}],"predecessor-version":[{"id":46654,"href":"https:\/\/mvz-sports.com\/fr\/wp-json\/wp\/v2\/posts\/46650\/revisions\/46654"}],"wp:featuredmedia":[{"embeddable":true,"href":"https:\/\/mvz-sports.com\/fr\/wp-json\/wp\/v2\/media\/46653"}],"wp:attachment":[{"href":"https:\/\/mvz-sports.com\/fr\/wp-json\/wp\/v2\/media?parent=46650"}],"wp:term":[{"taxonomy":"category","embeddable":true,"href":"https:\/\/mvz-sports.com\/fr\/wp-json\/wp\/v2\/categories?post=46650"},{"taxonomy":"post_tag","embeddable":true,"href":"https:\/\/mvz-sports.com\/fr\/wp-json\/wp\/v2\/tags?post=46650"}],"curies":[{"name":"wp","href":"https:\/\/api.w.org\/{rel}","templated":true}]}}