{"id":46690,"date":"2026-04-05T16:31:00","date_gmt":"2026-04-05T14:31:00","guid":{"rendered":"https:\/\/mvz-sports.com\/fr\/?p=46690"},"modified":"2026-04-05T03:32:51","modified_gmt":"2026-04-05T01:32:51","slug":"le-real-madrid-sombre-face-a-majorque-et-seloigne-dans-la-course-au-titre","status":"publish","type":"post","link":"https:\/\/mvz-sports.com\/fr\/football\/news\/le-real-madrid-sombre-face-a-majorque-et-seloigne-dans-la-course-au-titre","title":{"rendered":"Le Real Madrid sombre face \u00e0 Majorque et s&rsquo;\u00e9loigne dans la course au titre"},"content":{"rendered":"\n<p><strong>Muet face \u00e0 Majorque, Kylian Mbapp\u00e9 n\u2019a rien pu faire pour emp\u00eacher la d\u00e9faite du Real Madrid (2-1) samedi \u00e0 San Moix, un revers qui \u00e9loigne encore un peu plus les Merengue du titre et profite au FC Barcelone.<\/strong><\/p>\n\n\n\n<p>Titularis\u00e9 pour la premi\u00e8re fois depuis f\u00e9vrier, <strong><a href=\"https:\/\/mvz-sports.com\/fr\/football\/players\/kylian-mbappe-lottin\">Kylian Mbapp\u00e9<\/a><\/strong> a but\u00e9 sur le gardien de Majorque, Leo Rom\u00e1n, auteur d\u2019une soir\u00e9e inspir\u00e9e qui a annul\u00e9 \u00e0 plusieurs reprises les tentatives du Fran\u00e7ais. Malgr\u00e9 l\u2019\u00e9galisation de <strong><a href=\"https:\/\/mvz-sports.com\/fr\/football\/players\/eder-gabriel-militao\">Milit\u00e3o<\/a><\/strong> en fin de ce match de <a href=\"https:\/\/mvz-sports.com\/fr\/football\">football<\/a>, Majorque a finalement arrach\u00e9 la victoire dans le temps additionnel gr\u00e2ce \u00e0 <strong>Vedat Muriqi<\/strong>, relan\u00e7ant la lutte pour le maintien et laissant le Real \u00e0 quatre points du Bar\u00e7a.<\/p>\n\n\n\n<h2 class=\"wp-block-heading\">Majorque fait sombrer le Real Madrid : Mbapp\u00e9 impuissant face \u00e0 Roman<\/h2>\n\n\n\n<p><strong>Vedat Muriqi a donn\u00e9 la victoire \u00e0 Majorque<\/strong> en marquant \u00e0 la 92e minute. L&rsquo;attaquant kosovar a profit\u00e9 d&rsquo;un centre parfait pour tromper <strong><a href=\"https:\/\/mvz-sports.com\/fr\/football\/players\/thibaut-nicolas-marc-courtois\">Thibaut Courtois<\/a><\/strong> d&rsquo;une t\u00eate imparable.<\/p>\n\n\n\n<p><strong>Kylian Mbapp\u00e9<\/strong> a v\u00e9cu un calvaire face au gardien Leo Roman. L&rsquo;international fran\u00e7ais a vu ses 3 tentatives repouss\u00e9es par le portier majorquin, auteur d&rsquo;une performance exceptionnelle.<\/p>\n\n\n\n<p>Majorque n&rsquo;avait plus battu le <strong>Real Madrid<\/strong> depuis 2009 \u00e0 domicile.<\/p>\n\n\n\n<h2 class=\"wp-block-heading\">L&rsquo;\u00e9cart s&rsquo;agrandit : le Bar\u00e7a peut faire le break samedi<\/h2>\n\n\n\n<p><a href=\"https:\/\/mvz-sports.com\/fr\/football\/clubs\/real-madrid\">Madrid<\/a> accuse d\u00e9sormais <strong>4 points de retard sur <a href=\"https:\/\/mvz-sports.com\/fr\/football\/clubs\/barcelona\">Barcelone<\/a><\/strong>. Si le Bar\u00e7a l&#8217;emporte samedi soir \u00e0 21h contre l&rsquo;<strong>Atl\u00e9tico Madrid<\/strong>, l&rsquo;\u00e9cart passerait \u00e0 7 points avec seulement 8 journ\u00e9es restantes. Un gouffre quasi insurmontable pour les hommes d&rsquo;Alvaro Arbeloa.<\/p>\n\n\n\n<p>\u00ab\u00a0C&rsquo;est enti\u00e8rement de ma faute\u00a0\u00bb, a reconnu <strong>Alvaro Arbeloa<\/strong> en conf\u00e9rence de presse. L&rsquo;entra\u00eeneur madril\u00e8ne assume la responsabilit\u00e9 de ce nouveau revers.<\/p>\n\n\n\n<h2 class=\"wp-block-heading\">Dix d\u00e9faites en une saison : le Real Madrid en crise<\/h2>\n\n\n\n<p>Cette <strong>10e d\u00e9faite de la saison<\/strong> confirme une tendance alarmante. Jamais sous <strong>Zin\u00e9dine Zidane<\/strong> ou <strong>Carlo Ancelotti<\/strong>, le Real n&rsquo;avait encaiss\u00e9 autant de revers en <a href=\"https:\/\/mvz-sports.com\/fr\/football\/competitions\/la-liga\">Liga<\/a>.<\/p>\n\n\n\n<p>Si Barcelone bat l&rsquo;<a href=\"https:\/\/mvz-sports.com\/fr\/football\/clubs\/atletico-madrid\">Atl\u00e9tico Madrid<\/a> samedi soir, l&rsquo;\u00e9cart passera \u00e0 7 points \u00e0 8 journ\u00e9es de la fin.<\/p>\n","protected":false},"excerpt":{"rendered":"<p>Muet face \u00e0 Majorque, Kylian Mbapp\u00e9 n\u2019a rien pu faire pour emp\u00eacher la d\u00e9faite du Real Madrid (2-1) samedi \u00e0 San Moix, un revers qui \u00e9loigne encore un peu plus les Merengue du titre et profite au FC Barcelone. Titularis\u00e9 pour la premi\u00e8re fois depuis f\u00e9vrier, Kylian Mbapp\u00e9 a but\u00e9 sur le gardien de Majorque, [&hellip;]<\/p>\n","protected":false},"author":2,"featured_media":46696,"comment_status":"open","ping_status":"open","sticky":false,"template":"","format":"standard","meta":{"_acf_changed":false,"_seopress_robots_primary_cat":"none","_seopress_titles_title":"","_seopress_titles_desc":"","_seopress_robots_index":"","footnotes":""},"categories":[1],"tags":[],"class_list":["post-46690","post","type-post","status-publish","format-standard","has-post-thumbnail","hentry","category-football"],"acf":[],"_links":{"self":[{"href":"https:\/\/mvz-sports.com\/fr\/wp-json\/wp\/v2\/posts\/46690","targetHints":{"allow":["GET"]}}],"collection":[{"href":"https:\/\/mvz-sports.com\/fr\/wp-json\/wp\/v2\/posts"}],"about":[{"href":"https:\/\/mvz-sports.com\/fr\/wp-json\/wp\/v2\/types\/post"}],"author":[{"embeddable":true,"href":"https:\/\/mvz-sports.com\/fr\/wp-json\/wp\/v2\/users\/2"}],"replies":[{"embeddable":true,"href":"https:\/\/mvz-sports.com\/fr\/wp-json\/wp\/v2\/comments?post=46690"}],"version-history":[{"count":2,"href":"https:\/\/mvz-sports.com\/fr\/wp-json\/wp\/v2\/posts\/46690\/revisions"}],"predecessor-version":[{"id":46699,"href":"https:\/\/mvz-sports.com\/fr\/wp-json\/wp\/v2\/posts\/46690\/revisions\/46699"}],"wp:featuredmedia":[{"embeddable":true,"href":"https:\/\/mvz-sports.com\/fr\/wp-json\/wp\/v2\/media\/46696"}],"wp:attachment":[{"href":"https:\/\/mvz-sports.com\/fr\/wp-json\/wp\/v2\/media?parent=46690"}],"wp:term":[{"taxonomy":"category","embeddable":true,"href":"https:\/\/mvz-sports.com\/fr\/wp-json\/wp\/v2\/categories?post=46690"},{"taxonomy":"post_tag","embeddable":true,"href":"https:\/\/mvz-sports.com\/fr\/wp-json\/wp\/v2\/tags?post=46690"}],"curies":[{"name":"wp","href":"https:\/\/api.w.org\/{rel}","templated":true}]}}