{"id":46808,"date":"2026-04-07T12:02:00","date_gmt":"2026-04-07T10:02:00","guid":{"rendered":"https:\/\/mvz-sports.com\/fr\/?p=46808"},"modified":"2026-04-07T09:47:35","modified_gmt":"2026-04-07T07:47:35","slug":"rien-ne-va-plus-pour-mbappe-au-real-madrid-les-supporters-craquent","status":"publish","type":"post","link":"https:\/\/mvz-sports.com\/fr\/football\/news\/rien-ne-va-plus-pour-mbappe-au-real-madrid-les-supporters-craquent","title":{"rendered":"Rien ne va plus pour Mbapp\u00e9 au Real Madrid, les supporters craquent"},"content":{"rendered":"\n<p><strong>La situation de Mbapp\u00e9 au Real Madrid continue de se d\u00e9grader, avec des performances en demi-teinte qui alimentent la frustration croissante des supporters madril\u00e8nes.<\/strong><\/p>\n\n\n\n<p>Depuis son arriv\u00e9e au <a href=\"https:\/\/mvz-sports.com\/fr\/football\/clubs\/real-madrid\">Real Madrid<\/a> \u00e0 l&rsquo;\u00e9t\u00e9 2024, <strong>Mbapp\u00e9 peine \u00e0 convaincre<\/strong>. L&rsquo;ancien star du <strong>PSG<\/strong> fait face \u00e0 des critiques croissantes de la part des supporters et des m\u00e9dias espagnols.<\/p>\n\n\n\n<h2 class=\"wp-block-heading\">Des performances qui questionnent<\/h2>\n\n\n\n<p>Les performances de <a href=\"https:\/\/mvz-sports.com\/fr\/football\/players\/kylian-mbappe-lottin\">Mbapp\u00e9<\/a> cette saison soul\u00e8vent des interrogations. Malgr\u00e9 son statut de <strong>joueur le mieux pay\u00e9 du club<\/strong>, l&rsquo;ancien capitaine de l&rsquo;\u00e9quipe de France peine \u00e0 justifier les attentes plac\u00e9es en lui.<\/p>\n\n\n\n<p>Une performance d&rsquo;autant plus d\u00e9cevante qu&rsquo;elle intervient dans un contexte o\u00f9 le <strong>Real Madrid<\/strong> traverse une p\u00e9riode difficile. Rappelons que Mbapp\u00e9 est arriv\u00e9 \u00e0 l&rsquo;\u00e9t\u00e9 2024 en provenance du PSG avec le statut de joueur le mieux pay\u00e9 du <strong>Real Madrid<\/strong>. Ce contraste entre les attentes initiales et la r\u00e9alit\u00e9 actuelle accentue la frustration g\u00e9n\u00e9rale.<\/p>\n\n\n\n<h2 class=\"wp-block-heading\">Les supporters expriment leur m\u00e9contentement<\/h2>\n\n\n\n<p>La relation entre Mbapp\u00e9 et les supporters madril\u00e8nes se tend. Sur les r\u00e9seaux sociaux, <strong>les critiques se multiplient<\/strong>, traduisant l&rsquo;exasp\u00e9ration d&rsquo;une partie du public madril\u00e8ne.<\/p>\n\n\n\n<p>Les m\u00e9dias espagnols questionnent r\u00e9guli\u00e8rement l&rsquo;adaptation de Mbapp\u00e9 aux codes du Real Madrid, pointant un possible choc culturel entre l&rsquo;ancien star parisienne et l&rsquo;institution madril\u00e8ne.<\/p>\n\n\n\n<p>Cette analyse pointe un <strong>choc culturel profond<\/strong>. L&rsquo;ancien meilleur buteur du <a href=\"https:\/\/mvz-sports.com\/fr\/football\/clubs\/paris-saint-germain\">PSG<\/a>, habitu\u00e9 \u00e0 \u00eatre le centre du projet parisien, peine \u00e0 s&rsquo;adapter aux codes d&rsquo;une institution o\u00f9 les r\u00e9sultats collectifs priment sur les individualit\u00e9s.<\/p>\n\n\n\n<h2 class=\"wp-block-heading\">Une d\u00e9fense collective face aux critiques<\/h2>\n\n\n\n<p>Mbapp\u00e9 a r\u00e9cemment d\u00e9fendu son co\u00e9quipier <a href=\"https:\/\/mvz-sports.com\/fr\/football\/players\/vinicius-jose-paixao-de-oliveira-junior\">Vinicius<\/a> face aux critiques, estimant que <strong>les difficult\u00e9s sont collectives<\/strong> plut\u00f4t qu&rsquo;individuelles.<\/p>\n\n\n\n<p>Cette sortie intervient alors que <strong>Vinicius<\/strong> traverse lui aussi une p\u00e9riode difficile avec seulement 1 but marqu\u00e9 sur ses 18 derniers matchs (90min). Une statistique qui donne du cr\u00e9dit \u00e0 l&rsquo;argument de Mbapp\u00e9 sur la crise collective.<\/p>\n\n\n\n<p>Mais cette d\u00e9fense peut aussi \u00eatre per\u00e7ue comme un refus d&rsquo;endosser le <strong>r\u00f4le de leader attendu<\/strong>. Au Real Madrid, les stars assument traditionnellement la pression et les critiques. La posture de Mbapp\u00e9 tranche avec cette culture institutionnelle.<\/p>\n\n\n\n<p>L&rsquo;adaptation de <strong>Mbapp\u00e9<\/strong> au <strong>Real Madrid<\/strong> reste un d\u00e9fi majeur. Entre les attentes \u00e9normes plac\u00e9es en lui et la culture exigeante du club, l&rsquo;ancien parisien doit rapidement trouver ses marques pour justifier son statut.<\/p>\n\n\n\n<p>Pensez-vous que Mbapp\u00e9 peut encore s&rsquo;imposer au Real Madrid cette saison de <a href=\"https:\/\/mvz-sports.com\/fr\/football\">football<\/a>?<\/p>\n","protected":false},"excerpt":{"rendered":"<p>La situation de Mbapp\u00e9 au Real Madrid continue de se d\u00e9grader, avec des performances en demi-teinte qui alimentent la frustration croissante des supporters madril\u00e8nes. Depuis son arriv\u00e9e au Real Madrid \u00e0 l&rsquo;\u00e9t\u00e9 2024, Mbapp\u00e9 peine \u00e0 convaincre. L&rsquo;ancien star du PSG fait face \u00e0 des critiques croissantes de la part des supporters et des m\u00e9dias [&hellip;]<\/p>\n","protected":false},"author":2,"featured_media":46811,"comment_status":"open","ping_status":"open","sticky":false,"template":"","format":"standard","meta":{"_acf_changed":false,"_seopress_robots_primary_cat":"none","_seopress_titles_title":"","_seopress_titles_desc":"","_seopress_robots_index":"","footnotes":""},"categories":[1],"tags":[],"class_list":["post-46808","post","type-post","status-publish","format-standard","has-post-thumbnail","hentry","category-football"],"acf":[],"_links":{"self":[{"href":"https:\/\/mvz-sports.com\/fr\/wp-json\/wp\/v2\/posts\/46808","targetHints":{"allow":["GET"]}}],"collection":[{"href":"https:\/\/mvz-sports.com\/fr\/wp-json\/wp\/v2\/posts"}],"about":[{"href":"https:\/\/mvz-sports.com\/fr\/wp-json\/wp\/v2\/types\/post"}],"author":[{"embeddable":true,"href":"https:\/\/mvz-sports.com\/fr\/wp-json\/wp\/v2\/users\/2"}],"replies":[{"embeddable":true,"href":"https:\/\/mvz-sports.com\/fr\/wp-json\/wp\/v2\/comments?post=46808"}],"version-history":[{"count":2,"href":"https:\/\/mvz-sports.com\/fr\/wp-json\/wp\/v2\/posts\/46808\/revisions"}],"predecessor-version":[{"id":46813,"href":"https:\/\/mvz-sports.com\/fr\/wp-json\/wp\/v2\/posts\/46808\/revisions\/46813"}],"wp:featuredmedia":[{"embeddable":true,"href":"https:\/\/mvz-sports.com\/fr\/wp-json\/wp\/v2\/media\/46811"}],"wp:attachment":[{"href":"https:\/\/mvz-sports.com\/fr\/wp-json\/wp\/v2\/media?parent=46808"}],"wp:term":[{"taxonomy":"category","embeddable":true,"href":"https:\/\/mvz-sports.com\/fr\/wp-json\/wp\/v2\/categories?post=46808"},{"taxonomy":"post_tag","embeddable":true,"href":"https:\/\/mvz-sports.com\/fr\/wp-json\/wp\/v2\/tags?post=46808"}],"curies":[{"name":"wp","href":"https:\/\/api.w.org\/{rel}","templated":true}]}}