{"id":46841,"date":"2026-04-08T05:03:00","date_gmt":"2026-04-08T03:03:00","guid":{"rendered":"https:\/\/mvz-sports.com\/fr\/?p=46841"},"modified":"2026-04-07T12:37:56","modified_gmt":"2026-04-07T10:37:56","slug":"italie-eliminee-du-mondial-2026-un-ramasseur-de-balles-a-vole-les-antiseches-de-donnaruma","status":"publish","type":"post","link":"https:\/\/mvz-sports.com\/fr\/football\/news\/italie-eliminee-du-mondial-2026-un-ramasseur-de-balles-a-vole-les-antiseches-de-donnaruma","title":{"rendered":"Italie \u00e9limin\u00e9e du Mondial 2026 : un ramasseur de balles a vol\u00e9 les antis\u00e8ches de Donnaruma"},"content":{"rendered":"\n<p><strong>Afan Cizmic, 14 ans, ramasseur de balles lors du match Bosnie-Italie du 31 mars, a vol\u00e9 l&rsquo;antis\u00e8che tactique de Donnarumma. Ce geste a priv\u00e9 le gardien italien de ses notes cruciales avant les tirs au but fatals.<\/strong><\/p>\n\n\n\n<p>La <strong>Bosnie-Herz\u00e9govine<\/strong> s&rsquo;est qualifi\u00e9e \u00e0 la <a href=\"https:\/\/mvz-sports.com\/fr\/football\/competitions\/coupe-du-monde-de-football\">coupe du  Monde<\/a> 2026 en \u00e9liminant l&rsquo;<strong>Italie<\/strong> aux tirs au but le 31 mars dernier. Un adolescent bosnien avait sabord\u00e9 les chances italiennes en quelques secondes.<\/p>\n\n\n\n<h2 class=\"wp-block-heading\">Comment un ramasseur de balles a vol\u00e9 l&rsquo;antis\u00e8che de Donnarumma<\/h2>\n\n\n\n<p>Ce ramasseur de balles de 14 ans officiait lors du barrage d\u00e9cisif entre la <strong>Bosnie-Herz\u00e9govine<\/strong> et <strong>l&rsquo;Italie<\/strong>. Pendant une interruption de jeu, il a aper\u00e7u un morceau de papier pr\u00e8s du but de <strong><a href=\"https:\/\/mvz-sports.com\/fr\/football\/players\/gianluigi-donnarumma\">Gianluigi Donnarumma<\/a><\/strong>.<\/p>\n\n\n\n<p>\u00ab\u00a0J&rsquo;ai vu le morceau de papier et j&rsquo;ai tout de suite compris ce que c&rsquo;\u00e9tait. Je l&rsquo;ai attrap\u00e9 et je l&rsquo;ai cach\u00e9\u00a0\u00bb, confie l&rsquo;adolescent \u00e0 Face TV, cha\u00eene bosnienne qui a r\u00e9v\u00e9l\u00e9 l&rsquo;affaire. Le gardien italien, capitaine et figure embl\u00e9matique de la Squadra Azzurra, venait de perdre ses <strong>notes tactiques<\/strong> sur les tireurs bosniens.<\/p>\n\n\n\n<p>L&rsquo;antis\u00e8che d\u00e9taillait habitudes de tir, c\u00f4t\u00e9s pr\u00e9f\u00e9r\u00e9s et techniques de chaque tireur bosnien. <strong>Donnarumma<\/strong> s&rsquo;appuyait sur ces donn\u00e9es pour optimiser ses chances d&rsquo;arr\u00eat lors des tirs au but. En quelques secondes, Afan Cizmic avait fait dispara\u00eetre l&rsquo;avantage tactique italien.<\/p>\n\n\n\n<h2 class=\"wp-block-heading\">L&rsquo;antis\u00e8che vol\u00e9e : les notes tactiques qui auraient sauv\u00e9 l&rsquo;Italie<\/h2>\n\n\n\n<p>Le contenu de ce papier \u00e9tait explosif. \u00ab\u00a0Dessus, il y avait toutes les informations sur nos joueurs. Sans ce papier, <strong>Donnarumma<\/strong> n&rsquo;a pu se fier qu&rsquo;\u00e0 son instinct\u00a0\u00bb, r\u00e9v\u00e8le <strong>Afan Cizmic<\/strong>. Les notes d\u00e9taillaient les <strong>pr\u00e9f\u00e9rences de chaque tireur<\/strong> bosnien : angle favori, puissance, feintes habituelles.<\/p>\n\n\n\n<p>Pour un gardien, ces informations valent de l&rsquo;or lors d&rsquo;une s\u00e9ance de tirs au but. Elles permettent d&rsquo;anticiper, de se positionner, de gagner quelques centim\u00e8tres d\u00e9cisifs. Donnarumma, r\u00e9put\u00e9 pour sa pr\u00e9paration m\u00e9ticuleuse, s&rsquo;\u00e9tait retrouv\u00e9 d\u00e9muni face aux tireurs adverses.<\/p>\n\n\n\n<p>La d\u00e9couverte de la disparition a \u00e9t\u00e9 un choc. \u00ab\u00a0Il \u00e9tait d\u00e9\u00e7u et tr\u00e8s en col\u00e8re. Il a pris sa serviette et s&rsquo;est aper\u00e7u que le papier avait disparu. Il a cherch\u00e9, mais en vain\u00a0\u00bb, raconte le jeune Bosnien. <strong>L&rsquo;Italie<\/strong> a perdu la <strong>s\u00e9ance de tirs au but 4-2<\/strong>, <strong>Donnarumma<\/strong> n&rsquo;arr\u00eatant aucun penalty.<\/p>\n\n\n\n<h2 class=\"wp-block-heading\">L&rsquo;Italie face \u00e0 sa mal\u00e9diction des barrages mondiaux<\/h2>\n\n\n\n<p>Cette \u00e9limination marque la <strong>troisi\u00e8me cons\u00e9cutive<\/strong> de l&rsquo;Italie aux barrages du Mondial. Apr\u00e8s 2018 et 2022, la Squadra Azzurra rate encore sa qualification pour la Coupe du monde.<\/p>\n\n\n\n<p>Le contraste est saisissant entre la r\u00e9ussite continentale et les \u00e9checs mondiaux. <strong>L&rsquo;Italie<\/strong> domine l&rsquo;Europe mais bute syst\u00e9matiquement sur les barrages intercontinentaux. Cette mal\u00e9diction interroge sur la capacit\u00e9 d&rsquo;adaptation de l&rsquo;\u00e9quipe aux enjeux particuliers de ces confrontations.<\/p>\n\n\n\n<p>L&rsquo;incident r\u00e9v\u00e9l\u00e9 par Face TV s&rsquo;inscrit dans une s\u00e9rie troublante. Des sources \u00e9voquent un <strong>\u00ab\u00a0doubl\u00e9 vol de fiche\u00a0\u00bb<\/strong>, sugg\u00e9rant que d&rsquo;autres antis\u00e8ches auraient disparu lors de matchs r\u00e9cents. Une pratique qui pourrait expliquer certaines contre-performances italiennes.<\/p>\n\n\n\n<p>Ce vol d&rsquo;antis\u00e8che illustre la fragilit\u00e9 du <a href=\"https:\/\/mvz-sports.com\/fr\/football\">football<\/a> moderne, o\u00f9 la technologie et la pr\u00e9paration tactique deviennent cruciales. <strong>L&rsquo;Italie<\/strong> devra repenser sa s\u00e9curisation des donn\u00e9es pour \u00e9viter de nouveaux incidents.<\/p>\n","protected":false},"excerpt":{"rendered":"<p>Afan Cizmic, 14 ans, ramasseur de balles lors du match Bosnie-Italie du 31 mars, a vol\u00e9 l&rsquo;antis\u00e8che tactique de Donnarumma. Ce geste a priv\u00e9 le gardien italien de ses notes cruciales avant les tirs au but fatals. La Bosnie-Herz\u00e9govine s&rsquo;est qualifi\u00e9e \u00e0 la coupe du Monde 2026 en \u00e9liminant l&rsquo;Italie aux tirs au but le [&hellip;]<\/p>\n","protected":false},"author":2,"featured_media":46845,"comment_status":"open","ping_status":"open","sticky":false,"template":"","format":"standard","meta":{"_acf_changed":false,"_seopress_robots_primary_cat":"none","_seopress_titles_title":"","_seopress_titles_desc":"","_seopress_robots_index":"","footnotes":""},"categories":[1],"tags":[],"class_list":["post-46841","post","type-post","status-publish","format-standard","has-post-thumbnail","hentry","category-football"],"acf":[],"_links":{"self":[{"href":"https:\/\/mvz-sports.com\/fr\/wp-json\/wp\/v2\/posts\/46841","targetHints":{"allow":["GET"]}}],"collection":[{"href":"https:\/\/mvz-sports.com\/fr\/wp-json\/wp\/v2\/posts"}],"about":[{"href":"https:\/\/mvz-sports.com\/fr\/wp-json\/wp\/v2\/types\/post"}],"author":[{"embeddable":true,"href":"https:\/\/mvz-sports.com\/fr\/wp-json\/wp\/v2\/users\/2"}],"replies":[{"embeddable":true,"href":"https:\/\/mvz-sports.com\/fr\/wp-json\/wp\/v2\/comments?post=46841"}],"version-history":[{"count":2,"href":"https:\/\/mvz-sports.com\/fr\/wp-json\/wp\/v2\/posts\/46841\/revisions"}],"predecessor-version":[{"id":46847,"href":"https:\/\/mvz-sports.com\/fr\/wp-json\/wp\/v2\/posts\/46841\/revisions\/46847"}],"wp:featuredmedia":[{"embeddable":true,"href":"https:\/\/mvz-sports.com\/fr\/wp-json\/wp\/v2\/media\/46845"}],"wp:attachment":[{"href":"https:\/\/mvz-sports.com\/fr\/wp-json\/wp\/v2\/media?parent=46841"}],"wp:term":[{"taxonomy":"category","embeddable":true,"href":"https:\/\/mvz-sports.com\/fr\/wp-json\/wp\/v2\/categories?post=46841"},{"taxonomy":"post_tag","embeddable":true,"href":"https:\/\/mvz-sports.com\/fr\/wp-json\/wp\/v2\/tags?post=46841"}],"curies":[{"name":"wp","href":"https:\/\/api.w.org\/{rel}","templated":true}]}}