{"id":46848,"date":"2026-04-08T05:31:00","date_gmt":"2026-04-08T03:31:00","guid":{"rendered":"https:\/\/mvz-sports.com\/fr\/?p=46848"},"modified":"2026-04-07T12:51:36","modified_gmt":"2026-04-07T10:51:36","slug":"cest-le-bon-moment-nando-de-colo-annonce-sa-retraite-pour-la-fin-de-cette-saison","status":"publish","type":"post","link":"https:\/\/mvz-sports.com\/fr\/basketball\/news\/cest-le-bon-moment-nando-de-colo-annonce-sa-retraite-pour-la-fin-de-cette-saison","title":{"rendered":"\u201cC\u2019est le bon moment\u201d : Nando De Colo annonce sa retraite pour la fin de cette saison"},"content":{"rendered":"\n<p><strong>Nando De Colo a officiellement annonc\u00e9 sa retraite \u00e0 la fin de la saison 2025-2026, estimant que \u00ab\u00a0c&rsquo;est le bon moment\u00a0\u00bb pour tourner la page apr\u00e8s 38 ans et une carri\u00e8re au plus haut niveau.<\/strong><\/p>\n\n\n\n<p>Le meneur fran\u00e7ais de <strong>Fenerbah\u00e7e<\/strong> a confi\u00e9 que cette d\u00e9cision m\u00fbrissait depuis le d\u00e9but de l&rsquo;ann\u00e9e, bien avant sa blessure au mollet fin mars. <strong>Le meneur fran\u00e7ais met fin \u00e0 une carri\u00e8re de deux d\u00e9cennies au plus haut niveau.<\/strong><\/p>\n\n\n\n<h2 class=\"wp-block-heading\">La blessure au mollet, catalyseur d&rsquo;une d\u00e9cision longuement r\u00e9fl\u00e9chie<\/h2>\n\n\n\n<p>Sa blessure au mollet de fin mars n&rsquo;a pas d\u00e9clench\u00e9 cette retraite. Elle l&rsquo;a simplement confirm\u00e9e. <strong>\u00ab\u00a0Pour \u00eatre transparent, \u00e7a sera ma derni\u00e8re saison, \u00e7a fait un moment que j&rsquo;y pense. Depuis le d\u00e9but de l&rsquo;ann\u00e9e, j&rsquo;avais dans un coin de ma t\u00eate que \u00e7a allait \u00eatre ma derni\u00e8re saison\u00a0\u00bb<\/strong>, confie <strong>De Colo<\/strong>.<\/p>\n\n\n\n<p>Le joueur de 38 ans avait d\u00e9j\u00e0 pris sa retraite internationale apr\u00e8s les <strong>JO Paris 2024<\/strong>. Une mani\u00e8re de se retirer par \u00e9tapes du haut niveau, sans pr\u00e9cipitation.<\/p>\n\n\n\n<p>La blessure r\u00e9v\u00e8le surtout les limites d&rsquo;un corps qui a tout donn\u00e9. Mais <strong>De Colo<\/strong> refuse de partir en fuyant. Il veut finir debout, avec un projet clair en t\u00eate.<\/p>\n\n\n\n<h2 class=\"wp-block-heading\">L&rsquo;Espagne et la famille : le projet concret qui attend De Colo<\/h2>\n\n\n\n<p><strong>\u00ab\u00a0Je pense que la vie est faite de moments, de timing aussi. Et je pense que c&rsquo;est le bon moment pour passer \u00e0 autre chose\u00a0\u00bb<\/strong>, explique le meneur fran\u00e7ais. Il pr\u00e9voit de s&rsquo;installer en Espagne avec sa famille.<\/p>\n\n\n\n<p>Mais avant de raccrocher d\u00e9finitivement, <strong>De Colo<\/strong> nourrit un dernier r\u00eave. <strong>\u00ab\u00a0Gagner l&rsquo;Euroligue pour finir, ce serait le sc\u00e9nario parfait\u00a0\u00bb<\/strong>. Une ambition r\u00e9aliste avec <strong>Fenerbah\u00e7e<\/strong>, club qu&rsquo;il a rejoint en janvier depuis l&rsquo;Asvel.<\/p>\n\n\n\n<h2 class=\"wp-block-heading\">L&rsquo;Euroligue comme objectif final<\/h2>\n\n\n\n<p>Le transfert \u00e0 Fenerbah\u00e7e depuis janvier 2026 symbolise cette fin de carri\u00e8re assum\u00e9e. <strong>De Colo a choisi un club capable de lui offrir ce titre d&rsquo;EuroLeague tant d\u00e9sir\u00e9.<\/strong> Une derni\u00e8re chance de marquer l&rsquo;histoire europ\u00e9enne.<\/p>\n\n\n\n<p>Pour le <a href=\"https:\/\/mvz-sports.com\/fr\/basketball\">basketball<\/a> fran\u00e7ais, c&rsquo;est la fin d&rsquo;une \u00e9poque. Celle d&rsquo;un leader technique qui a port\u00e9 l&rsquo;\u00e9quipe de France pendant quinze ans. Ses successeurs devront inventer leur propre style, sans pouvoir s&rsquo;appuyer sur cette r\u00e9f\u00e9rence absolue.<\/p>\n\n\n\n<p>Le timing choisi par <strong>De Colo<\/strong> r\u00e9v\u00e8le sa maturit\u00e9. Partir au sommet, avec des objectifs clairs et un projet de vie structur\u00e9. Loin des retraites subies ou pr\u00e9cipit\u00e9es que conna\u00eet parfois le sport de haut niveau.<\/p>\n\n\n\n<p>Reste \u00e0 voir si Fenerbah\u00e7e lui offrira ce titre d&rsquo;Euroligue tant d\u00e9sir\u00e9 pour cl\u00f4turer sa carri\u00e8re.<\/p>\n","protected":false},"excerpt":{"rendered":"<p>Nando De Colo a officiellement annonc\u00e9 sa retraite \u00e0 la fin de la saison 2025-2026, estimant que \u00ab\u00a0c&rsquo;est le bon moment\u00a0\u00bb pour tourner la page apr\u00e8s 38 ans et une carri\u00e8re au plus haut niveau. Le meneur fran\u00e7ais de Fenerbah\u00e7e a confi\u00e9 que cette d\u00e9cision m\u00fbrissait depuis le d\u00e9but de l&rsquo;ann\u00e9e, bien avant sa blessure [&hellip;]<\/p>\n","protected":false},"author":2,"featured_media":46851,"comment_status":"open","ping_status":"open","sticky":false,"template":"","format":"standard","meta":{"_acf_changed":false,"_seopress_robots_primary_cat":"none","_seopress_titles_title":"","_seopress_titles_desc":"","_seopress_robots_index":"","footnotes":""},"categories":[6],"tags":[],"class_list":["post-46848","post","type-post","status-publish","format-standard","has-post-thumbnail","hentry","category-basketball"],"acf":[],"_links":{"self":[{"href":"https:\/\/mvz-sports.com\/fr\/wp-json\/wp\/v2\/posts\/46848","targetHints":{"allow":["GET"]}}],"collection":[{"href":"https:\/\/mvz-sports.com\/fr\/wp-json\/wp\/v2\/posts"}],"about":[{"href":"https:\/\/mvz-sports.com\/fr\/wp-json\/wp\/v2\/types\/post"}],"author":[{"embeddable":true,"href":"https:\/\/mvz-sports.com\/fr\/wp-json\/wp\/v2\/users\/2"}],"replies":[{"embeddable":true,"href":"https:\/\/mvz-sports.com\/fr\/wp-json\/wp\/v2\/comments?post=46848"}],"version-history":[{"count":2,"href":"https:\/\/mvz-sports.com\/fr\/wp-json\/wp\/v2\/posts\/46848\/revisions"}],"predecessor-version":[{"id":46853,"href":"https:\/\/mvz-sports.com\/fr\/wp-json\/wp\/v2\/posts\/46848\/revisions\/46853"}],"wp:featuredmedia":[{"embeddable":true,"href":"https:\/\/mvz-sports.com\/fr\/wp-json\/wp\/v2\/media\/46851"}],"wp:attachment":[{"href":"https:\/\/mvz-sports.com\/fr\/wp-json\/wp\/v2\/media?parent=46848"}],"wp:term":[{"taxonomy":"category","embeddable":true,"href":"https:\/\/mvz-sports.com\/fr\/wp-json\/wp\/v2\/categories?post=46848"},{"taxonomy":"post_tag","embeddable":true,"href":"https:\/\/mvz-sports.com\/fr\/wp-json\/wp\/v2\/tags?post=46848"}],"curies":[{"name":"wp","href":"https:\/\/api.w.org\/{rel}","templated":true}]}}