{"id":46891,"date":"2026-04-08T18:33:00","date_gmt":"2026-04-08T16:33:00","guid":{"rendered":"https:\/\/mvz-sports.com\/fr\/?p=46891"},"modified":"2026-04-08T12:50:59","modified_gmt":"2026-04-08T10:50:59","slug":"je-veux-mieux-faire-mais-mon-corps-ne-me-laisse-pas-monfils-sincline-face-a-bublic-au-second-tour-a-monte-carlo","status":"publish","type":"post","link":"https:\/\/mvz-sports.com\/fr\/tennis\/news\/je-veux-mieux-faire-mais-mon-corps-ne-me-laisse-pas-monfils-sincline-face-a-bublic-au-second-tour-a-monte-carlo","title":{"rendered":"\u00ab\u00a0Je veux mieux faire, mais mon corps ne me laisse pas\u00a0\u00bb : Monfils s&rsquo;incline face \u00e0 Bublic au second tour \u00e0 Monte-Carlo"},"content":{"rendered":"\n<p><strong>\u00c9limin\u00e9 au deuxi\u00e8me tour de Monte-Carlo par Alexander Bublik (6-4, 6-4), Ga\u00ebl Monfils a livr\u00e9 apr\u00e8s le match une explication brutalement honn\u00eate : son corps ne r\u00e9pond plus comme avant, et c&rsquo;est pr\u00e9cis\u00e9ment ce qui le frustre le plus.<\/strong><\/p>\n\n\n\n<p>\u00c0 39 ans, le champion fran\u00e7ais affronte une r\u00e9alit\u00e9 qu&rsquo;aucun athl\u00e8te n&rsquo;aime accepter : le d\u00e9calage entre ce qu&rsquo;il veut faire et ce que son corps lui permet.<\/p>\n\n\n\n<p>Pour les fans de <a href=\"https:\/\/mvz-sports.com\/fr\/tennis\">tennis<\/a> et ceux qui suivent la fin de carri\u00e8re des grands champions, cette d\u00e9faite pose une question universelle : comment continuer quand on perd son principal atout ?<\/p>\n\n\n\n<p>Cet article r\u00e9v\u00e8le comment <strong>Monfils<\/strong> lui-m\u00eame explique cette \u00e9limination, bien au-del\u00e0 du simple r\u00e9sultat sportif.<\/p>\n\n\n\n<h2 class=\"wp-block-heading\">\u00ab Mon physique, c&rsquo;est mon arme \u00bb : pourquoi cette d\u00e9faite blesse plus que les autres<\/h2>\n\n\n\n<p><strong>Ga\u00ebl Monfils<\/strong> ne tourne pas autour du pot. \u00ab Mon atout principal, c&rsquo;est quand m\u00eame mon physique. Donc je ne peux pas m&rsquo;exprimer exactement comme je le veux \u00bb, confie-t-il  selon <a href=\"https:\/\/www.lequipe.fr\/Tennis\/Actualites\/L-accolade-nostalgique-entre-gael-monfils-et-alexander-bublik-a-monte-carlo-il-y-a-dix-ans-j-etais-ton-sparring-partner-ici\/1665894\">L&rsquo;\u00c9quipe<\/a> du janvier 2026).<\/p>\n\n\n\n<p>Pendant vingt ans, <strong>Monfils<\/strong> a construit sa carri\u00e8re sur des qualit\u00e9s athl\u00e9tiques exceptionnelles. Ses acc\u00e9l\u00e9rations fulgurantes, ses d\u00e9fenses impossibles, sa puissance de frappe en faisaient un joueur unique.<\/p>\n\n\n\n<p>Aujourd&rsquo;hui, cette machine de guerre grince. Le champion fran\u00e7ais voit ses intentions contrari\u00e9es par un corps qui ne suit plus. <strong>La frustration vient de l\u00e0<\/strong> : il sait encore quoi faire, mais ne peut plus le faire comme avant.<\/p>\n\n\n\n<h2 class=\"wp-block-heading\">La blessure de 2022 qui continue de peser : \u00ab \u00c7a prend du temps de se remettre \u00bb<\/h2>\n\n\n\n<p>\u00ab Je sens que je n&rsquo;ai pas la m\u00eame lourdeur dans ma frappe. \u00c7a prend du temps de se remettre \u00bb, explique <strong>Monfils<\/strong> (L&rsquo;\u00c9quipe, janvier 2026). Cette perte de puissance remonte \u00e0 sa blessure au pied de 2022.<\/p>\n\n\n\n<p><strong>Sept mois sans pouvoir courir<\/strong> (Eurosport, avril 2025). Sept mois \u00e0 regarder les autres jouer. Sept mois \u00e0 reconstruire un corps de champion us\u00e9 par deux d\u00e9cennies de tennis professionnel.<\/p>\n\n\n\n<p>Depuis son retour, <strong>Monfils<\/strong> cherche encore ses sensations. Sa frappe manque de cette \u00ab lourdeur \u00bb qui terrorisait ses adversaires. Ses appuis ne lui donnent plus la m\u00eame explosivit\u00e9. \u00c0 39 ans, la reconstruction prend plus de temps qu&rsquo;esp\u00e9r\u00e9.<\/p>\n\n\n\n<p>Bublik a profit\u00e9 de cette faiblesse pour dicter le rythme des \u00e9changes. Le Kazakh a domin\u00e9 un <strong>Monfils<\/strong> diminu\u00e9, incapable d&rsquo;imposer son jeu habituel.<\/p>\n\n\n\n<h2 class=\"wp-block-heading\">\u00c0 39 ans, la question que tout champion doit se poser<\/h2>\n\n\n\n<p>Cette d\u00e9faite \u00e0 <strong>Monte-Carlo<\/strong> r\u00e9v\u00e8le plus qu&rsquo;une simple \u00e9limination. Elle marque un tournant dans la trajectoire de fin de carri\u00e8re de <strong>Monfils<\/strong>. \u00c0 39 ans, le Fran\u00e7ais affronte cette question que tout athl\u00e8te d&rsquo;exception doit un jour se poser : <strong>jusqu&rsquo;o\u00f9 accepter ses limites ?<\/strong><\/p>\n\n\n\n<p>La lucidit\u00e9 de <strong>Monfils<\/strong> force le respect. Plut\u00f4t que de chercher des excuses, il assume ses difficult\u00e9s physiques. Cette acceptation t\u00e9moigne d&rsquo;une maturit\u00e9 rare dans le sport de haut niveau.<\/p>\n\n\n\n<p>Beaucoup de champions s&rsquo;accrochent en niant l&rsquo;\u00e9vidence. <strong>Monfils<\/strong>, lui, regarde la r\u00e9alit\u00e9 en face. Son corps ne lui permet plus d&rsquo;\u00eatre le joueur qu&rsquo;il \u00e9tait. Cette honn\u00eatet\u00e9 transforme une d\u00e9faite ordinaire en moment de gr\u00e2ce.<\/p>\n\n\n\n<p>Car reconna\u00eetre ses limites, c&rsquo;est aussi accepter ce qu&rsquo;on a \u00e9t\u00e9. Et ce que <strong>Monfils<\/strong> a \u00e9t\u00e9, c&rsquo;est un ph\u00e9nom\u00e8ne athl\u00e9tique qui a marqu\u00e9 le tennis fran\u00e7ais pendant vingt ans.<\/p>\n\n\n\n<p>La vraie bataille n&rsquo;est pas contre Bublik, mais contre le temps. Son honn\u00eatet\u00e9 transforme cette \u00e9limination en moment de gr\u00e2ce : celui o\u00f9 un champion accepte ce qu&rsquo;il ne peut plus faire.<\/p>\n\n\n\n<p>Vous qui avez un jour d\u00fb renoncer \u00e0 quelque chose que vous faisiez mieux que quiconque, reconnaissez-vous cette frustration chez <strong>Monfils<\/strong> ?<\/p>\n","protected":false},"excerpt":{"rendered":"<p>\u00c9limin\u00e9 au deuxi\u00e8me tour de Monte-Carlo par Alexander Bublik (6-4, 6-4), Ga\u00ebl Monfils a livr\u00e9 apr\u00e8s le match une explication brutalement honn\u00eate : son corps ne r\u00e9pond plus comme avant, et c&rsquo;est pr\u00e9cis\u00e9ment ce qui le frustre le plus. \u00c0 39 ans, le champion fran\u00e7ais affronte une r\u00e9alit\u00e9 qu&rsquo;aucun athl\u00e8te n&rsquo;aime accepter : le d\u00e9calage [&hellip;]<\/p>\n","protected":false},"author":2,"featured_media":46894,"comment_status":"open","ping_status":"open","sticky":false,"template":"","format":"standard","meta":{"_acf_changed":false,"_seopress_robots_primary_cat":"none","_seopress_titles_title":"","_seopress_titles_desc":"","_seopress_robots_index":"","footnotes":""},"categories":[4],"tags":[],"class_list":["post-46891","post","type-post","status-publish","format-standard","has-post-thumbnail","hentry","category-tennis"],"acf":[],"_links":{"self":[{"href":"https:\/\/mvz-sports.com\/fr\/wp-json\/wp\/v2\/posts\/46891","targetHints":{"allow":["GET"]}}],"collection":[{"href":"https:\/\/mvz-sports.com\/fr\/wp-json\/wp\/v2\/posts"}],"about":[{"href":"https:\/\/mvz-sports.com\/fr\/wp-json\/wp\/v2\/types\/post"}],"author":[{"embeddable":true,"href":"https:\/\/mvz-sports.com\/fr\/wp-json\/wp\/v2\/users\/2"}],"replies":[{"embeddable":true,"href":"https:\/\/mvz-sports.com\/fr\/wp-json\/wp\/v2\/comments?post=46891"}],"version-history":[{"count":2,"href":"https:\/\/mvz-sports.com\/fr\/wp-json\/wp\/v2\/posts\/46891\/revisions"}],"predecessor-version":[{"id":46896,"href":"https:\/\/mvz-sports.com\/fr\/wp-json\/wp\/v2\/posts\/46891\/revisions\/46896"}],"wp:featuredmedia":[{"embeddable":true,"href":"https:\/\/mvz-sports.com\/fr\/wp-json\/wp\/v2\/media\/46894"}],"wp:attachment":[{"href":"https:\/\/mvz-sports.com\/fr\/wp-json\/wp\/v2\/media?parent=46891"}],"wp:term":[{"taxonomy":"category","embeddable":true,"href":"https:\/\/mvz-sports.com\/fr\/wp-json\/wp\/v2\/categories?post=46891"},{"taxonomy":"post_tag","embeddable":true,"href":"https:\/\/mvz-sports.com\/fr\/wp-json\/wp\/v2\/tags?post=46891"}],"curies":[{"name":"wp","href":"https:\/\/api.w.org\/{rel}","templated":true}]}}