{"id":46903,"date":"2026-04-09T17:31:00","date_gmt":"2026-04-09T15:31:00","guid":{"rendered":"https:\/\/mvz-sports.com\/fr\/?p=46903"},"modified":"2026-04-08T13:58:13","modified_gmt":"2026-04-08T11:58:13","slug":"le-but-de-lespoir-la-presse-espagnole-remercie-mbappe-de-rallumer-la-flamme-du-real-malgre-la-defaite","status":"publish","type":"post","link":"https:\/\/mvz-sports.com\/fr\/football\/news\/le-but-de-lespoir-la-presse-espagnole-remercie-mbappe-de-rallumer-la-flamme-du-real-malgre-la-defaite","title":{"rendered":"\u00ab Le but de l\u2019espoir \u00bb : la presse Espagnole remercie Mbapp\u00e9 de rallumer la flamme du Real malgr\u00e9 la d\u00e9faite"},"content":{"rendered":"\n<p><strong>Le Real Madrid s&rsquo;est inclin\u00e9 1-2 contre le Bayern Munich hier en quart de finale aller de Ligue des Champions. <\/strong><\/p>\n\n\n\n<p>Ce r\u00e9sultat aurait pu \u00eatre d\u00e9vastateur apr\u00e8s les critiques r\u00e9centes contre <a href=\"https:\/\/mvz-sports.com\/fr\/football\/players\/kylian-mbappe-lottin\">Mbapp\u00e9<\/a>. Mais un seul but a suffi \u00e0 transformer la narration et restaurer la confiance collective.<\/p>\n\n\n\n<h2 class=\"wp-block-heading\">Le but de l&rsquo;espoir : comment Mbapp\u00e9 a sauv\u00e9 la flamme du Real malgr\u00e9 la d\u00e9faite<\/h2>\n\n\n\n<p>\u00c0 la 74e minute, <strong>Mbapp\u00e9 trompe Manuel Neuer<\/strong> d&rsquo;une frappe pr\u00e9cise. Ce but redonne vie \u00e0 une qualification qui semblait compromise.<\/p>\n\n\n\n<p>\u00ab\u00a0Si le <strong>Real Madrid<\/strong> conserve une lueur d&rsquo;espoir \u00e0 <strong>Munich<\/strong>, aussi infime soit-elle, c&rsquo;est gr\u00e2ce \u00e0 <strong>Mbapp\u00e9<\/strong>\u00ab\u00a0, \u00e9crit Marca dans son \u00e9dition du lendemain. Cette phrase r\u00e9sume parfaitement l&rsquo;\u00e9tat d&rsquo;esprit qui r\u00e8gne d\u00e9sormais dans la capitale espagnole.<\/p>\n\n\n\n<p>L&rsquo;attaquant fran\u00e7ais \u00e9tait pourtant sous pression. Sa performance d\u00e9cevante contre Majorque (d\u00e9faite 2-1) avait aliment\u00e9 les critiques. Ce but face au Bayern repr\u00e9sente donc une <strong>r\u00e9demption symbolique<\/strong> au moment le plus crucial de la saison.<\/p>\n\n\n\n<h2 class=\"wp-block-heading\">De la critique \u00e0 la reconnaissance : la presse espagnole se ravise sur Mbapp\u00e9<\/h2>\n\n\n\n<p>\u00ab\u00a0Nous nous sommes tromp\u00e9s : <strong>le probl\u00e8me n&rsquo;est pas Mbapp\u00e9<\/strong>\u00ab\u00a0, titre <strong>El Mundo<\/strong> en une de son \u00e9dition sportive. Cette autocritique marque un tournant dans la perception m\u00e9diatique de l&rsquo;ancien parisien.<\/p>\n\n\n\n<p><strong>Marca<\/strong> enfonce le clou avec une analyse d\u00e9taill\u00e9e : \u00ab\u00a0Le seul but du <strong>Real Madrid<\/strong> est de lui, tout comme leurs meilleures occasions, et les buts du <strong><a href=\"https:\/\/mvz-sports.com\/fr\/football\/clubs\/bayern-munchen\">Bayern<\/a><\/strong> ne sont pas dus \u00e0 ses pertes de balle.\u00a0\u00bb Les faits parlent d&rsquo;eux-m\u00eames.<\/p>\n\n\n\n<p>Les journalistes madril\u00e8nes admettent avoir cherch\u00e9 un bouc \u00e9missaire l\u00e0 o\u00f9 il fallait analyser les probl\u00e8mes structurels de l&rsquo;\u00e9quipe.<\/p>\n\n\n\n<p>L&rsquo;attaquant de 27 ans a cr\u00e9\u00e9 le danger \u00e0 chaque acc\u00e9l\u00e9ration. Ses appels de balle ont mis en difficult\u00e9 la d\u00e9fense bavaroise. Une performance qui contraste avec les <strong>critiques h\u00e2tives<\/strong> de la semaine pr\u00e9c\u00e9dente.<\/p>\n\n\n\n<h2 class=\"wp-block-heading\">La tortue redevient li\u00e8vre : Mbapp\u00e9 retrouve son ADN de pr\u00e9dateur<\/h2>\n\n\n\n<p>Selon <a href=\"https:\/\/www.marca.com\/futbol\/real-madrid\/2026\/04\/07\/caigan-tonto-debate-mbappe.html\" target=\"_blank\" rel=\"noreferrer noopener\">Marca<\/a>, As pousse la m\u00e9taphore encore plus loin dans son analyse post-match. \u00ab\u00a0La &lsquo;tortue&rsquo; a pris du temps mais vole \u00e0 nouveau comme un li\u00e8vre. Il a retrouv\u00e9 l&rsquo;\u00e9nergie qui caract\u00e9rise son ADN, <strong>la f\u00e9rocit\u00e9 d&rsquo;un pr\u00e9dateur<\/strong>\u00ab\u00a0, \u00e9crit le quotidien sportif.<\/p>\n\n\n\n<p><strong>Mbapp\u00e9<\/strong> retrouve ses automatismes offensifs au moment crucial. D\u00e9crochages, courses en profondeur : tout y \u00e9tait face au Bayern.<\/p>\n\n\n\n<p>\u00ab\u00a0Kylian est un joueur exceptionnel, il nous a beaucoup aid\u00e9s ce soir\u00a0\u00bb, confirme Aur\u00e9lien Tchouam\u00e9ni en zone mixte. Le milieu de terrain fran\u00e7ais sait que son compatriote sera d\u00e9terminant pour la suite.<\/p>\n\n\n\n<p>Le match retour pr\u00e9vu le 15 avril \u00e0 l&rsquo;Allianz Arena sera d\u00e9cisif. <strong>Mbapp\u00e9<\/strong> devra confirmer cette <strong>mont\u00e9e en puissance<\/strong> pour esp\u00e9rer renverser la tendance. La presse espagnole y croit d\u00e9sormais.<\/p>\n\n\n\n<p>En marquant ce but symbolique, Mbapp\u00e9 a fait bien plus que r\u00e9duire le score : il a restaur\u00e9 la confiance d&rsquo;une \u00e9quipe et corrig\u00e9 une narration m\u00e9diatique trop h\u00e2tive. Le match retour pr\u00e9vu le 15 avril \u00e0 Munich sera d\u00e9cisif, mais la presse espagnole sait d\u00e9sormais que le <a href=\"https:\/\/mvz-sports.com\/fr\/football\/clubs\/real-madrid\">Real Madrid<\/a> poss\u00e8de en <strong>Mbapp\u00e9<\/strong> l&rsquo;arme offensive capable de renverser l&rsquo;impossible. Croyez-vous que cette performance de Mbapp\u00e9 suffira \u00e0 qualifier le Real Madrid pour les demi-finales face au Bayern ?<\/p>\n","protected":false},"excerpt":{"rendered":"<p>Le Real Madrid s&rsquo;est inclin\u00e9 1-2 contre le Bayern Munich hier en quart de finale aller de Ligue des Champions. Ce r\u00e9sultat aurait pu \u00eatre d\u00e9vastateur apr\u00e8s les critiques r\u00e9centes contre Mbapp\u00e9. Mais un seul but a suffi \u00e0 transformer la narration et restaurer la confiance collective. Le but de l&rsquo;espoir : comment Mbapp\u00e9 a [&hellip;]<\/p>\n","protected":false},"author":2,"featured_media":46906,"comment_status":"open","ping_status":"open","sticky":false,"template":"","format":"standard","meta":{"_acf_changed":false,"_seopress_robots_primary_cat":"none","_seopress_titles_title":"","_seopress_titles_desc":"","_seopress_robots_index":"","footnotes":""},"categories":[1],"tags":[],"class_list":["post-46903","post","type-post","status-publish","format-standard","has-post-thumbnail","hentry","category-football"],"acf":[],"_links":{"self":[{"href":"https:\/\/mvz-sports.com\/fr\/wp-json\/wp\/v2\/posts\/46903","targetHints":{"allow":["GET"]}}],"collection":[{"href":"https:\/\/mvz-sports.com\/fr\/wp-json\/wp\/v2\/posts"}],"about":[{"href":"https:\/\/mvz-sports.com\/fr\/wp-json\/wp\/v2\/types\/post"}],"author":[{"embeddable":true,"href":"https:\/\/mvz-sports.com\/fr\/wp-json\/wp\/v2\/users\/2"}],"replies":[{"embeddable":true,"href":"https:\/\/mvz-sports.com\/fr\/wp-json\/wp\/v2\/comments?post=46903"}],"version-history":[{"count":3,"href":"https:\/\/mvz-sports.com\/fr\/wp-json\/wp\/v2\/posts\/46903\/revisions"}],"predecessor-version":[{"id":46910,"href":"https:\/\/mvz-sports.com\/fr\/wp-json\/wp\/v2\/posts\/46903\/revisions\/46910"}],"wp:featuredmedia":[{"embeddable":true,"href":"https:\/\/mvz-sports.com\/fr\/wp-json\/wp\/v2\/media\/46906"}],"wp:attachment":[{"href":"https:\/\/mvz-sports.com\/fr\/wp-json\/wp\/v2\/media?parent=46903"}],"wp:term":[{"taxonomy":"category","embeddable":true,"href":"https:\/\/mvz-sports.com\/fr\/wp-json\/wp\/v2\/categories?post=46903"},{"taxonomy":"post_tag","embeddable":true,"href":"https:\/\/mvz-sports.com\/fr\/wp-json\/wp\/v2\/tags?post=46903"}],"curies":[{"name":"wp","href":"https:\/\/api.w.org\/{rel}","templated":true}]}}