{"id":46917,"date":"2026-04-09T07:34:00","date_gmt":"2026-04-09T05:34:00","guid":{"rendered":"https:\/\/mvz-sports.com\/fr\/?p=46917"},"modified":"2026-04-08T14:56:58","modified_gmt":"2026-04-08T12:56:58","slug":"malheureusement-il-ny-aura-pas-de-francais-au-masters-daugusta-cette-annee","status":"publish","type":"post","link":"https:\/\/mvz-sports.com\/fr\/golf\/news\/malheureusement-il-ny-aura-pas-de-francais-au-masters-daugusta-cette-annee","title":{"rendered":"Malheureusement, il n&rsquo;y aura pas de fran\u00e7ais au Masters d&rsquo;Augusta cette ann\u00e9e"},"content":{"rendered":"\n<p><strong>Aucun golfeur fran\u00e7ais ne sera pr\u00e9sent au Masters d&rsquo;Augusta 2026, confirmant une absence qui n&rsquo;\u00e9tait plus arriv\u00e9e depuis plusieurs ann\u00e9es et r\u00e9v\u00e9lant les difficult\u00e9s structurelles du golf fran\u00e7ais sur le circuit am\u00e9ricain.<\/strong><\/p>\n\n\n\n<p><strong>Matthieu Pavon<\/strong>, seul repr\u00e9sentant fran\u00e7ais r\u00e9gulier sur le PGA Tour, ne franchira pas les portes d&rsquo;Augusta cette ann\u00e9e, class\u00e9 autour de la 220e place mondiale.<\/p>\n\n\n\n<h2 class=\"wp-block-heading\">Pavon, la chute d&rsquo;un ancien ma\u00eetre d&rsquo;Augusta<\/h2>\n\n\n\n<p><a href=\"https:\/\/mvz-sports.com\/fr\/golf\/players\/matthieu-pavon\">Matthieu Pavon<\/a> traverse la p\u00e9riode la plus difficile de sa carri\u00e8re. Class\u00e9 bien en dessous du seuil de qualification pour Augusta, il conna\u00eet une chute vertigineuse pour celui qui avait <strong>termin\u00e9 12e en 2024<\/strong>.<\/p>\n\n\n\n<p>Le Fran\u00e7ais avait pourtant particip\u00e9 aux <strong>Masters 2024<\/strong> et <strong>2025<\/strong>. Cette ann\u00e9e, il paie une s\u00e9rie noire de 30 tournois cons\u00e9cutifs sans <strong>top 20<\/strong>. Une statistique qui illustre l&rsquo;ampleur de ses difficult\u00e9s sur le PGA Tour.<\/p>\n\n\n\n<p>Pavon a tent\u00e9 de redresser la barre en changeant de coach technique. Sans succ\u00e8s. Il est finalement revenu \u00e0 son ancien entra\u00eeneur. Mais le mal \u00e9tait fait.<\/p>\n\n\n\n<h2 class=\"wp-block-heading\">Saddier et Perez : les autres absences qui p\u00e8sent<\/h2>\n\n\n\n<p><strong>Adrien Saddier<\/strong> traverse \u00e9galement une saison difficile avec 5 cuts rat\u00e9s en 9 tournois et un classement au 97e rang mondial. Une premi\u00e8re saison compl\u00e8te sur le PGA Tour qui tourne au cauchemar.<\/p>\n\n\n\n<p>Victor Perez a fait un choix radical en rejoignant le <strong>LIV Golf<\/strong>. Cons\u00e9quence directe : il perd du terrain au classement mondial. Son d\u00e9part prive le golf fran\u00e7ais d&rsquo;un de ses meilleurs atouts pour les majeurs.<\/p>\n\n\n\n<p>Martin Couvra, 129e mondial, et Julien Guerrier, 142e selon<strong> Golf<\/strong> Plan\u00e8te, ne suffisent pas \u00e0 combler le vide. Leurs classements les placent trop loin des crit\u00e8res de qualification d&rsquo;Augusta.<\/p>\n\n\n\n<p>\u00ab\u00a0Avec une boule au ventre non, relativise <strong>Matthieu Pavon<\/strong>. Apr\u00e8s c&rsquo;est s\u00fbr que quand on voit les images du tournoi, on se rappelle juste les bons souvenirs&#8230;\u00a0\u00bb<\/p>\n\n\n\n<h2 class=\"wp-block-heading\">Ce que cette absence dit du golf fran\u00e7ais<\/h2>\n\n\n\n<p>Cette absence collective r\u00e9v\u00e8le un <strong>d\u00e9clin pr\u00e9occupant<\/strong>. Le golf fran\u00e7ais traverse une p\u00e9riode de transition difficile sur la sc\u00e8ne internationale. Les performances de nos repr\u00e9sentants sur le circuit am\u00e9ricain s&rsquo;effritent.<\/p>\n\n\n\n<p>Le d\u00e9part de <strong><a href=\"https:\/\/mvz-sports.com\/fr\/golf\/players\/victor-perez\">Victor Perez<\/a><\/strong> vers le<strong> LIV Golf<\/strong> r\u00e9duit m\u00e9caniquement nos chances dans les majeurs. Le circuit saoudien offre moins de points au classement mondial. Une \u00e9quation d\u00e9favorable pour la qualification aux grands tournois.<\/p>\n\n\n\n<p>Aucun Fran\u00e7ais qualifi\u00e9 confirm\u00e9 selon Eurosport : cette situation rare symptomatise une g\u00e9n\u00e9ration en qu\u00eate de rep\u00e8res. Nos golfeurs peinent \u00e0 s&rsquo;imposer durablement sur le <strong>PGA Tour<\/strong>.<\/p>\n\n\n\n<p>Cette absence fran\u00e7aise au <strong>Masters 2026<\/strong> n&rsquo;est pas un accident, mais le sympt\u00f4me d&rsquo;une g\u00e9n\u00e9ration de golfeurs fran\u00e7ais en qu\u00eate de stabilit\u00e9 sur le circuit am\u00e9ricain.<\/p>\n\n\n\n<p>Pavon, Saddier et les autres devront reconstruire leurs performances pour esp\u00e9rer un retour \u00e0 <strong>Augusta<\/strong> dans les ann\u00e9es \u00e0 venir.<\/p>\n\n\n\n<p>Cette absence marque-t-elle un accident de parcours ou le d\u00e9but d&rsquo;une \u00e9clipse durable du <a href=\"https:\/\/mvz-sports.com\/fr\/golf\">golf<\/a> fran\u00e7ais dans les majeurs ?<\/p>\n","protected":false},"excerpt":{"rendered":"<p>Aucun golfeur fran\u00e7ais ne sera pr\u00e9sent au Masters d&rsquo;Augusta 2026, confirmant une absence qui n&rsquo;\u00e9tait plus arriv\u00e9e depuis plusieurs ann\u00e9es et r\u00e9v\u00e9lant les difficult\u00e9s structurelles du golf fran\u00e7ais sur le circuit am\u00e9ricain. Matthieu Pavon, seul repr\u00e9sentant fran\u00e7ais r\u00e9gulier sur le PGA Tour, ne franchira pas les portes d&rsquo;Augusta cette ann\u00e9e, class\u00e9 autour de la 220e [&hellip;]<\/p>\n","protected":false},"author":2,"featured_media":46922,"comment_status":"open","ping_status":"open","sticky":false,"template":"","format":"standard","meta":{"_acf_changed":false,"_seopress_robots_primary_cat":"none","_seopress_titles_title":"","_seopress_titles_desc":"","_seopress_robots_index":"","footnotes":""},"categories":[5],"tags":[],"class_list":["post-46917","post","type-post","status-publish","format-standard","has-post-thumbnail","hentry","category-golf"],"acf":[],"_links":{"self":[{"href":"https:\/\/mvz-sports.com\/fr\/wp-json\/wp\/v2\/posts\/46917","targetHints":{"allow":["GET"]}}],"collection":[{"href":"https:\/\/mvz-sports.com\/fr\/wp-json\/wp\/v2\/posts"}],"about":[{"href":"https:\/\/mvz-sports.com\/fr\/wp-json\/wp\/v2\/types\/post"}],"author":[{"embeddable":true,"href":"https:\/\/mvz-sports.com\/fr\/wp-json\/wp\/v2\/users\/2"}],"replies":[{"embeddable":true,"href":"https:\/\/mvz-sports.com\/fr\/wp-json\/wp\/v2\/comments?post=46917"}],"version-history":[{"count":2,"href":"https:\/\/mvz-sports.com\/fr\/wp-json\/wp\/v2\/posts\/46917\/revisions"}],"predecessor-version":[{"id":46924,"href":"https:\/\/mvz-sports.com\/fr\/wp-json\/wp\/v2\/posts\/46917\/revisions\/46924"}],"wp:featuredmedia":[{"embeddable":true,"href":"https:\/\/mvz-sports.com\/fr\/wp-json\/wp\/v2\/media\/46922"}],"wp:attachment":[{"href":"https:\/\/mvz-sports.com\/fr\/wp-json\/wp\/v2\/media?parent=46917"}],"wp:term":[{"taxonomy":"category","embeddable":true,"href":"https:\/\/mvz-sports.com\/fr\/wp-json\/wp\/v2\/categories?post=46917"},{"taxonomy":"post_tag","embeddable":true,"href":"https:\/\/mvz-sports.com\/fr\/wp-json\/wp\/v2\/tags?post=46917"}],"curies":[{"name":"wp","href":"https:\/\/api.w.org\/{rel}","templated":true}]}}