{"id":46930,"date":"2026-04-09T17:31:00","date_gmt":"2026-04-09T15:31:00","guid":{"rendered":"https:\/\/mvz-sports.com\/fr\/?p=46930"},"modified":"2026-04-09T17:02:56","modified_gmt":"2026-04-09T15:02:56","slug":"a-leur-place-moi-ca-me-saoulerait-fatigue-du-debat-thomas-ramos-prend-position","status":"publish","type":"post","link":"https:\/\/mvz-sports.com\/fr\/rugby\/news\/a-leur-place-moi-ca-me-saoulerait-fatigue-du-debat-thomas-ramos-prend-position","title":{"rendered":"\u00ab\u00a0A leur place, moi \u00e7a me saoulerait\u00a0\u00bb : Fatigu\u00e9 du d\u00e9bat, Thomas Ramos prend position"},"content":{"rendered":"\n<p><strong>En conf\u00e9rence de presse jeudi, Thomas Ramos a exprim\u00e9 son agacement face au d\u00e9bat qui oppose Romain Ntamack et Matthieu Jalibert depuis 6 ans, appelant \u00e0 laisser les deux ouvreurs s&rsquo;exprimer sans comparaison constante.<\/strong><\/p>\n\n\n\n<p>Dimanche, <strong>Ntamack<\/strong> et <strong>Jalibert<\/strong> s&rsquo;affronteront en demi-finale de Champions Cup, mais avant ce choc sportif, c&rsquo;est un d\u00e9bat m\u00e9diatis\u00e9 qui divise le <a href=\"https:\/\/mvz-sports.com\/fr\/rugby\">rugby<\/a> fran\u00e7ais depuis des ann\u00e9es.<\/p>\n\n\n\n<h2 class=\"wp-block-heading\">\u00ab \u00c0 leur place, moi \u00e7a me saoulerait \u00bb : Ramos tranche enfin sur la rivalit\u00e9 Ntamack-Jalibert<\/h2>\n\n\n\n<p><a href=\"https:\/\/mvz-sports.com\/fr\/rugby\/players\/thomas-ramos\">Thomas Ramos<\/a> n&rsquo;en peut plus. L&rsquo;arri\u00e8re-ouvreur du <strong>Stade Toulousain<\/strong> et du <strong>XV de France<\/strong> a vid\u00e9 son sac jeudi en conf\u00e9rence de presse.<\/p>\n\n\n\n<p><strong>\u00ab Cela fait 6 ans qu&rsquo;on compare Romain et Matthieu, \u00e0 leur place, moi \u00e7a me saoulerait \u00bb<\/strong>, d\u00e9clare le joueur de 29 ans. Une sortie rare pour celui qui pr\u00e9f\u00e8re habituellement rester en retrait des pol\u00e9miques.<\/p>\n\n\n\n<p>Ramos enfonce le clou : \u00ab Pendant des ann\u00e9es, le <strong>rugby fran\u00e7ais<\/strong> s&rsquo;est plaint de ne pas avoir de grands joueurs et l\u00e0 on a deux grands 10 et on est toujours en train de dire que l&rsquo;un est meilleur que l&rsquo;autre. \u00bb<\/p>\n\n\n\n<p>Sa position est claire. La France a la chance d&rsquo;avoir deux ouvreurs de classe mondiale. Plut\u00f4t que de les opposer, il faut s&rsquo;en r\u00e9jouir.<\/p>\n\n\n\n<p>Le co\u00e9quipier des deux joueurs en s\u00e9lection l\u00e9gitime sa prise de position par son exp\u00e9rience. Il a vu les d\u00e9g\u00e2ts de cette comparaison constante dans le vestiaire tricolore.<\/p>\n\n\n\n<h2 class=\"wp-block-heading\">Les managers du Top 14 font pencher la balance vers Ntamack<\/h2>\n\n\n\n<p><strong>Midi Olympique<\/strong> a r\u00e9cemment sond\u00e9 les entra\u00eeneurs du <a href=\"https:\/\/mvz-sports.com\/fr\/rugby\/competitions\/top-14\">Top 14<\/a> sur leurs pr\u00e9f\u00e9rences. Le r\u00e9sultat alimente la pol\u00e9mique : <strong>les entra\u00eeneurs du Top 14 font davantage confiance \u00e0 Romain Ntamack<\/strong> pour le poste de 10 en \u00e9quipe de France.<\/p>\n\n\n\n<p>Cette enqu\u00eate relance m\u00e9caniquement les comparaisons entre les deux joueurs. Exactement ce qui exasp\u00e8re <strong>Ramos<\/strong>.<\/p>\n\n\n\n<p>\u00ab Laissons-les jouer et profitons d&rsquo;avoir des bons num\u00e9ros 10 en France, plut\u00f4t que d&rsquo;envoyer une pique \u00e0 l&rsquo;un ou \u00e0 l&rsquo;autre \u00bb, plaide l&rsquo;international fran\u00e7ais.<\/p>\n\n\n\n<p>Son message est simple : arr\u00eatez de chercher \u00e0 diviser ce qui devrait rassembler le rugby fran\u00e7ais.<\/p>\n\n\n\n<h2 class=\"wp-block-heading\">Dimanche, le terrain tranchera ce que les d\u00e9bats n&rsquo;ont pas pu r\u00e9soudre<\/h2>\n\n\n\n<p>Selon <a href=\"https:\/\/www.ladepeche.fr\/2026\/04\/09\/ubb-stade-toulousain-moi-ca-me-saoulerait-la-mise-au-point-de-thomas-ramos-sur-lopposition-ntamack-jalibert-13317372.php\" target=\"_blank\" rel=\"noreferrer noopener\">La d\u00e9p\u00eache<\/a>, le calendrier offre une r\u00e9ponse parfaite \u00e0 cette pol\u00e9mique st\u00e9rile. Dimanche 13 avril 2026, <strong>Ntamack<\/strong> et <strong>Jalibert<\/strong> s&rsquo;affronteront en demi-finale de Champions Cup.<\/p>\n\n\n\n<p>Cette confrontation directe permettra aux deux ouvreurs de montrer leur valeur sans filtre m\u00e9diatique. Chacun avec son style, ses qualit\u00e9s, ses forces.<\/p>\n\n\n\n<p>Ramos mise sur cette \u00e9ch\u00e9ance pour calmer le d\u00e9bat. Les actes parlent mieux que les sondages ou les analyses \u00e0 r\u00e9p\u00e9tition.<\/p>\n\n\n\n<p>Deux excellents joueurs donneront le meilleur d&rsquo;eux-m\u00eames sans qu&rsquo;il soit n\u00e9cessaire de d\u00e9signer un vainqueur dans cette rivalit\u00e9 artificielle.<\/p>\n\n\n\n<p>L&rsquo;appel de <strong>Ramos<\/strong> r\u00e9sonne comme un plaidoyer pour le rugby fran\u00e7ais : c\u00e9l\u00e9brons nos talents au lieu de les opposer.<\/p>\n\n\n\n<p>Dimanche, <strong>Ntamack<\/strong> et <strong>Jalibert<\/strong> auront l&rsquo;occasion de montrer que cette rivalit\u00e9 m\u00e9diatis\u00e9e n&rsquo;a jamais eu lieu d&rsquo;\u00eatre  et que la France peut simplement profiter d&rsquo;avoir deux excellents 10.<\/p>\n\n\n\n<p>Pensez-vous que ce match de <strong>Champions Cup<\/strong> suffira enfin \u00e0 clore le d\u00e9bat, ou la comparaison continuera-t-elle m\u00eame apr\u00e8s ?<\/p>\n","protected":false},"excerpt":{"rendered":"<p>En conf\u00e9rence de presse jeudi, Thomas Ramos a exprim\u00e9 son agacement face au d\u00e9bat qui oppose Romain Ntamack et Matthieu Jalibert depuis 6 ans, appelant \u00e0 laisser les deux ouvreurs s&rsquo;exprimer sans comparaison constante. Dimanche, Ntamack et Jalibert s&rsquo;affronteront en demi-finale de Champions Cup, mais avant ce choc sportif, c&rsquo;est un d\u00e9bat m\u00e9diatis\u00e9 qui divise [&hellip;]<\/p>\n","protected":false},"author":2,"featured_media":46933,"comment_status":"open","ping_status":"open","sticky":false,"template":"","format":"standard","meta":{"_acf_changed":false,"_seopress_robots_primary_cat":"none","_seopress_titles_title":"","_seopress_titles_desc":"","_seopress_robots_index":"","footnotes":""},"categories":[7],"tags":[],"class_list":["post-46930","post","type-post","status-publish","format-standard","has-post-thumbnail","hentry","category-rugby"],"acf":[],"_links":{"self":[{"href":"https:\/\/mvz-sports.com\/fr\/wp-json\/wp\/v2\/posts\/46930","targetHints":{"allow":["GET"]}}],"collection":[{"href":"https:\/\/mvz-sports.com\/fr\/wp-json\/wp\/v2\/posts"}],"about":[{"href":"https:\/\/mvz-sports.com\/fr\/wp-json\/wp\/v2\/types\/post"}],"author":[{"embeddable":true,"href":"https:\/\/mvz-sports.com\/fr\/wp-json\/wp\/v2\/users\/2"}],"replies":[{"embeddable":true,"href":"https:\/\/mvz-sports.com\/fr\/wp-json\/wp\/v2\/comments?post=46930"}],"version-history":[{"count":2,"href":"https:\/\/mvz-sports.com\/fr\/wp-json\/wp\/v2\/posts\/46930\/revisions"}],"predecessor-version":[{"id":46935,"href":"https:\/\/mvz-sports.com\/fr\/wp-json\/wp\/v2\/posts\/46930\/revisions\/46935"}],"wp:featuredmedia":[{"embeddable":true,"href":"https:\/\/mvz-sports.com\/fr\/wp-json\/wp\/v2\/media\/46933"}],"wp:attachment":[{"href":"https:\/\/mvz-sports.com\/fr\/wp-json\/wp\/v2\/media?parent=46930"}],"wp:term":[{"taxonomy":"category","embeddable":true,"href":"https:\/\/mvz-sports.com\/fr\/wp-json\/wp\/v2\/categories?post=46930"},{"taxonomy":"post_tag","embeddable":true,"href":"https:\/\/mvz-sports.com\/fr\/wp-json\/wp\/v2\/tags?post=46930"}],"curies":[{"name":"wp","href":"https:\/\/api.w.org\/{rel}","templated":true}]}}