{"id":46957,"date":"2026-04-10T04:31:00","date_gmt":"2026-04-10T02:31:00","guid":{"rendered":"https:\/\/mvz-sports.com\/fr\/?p=46957"},"modified":"2026-04-09T19:55:34","modified_gmt":"2026-04-09T17:55:34","slug":"lois-boisson-declare-forfait-a-rouen-son-retour-encore-repousse-inquiete","status":"publish","type":"post","link":"https:\/\/mvz-sports.com\/fr\/tennis\/news\/lois-boisson-declare-forfait-a-rouen-son-retour-encore-repousse-inquiete","title":{"rendered":"Lo\u00efs Boisson d\u00e9clare forfait \u00e0 Rouen : son retour encore repouss\u00e9 inqui\u00e8te"},"content":{"rendered":"\n<p><strong>Lo\u00efs Boisson a d\u00e9clar\u00e9 forfait pour le WTA 250 de Rouen pr\u00e9vu cette semaine, repoussant une nouvelle fois son retour \u00e0 la comp\u00e9tition apr\u00e8s sept mois d&rsquo;absence.<\/strong><\/p>\n\n\n\n<p>La num\u00e9ro 1 fran\u00e7aise de <a href=\"https:\/\/mvz-sports.com\/fr\/tennis\">tennis<\/a>, actuellement 40e mondiale, n&rsquo;a pas jou\u00e9 depuis <strong>septembre 2025<\/strong> en raison de probl\u00e8mes physiques r\u00e9currents. Cette nouvelle absence soul\u00e8ve des questions sur sa capacit\u00e9 \u00e0 retrouver son niveau d&rsquo;avant blessure.<\/p>\n\n\n\n<h2 class=\"wp-block-heading\">Rouen, troisi\u00e8me report en quelques semaines<\/h2>\n\n\n\n<p>Ce forfait marque le <strong>troisi\u00e8me report cons\u00e9cutif<\/strong> du retour de Boisson \u00e0 la comp\u00e9tition. La semaine pr\u00e9c\u00e9dente, elle avait pourtant annonc\u00e9 son retour \u00ab\u00a0courant avril\u00a0\u00bb, laissant esp\u00e9rer une participation au tournoi normand.<\/p>\n\n\n\n<p>\u00ab\u00a0Sa participation s&rsquo;est jou\u00e9e \u00e0 quelques jours pr\u00e8s et nous avons esp\u00e9r\u00e9 jusqu&rsquo;au bout pouvoir la compter dans le tableau\u00a0\u00bb, confie <strong>Charles Roche<\/strong>, directeur du <strong>tournoi de Rouen<\/strong>.<\/p>\n\n\n\n<p>Sept mois sans comp\u00e9tition : voil\u00e0 la r\u00e9alit\u00e9 pour celle qui atteignait les demi-finales de Roland-Garros en 2025. Un contraste saisissant qui r\u00e9v\u00e8le l&rsquo;ampleur de sa chute depuis ses derniers exploits sur terre battue.<\/p>\n\n\n\n<h2 class=\"wp-block-heading\">L&rsquo;instabilit\u00e9 technique aggrave les doutes<\/h2>\n\n\n\n<p>L&rsquo;absence prolong\u00e9e de <strong>Boisson<\/strong> cache une r\u00e9alit\u00e9 plus troublante : <strong>l&rsquo;instabilit\u00e9 chronique de son encadrement<\/strong>. Sa s\u00e9paration avec <strong>Carles Martinez<\/strong> apr\u00e8s un seul tournoi  le WTA 1000 de P\u00e9kin symbolise cette valse des entra\u00eeneurs qui fragilise sa pr\u00e9paration.<\/p>\n\n\n\n<p>Ces changements r\u00e9p\u00e9t\u00e9s dans l&rsquo;encadrement technique cr\u00e9ent une spirale n\u00e9gative. Impossible de construire une strat\u00e9gie de retour coh\u00e9rente sans stabilit\u00e9 dans l&rsquo;\u00e9quipe. <strong>Boisson<\/strong> elle-m\u00eame reconna\u00eet vouloir \u00ab\u00a0\u00eatre remise \u00e0 100%\u00a0\u00bb avant de rejouer, mais cette exigence devient probl\u00e9matique quand elle s&rsquo;accompagne d&rsquo;une instabilit\u00e9 structurelle.<\/p>\n\n\n\n<p>Chaque nouveau coach impose sa m\u00e9thode, perturbant sa r\u00e9cup\u00e9ration.<\/p>\n\n\n\n<h2 class=\"wp-block-heading\">Le classement prot\u00e9g\u00e9 : un filet de s\u00e9curit\u00e9 qui s&rsquo;effiloche<\/h2>\n\n\n\n<p>Son classement prot\u00e9g\u00e9 reste son seul filet de s\u00e9curit\u00e9. <strong>Boisson<\/strong> b\u00e9n\u00e9ficie d&rsquo;un <strong>classement prot\u00e9g\u00e9 sur huit tournois<\/strong> apr\u00e8s validation d&rsquo;une p\u00e9riode d&rsquo;absence de six mois. Cette protection WTA lui permet de conserver sa position mondiale temporairement, \u00e9vitant une chute libre au classement.<\/p>\n\n\n\n<p>Mais ce m\u00e9canisme a ses limites. Huit tournois, c&rsquo;est environ deux mois de comp\u00e9tition intensive. Une fois cette protection \u00e9puis\u00e9e, Boisson devra justifier son rang par ses r\u00e9sultats sur le court.<\/p>\n\n\n\n<p>L&rsquo;enjeu devient crucial : retrouver le <strong>top 20<\/strong> avant l&rsquo;\u00e9puisement de cette protection. Chaque semaine d&rsquo;absence suppl\u00e9mentaire r\u00e9duit ses chances de stabiliser sa position sans passer par les qualifications des grands tournois.<\/p>\n\n\n\n<p>Cette pression temporelle transforme chaque report en pari risqu\u00e9. Plus elle attend, plus son retour devra \u00eatre imm\u00e9diatement performant pour compenser le temps perdu.<\/p>\n\n\n\n<p>Ce forfait \u00e0 <strong>Rouen<\/strong> n&rsquo;est pas qu&rsquo;un simple report : c&rsquo;est le sympt\u00f4me d&rsquo;une instabilit\u00e9 qui menace le retour au haut niveau de Boisson. Avec un classement prot\u00e9g\u00e9 limit\u00e9 \u00e0 huit tournois, chaque semaine d&rsquo;absence compte d\u00e9sormais pour pr\u00e9server sa position mondiale. <strong>Boisson<\/strong> parviendra-t-elle \u00e0 stabiliser son encadrement et son physique avant que son filet de s\u00e9curit\u00e9 ne disparaisse ?<\/p>\n","protected":false},"excerpt":{"rendered":"<p>Lo\u00efs Boisson a d\u00e9clar\u00e9 forfait pour le WTA 250 de Rouen pr\u00e9vu cette semaine, repoussant une nouvelle fois son retour \u00e0 la comp\u00e9tition apr\u00e8s sept mois d&rsquo;absence. La num\u00e9ro 1 fran\u00e7aise de tennis, actuellement 40e mondiale, n&rsquo;a pas jou\u00e9 depuis septembre 2025 en raison de probl\u00e8mes physiques r\u00e9currents. Cette nouvelle absence soul\u00e8ve des questions sur [&hellip;]<\/p>\n","protected":false},"author":2,"featured_media":46961,"comment_status":"open","ping_status":"open","sticky":false,"template":"","format":"standard","meta":{"_acf_changed":false,"_seopress_robots_primary_cat":"none","_seopress_titles_title":"","_seopress_titles_desc":"","_seopress_robots_index":"","footnotes":""},"categories":[4],"tags":[],"class_list":["post-46957","post","type-post","status-publish","format-standard","has-post-thumbnail","hentry","category-tennis"],"acf":[],"_links":{"self":[{"href":"https:\/\/mvz-sports.com\/fr\/wp-json\/wp\/v2\/posts\/46957","targetHints":{"allow":["GET"]}}],"collection":[{"href":"https:\/\/mvz-sports.com\/fr\/wp-json\/wp\/v2\/posts"}],"about":[{"href":"https:\/\/mvz-sports.com\/fr\/wp-json\/wp\/v2\/types\/post"}],"author":[{"embeddable":true,"href":"https:\/\/mvz-sports.com\/fr\/wp-json\/wp\/v2\/users\/2"}],"replies":[{"embeddable":true,"href":"https:\/\/mvz-sports.com\/fr\/wp-json\/wp\/v2\/comments?post=46957"}],"version-history":[{"count":2,"href":"https:\/\/mvz-sports.com\/fr\/wp-json\/wp\/v2\/posts\/46957\/revisions"}],"predecessor-version":[{"id":46963,"href":"https:\/\/mvz-sports.com\/fr\/wp-json\/wp\/v2\/posts\/46957\/revisions\/46963"}],"wp:featuredmedia":[{"embeddable":true,"href":"https:\/\/mvz-sports.com\/fr\/wp-json\/wp\/v2\/media\/46961"}],"wp:attachment":[{"href":"https:\/\/mvz-sports.com\/fr\/wp-json\/wp\/v2\/media?parent=46957"}],"wp:term":[{"taxonomy":"category","embeddable":true,"href":"https:\/\/mvz-sports.com\/fr\/wp-json\/wp\/v2\/categories?post=46957"},{"taxonomy":"post_tag","embeddable":true,"href":"https:\/\/mvz-sports.com\/fr\/wp-json\/wp\/v2\/tags?post=46957"}],"curies":[{"name":"wp","href":"https:\/\/api.w.org\/{rel}","templated":true}]}}