{"id":4704,"date":"2024-09-10T15:38:00","date_gmt":"2024-09-10T15:38:00","guid":{"rendered":"https:\/\/mvz-sports.com\/fr\/football\/news\/fr-football-news-france-u21-bosnie-herzegovine-u21-les-compositions-officielles-devoilees"},"modified":"2025-12-12T09:13:17","modified_gmt":"2025-12-12T09:13:17","slug":"france-u21-bosnie-herzegovine-u21-les-compositions-officielles-devoilees","status":"publish","type":"post","link":"https:\/\/mvz-sports.com\/fr\/football\/news\/france-u21-bosnie-herzegovine-u21-les-compositions-officielles-devoilees","title":{"rendered":"France U21 &#8211; Bosnie-Herz\u00e9govine U21 : Les compositions officielles d\u00e9voil\u00e9es"},"content":{"rendered":"<div class=\"column column-2\">\n<div>\n<\/div>\n<div>\n<p>Les Bleuets sont d\u00e9termin\u00e9s \u00e0 retrouver le chemin de la victoire ce soir contre la Bosnie-Herz\u00e9govine U21 au Stade Marie-Marvingt du Mans. Apr\u00e8s un match nul d\u00e9cevant contre la Slov\u00e9nie (1-1) vendredi dernier, l\u2019\u00e9quipe de France U21, dirig\u00e9e par G\u00e9rald Baticle, vise les trois points pour rester en course dans le groupe H des \u00e9liminatoires de l&rsquo;Euro Espoirs 2025.<\/p>\n<\/div>\n<\/div>\n<h2>Un enjeu crucial pour la qualification<\/h2>\n<p>Actuellement troisi\u00e8mes de leur groupe avec 10 points, les Tricolores sont devanc\u00e9s par la Slov\u00e9nie et l\u2019Autriche, respectivement premi\u00e8res et deuxi\u00e8mes, avec trois et une longueur d\u2019avance. N\u00e9anmoins, les Fran\u00e7ais disposent d&rsquo;un match en retard et doivent imp\u00e9rativement rester au contact pour esp\u00e9rer se qualifier directement, ou au moins en tant que l\u2019un des trois meilleurs deuxi\u00e8mes.<\/p>\n<blockquote class=\"twitter-tweet\"><p><a href=\"https:\/\/twitter.com\/equipedefrance\/status\/1833530110684893332\"><\/a><\/p><\/blockquote>\n<h3>Des changements tactiques pour G\u00e9rald Baticle<\/h3>\n<p>Pour ce match d\u00e9cisif, G\u00e9rald Baticle, qui a r\u00e9cemment pris les r\u00eanes de l&rsquo;\u00e9quipe apr\u00e8s la d\u00e9mission de Thierry Henry, apporte quelques modifications \u00e0 son onze de d\u00e9part par rapport \u00e0 la rencontre pr\u00e9c\u00e9dente. Le gardien Restes conserve sa place dans les buts, tandis que Sildillia, Matsima, Lukeba et Merlin composent la d\u00e9fense. Au milieu, Millot, Agoum\u00e9 et Lepenant forment un trio charg\u00e9 de contr\u00f4ler le jeu et de distribuer le ballon vers l\u2019avant. Odobert et Akliouche \u00e9volueront sur les ailes pour soutenir Ekitike, qui est align\u00e9 en pointe.<\/p>\n<h3>La Bosnie sans ses atouts offensifs<\/h3>\n<p>Du c\u00f4t\u00e9 de la Bosnie-Herz\u00e9govine U21, quelques absences notables sont \u00e0 signaler. Leur buteur Kahvic, \u00e9voluant en deuxi\u00e8me division allemande, et Alajbegovic, jeune espoir du Bayer Leverkusen, ne sont pas dans le groupe. Ils se pr\u00e9sentent donc avec un onze remani\u00e9, mais restent d\u00e9termin\u00e9s \u00e0 obtenir un r\u00e9sultat positif \u00e0 l&rsquo;ext\u00e9rieur.<\/p>\n<h3>Compositions d&rsquo;\u00e9quipes<\/h3>\n<p><strong>France U21<\/strong> : Restes &#8211; Sildillia, Matsima, Lukeba, Merlin &#8211; Millot, Lepenant, Agoum\u00e9 &#8211; Odobert, Ekitike, Akliouche<\/p>\n<p><strong>Bosnie-Herz\u00e9govine U21<\/strong> : Damijanovic &#8211; Mustafic, Celik, Muharemovic, Susic &#8211; Omerovic, Kovac &#8211; Mehmedovic, Bristric, Ramic &#8211; Marcetic<\/p>\n","protected":false},"excerpt":{"rendered":"<p>Les Bleuets sont d\u00e9termin\u00e9s \u00e0 retrouver le chemin de la victoire ce soir contre la Bosnie-Herz\u00e9govine U21 au Stade Marie-Marvingt du Mans. Apr\u00e8s un match nul d\u00e9cevant contre la Slov\u00e9nie (1-1) vendredi dernier, l\u2019\u00e9quipe de France U21, dirig\u00e9e par G\u00e9rald Baticle, vise les trois points pour rester en course dans le groupe H des \u00e9liminatoires [&hellip;]<\/p>\n","protected":false},"author":1,"featured_media":0,"comment_status":"open","ping_status":"open","sticky":false,"template":"","format":"standard","meta":{"_acf_changed":false,"_seopress_robots_primary_cat":"","_seopress_titles_title":"France U21 - Bosnie-Herz\u00e9govine U21 : Les compositions","_seopress_titles_desc":"D\u00e9couvrez les compositions officielles de France U21 et Bosnie-Herz\u00e9govine U21 pour ce match crucial des \u00e9liminatoires de l'Euro Espoirs 2025.","_seopress_robots_index":"","footnotes":""},"categories":[1],"tags":[],"class_list":["post-4704","post","type-post","status-publish","format-standard","hentry","category-football"],"acf":[],"_links":{"self":[{"href":"https:\/\/mvz-sports.com\/fr\/wp-json\/wp\/v2\/posts\/4704","targetHints":{"allow":["GET"]}}],"collection":[{"href":"https:\/\/mvz-sports.com\/fr\/wp-json\/wp\/v2\/posts"}],"about":[{"href":"https:\/\/mvz-sports.com\/fr\/wp-json\/wp\/v2\/types\/post"}],"author":[{"embeddable":true,"href":"https:\/\/mvz-sports.com\/fr\/wp-json\/wp\/v2\/users\/1"}],"replies":[{"embeddable":true,"href":"https:\/\/mvz-sports.com\/fr\/wp-json\/wp\/v2\/comments?post=4704"}],"version-history":[{"count":0,"href":"https:\/\/mvz-sports.com\/fr\/wp-json\/wp\/v2\/posts\/4704\/revisions"}],"wp:attachment":[{"href":"https:\/\/mvz-sports.com\/fr\/wp-json\/wp\/v2\/media?parent=4704"}],"wp:term":[{"taxonomy":"category","embeddable":true,"href":"https:\/\/mvz-sports.com\/fr\/wp-json\/wp\/v2\/categories?post=4704"},{"taxonomy":"post_tag","embeddable":true,"href":"https:\/\/mvz-sports.com\/fr\/wp-json\/wp\/v2\/tags?post=4704"}],"curies":[{"name":"wp","href":"https:\/\/api.w.org\/{rel}","templated":true}]}}