{"id":47050,"date":"2026-04-11T06:31:00","date_gmt":"2026-04-11T04:31:00","guid":{"rendered":"https:\/\/mvz-sports.com\/fr\/?p=47050"},"modified":"2026-04-10T19:55:04","modified_gmt":"2026-04-10T17:55:04","slug":"didier-deschamps-serait-dans-les-petits-papiers-du-real-madrid-pour-la-saison-prochaine","status":"publish","type":"post","link":"https:\/\/mvz-sports.com\/fr\/football\/news\/didier-deschamps-serait-dans-les-petits-papiers-du-real-madrid-pour-la-saison-prochaine","title":{"rendered":"Didier Deschamps serait dans les petits papiers du Real Madrid pour la saison prochaine"},"content":{"rendered":"\n<p><strong>Le Real Madrid a identifi\u00e9 Didier Deschamps comme candidat s\u00e9rieux pour succ\u00e9der \u00e0 \u00c1lvaro Arbeloa la saison prochaine, selon RMC Sport, alors que le s\u00e9lectionneur fran\u00e7ais quittera les Bleus apr\u00e8s la Coupe du monde 2026.<\/strong><\/p>\n\n\n\n<p>Apr\u00e8s 14 ans \u00e0 la t\u00eate de l&rsquo;\u00e9quipe de France, <strong>Didier Deschamps<\/strong> sera libre de tout engagement \u00e0 partir de juin 2026. Le <a href=\"https:\/\/mvz-sports.com\/fr\/football\/clubs\/real-madrid\">Real Madrid<\/a>, en qu\u00eate de stabilit\u00e9 apr\u00e8s les d\u00e9b\u00e2cles Ancelotti-Alonso, voit en lui un profil capable de redresser la barre.<\/p>\n\n\n\n<h2 class=\"wp-block-heading\">Pourquoi le Real Madrid cible Deschamps pour remplacer Arbeloa<\/h2>\n\n\n\n<p>Selon <a href=\"https:\/\/www.eurosport.fr\/football\/transferts\/2025-2026\/transferts-didier-deschamps-selectionneur-de-lequipe-de-france-serait-dans-la-short-list-du-real-madrid-en-vue-de-la-saison-prochaine_sto23289176\/story.shtml\" target=\"_blank\" rel=\"noreferrer noopener\">Eurosport<\/a>, la Casa Blanca traverse une <strong>crise d&rsquo;entra\u00eeneurs sans pr\u00e9c\u00e9dent<\/strong>. \u00c1lvaro Arbeloa, en poste depuis janvier 2026, peine \u00e0 convaincre les dirigeants madril\u00e8nes. L&rsquo;ancien lat\u00e9ral droit n&rsquo;arrive pas \u00e0 imposer sa philosophie de jeu.<\/p>\n\n\n\n<p>Cette instabilit\u00e9 fait suite au d\u00e9part de <strong>Carlo Ancelotti<\/strong> en juin 2025. <strong>Xabi Alonso<\/strong>, recrut\u00e9 pour le remplacer, a \u00e9t\u00e9 limog\u00e9 apr\u00e8s seulement 7 mois d&rsquo;exercice. Deux entra\u00eeneurs en 12 mois : un record peu enviable pour le club aux 15 Ligues des champions de <a href=\"https:\/\/mvz-sports.com\/fr\/football\">football<\/a>.<\/p>\n\n\n\n<p>Face \u00e0 ce chaos, <strong>Florentino P\u00e9rez<\/strong> mise sur l&rsquo;exp\u00e9rience. Le <strong>palmar\u00e8s international de Deschamps<\/strong> parle pour lui : <a href=\"https:\/\/mvz-sports.com\/fr\/football\/competitions\/coupe-du-monde-de-football\">Coupe du monde<\/a> 2018, finaliste en 2022, Euro 2016, Ligue des nations 2021. Peu d&rsquo;entra\u00eeneurs peuvent se targuer d&rsquo;un tel CV \u00e0 ce niveau.<\/p>\n\n\n\n<p>Sa disponibilit\u00e9 apr\u00e8s la Coupe du monde 2026 co\u00efncide parfaitement avec les besoins madril\u00e8nes. Le timing semble id\u00e9al pour les deux parties.<\/p>\n\n\n\n<h2 class=\"wp-block-heading\">Les atouts sp\u00e9cifiques de Deschamps pour le Real Madrid<\/h2>\n\n\n\n<p>Ses relations \u00e9tablies avec <strong><a href=\"https:\/\/mvz-sports.com\/fr\/football\/players\/kylian-mbappe-lottin\">Kylian Mbapp\u00e9<\/a> et <a href=\"https:\/\/mvz-sports.com\/fr\/football\/players\/aurelien-djani-tchouameni\">Aur\u00e9lien Tchouameni<\/a><\/strong> constituent un avantage majeur. Les deux joueurs ont travaill\u00e9 sous ses ordres en \u00e9quipe de France. Mbapp\u00e9 conna\u00eet ses m\u00e9thodes, Tchouameni pourrait servir de relais.<\/p>\n\n\n\n<p>Il ma\u00eetrise l&rsquo;espagnol, contrairement \u00e0 d&rsquo;autres candidats \u00e9trangers. Son exp\u00e9rience de gestion de grands clubs plaide \u00e9galement en sa faveur. <a href=\"https:\/\/mvz-sports.com\/fr\/football\/clubs\/juventus\">Juventus<\/a>, <a href=\"https:\/\/mvz-sports.com\/fr\/football\/clubs\/monaco\">Monaco<\/a>, <a href=\"https:\/\/mvz-sports.com\/fr\/football\/clubs\/marseille\">Marseille<\/a> : Deschamps conna\u00eet les exigences du tr\u00e8s haut niveau. Il sait g\u00e9rer les egos et la pression m\u00e9diatique.<\/p>\n\n\n\n<h2 class=\"wp-block-heading\">Les autres pr\u00e9tendants \u00e0 Deschamps : une bataille pour sa signature<\/h2>\n\n\n\n<p>Le <strong>Real Madrid<\/strong> n&rsquo;est pas seul sur le dossier. Deschamps re\u00e7oit \u00e9galement des <strong>sollicitations en Arabie saoudite<\/strong>. Les clubs saoudiens multiplient les offres financi\u00e8res astronomiques pour attirer les grands noms europ\u00e9ens.<\/p>\n\n\n\n<p>\u00ab\u00a0Je ne ferme pas de porte, je serai disponible. Selon les propositions, je choisirai. Je ne m&rsquo;interdis rien\u00a0\u00bb, confie Didier Deschamps. Cette ouverture affich\u00e9e place le Real en situation de concurrence.<\/p>\n\n\n\n<p><strong>Zin\u00e9dine Zidane<\/strong> devrait prendre la succession de Deschamps \u00e0 la t\u00eate des Bleus. Cette perspective lib\u00e8re d\u00e9finitivement le s\u00e9lectionneur actuel de toute obligation envers la F\u00e9d\u00e9ration fran\u00e7aise. Il peut d\u00e9sormais n\u00e9gocier en toute s\u00e9r\u00e9nit\u00e9.<\/p>\n\n\n\n<p>L&rsquo;entourage du technicien fran\u00e7ais confirme cette libert\u00e9 de choix. \u00ab\u00a0Il a la libert\u00e9 de choisir et il ne s&rsquo;interdit rien\u00a0\u00bb. Cette position de force lui permet d&rsquo;\u00e9tudier toutes les propositions.<\/p>\n\n\n\n<p><strong>Madrid<\/strong> mise sur l&rsquo;exp\u00e9rience apr\u00e8s deux ann\u00e9es chaotiques. Libre de choisir, Deschamps peut \u00e9tudier toutes les offres, du Real \u00e0 l&rsquo;Arabie saoudite.<\/p>\n","protected":false},"excerpt":{"rendered":"<p>Le Real Madrid a identifi\u00e9 Didier Deschamps comme candidat s\u00e9rieux pour succ\u00e9der \u00e0 \u00c1lvaro Arbeloa la saison prochaine, selon RMC Sport, alors que le s\u00e9lectionneur fran\u00e7ais quittera les Bleus apr\u00e8s la Coupe du monde 2026. Apr\u00e8s 14 ans \u00e0 la t\u00eate de l&rsquo;\u00e9quipe de France, Didier Deschamps sera libre de tout engagement \u00e0 partir de [&hellip;]<\/p>\n","protected":false},"author":2,"featured_media":47053,"comment_status":"open","ping_status":"open","sticky":false,"template":"","format":"standard","meta":{"_acf_changed":false,"_seopress_robots_primary_cat":"none","_seopress_titles_title":"","_seopress_titles_desc":"","_seopress_robots_index":"","footnotes":""},"categories":[1],"tags":[],"class_list":["post-47050","post","type-post","status-publish","format-standard","has-post-thumbnail","hentry","category-football"],"acf":[],"_links":{"self":[{"href":"https:\/\/mvz-sports.com\/fr\/wp-json\/wp\/v2\/posts\/47050","targetHints":{"allow":["GET"]}}],"collection":[{"href":"https:\/\/mvz-sports.com\/fr\/wp-json\/wp\/v2\/posts"}],"about":[{"href":"https:\/\/mvz-sports.com\/fr\/wp-json\/wp\/v2\/types\/post"}],"author":[{"embeddable":true,"href":"https:\/\/mvz-sports.com\/fr\/wp-json\/wp\/v2\/users\/2"}],"replies":[{"embeddable":true,"href":"https:\/\/mvz-sports.com\/fr\/wp-json\/wp\/v2\/comments?post=47050"}],"version-history":[{"count":2,"href":"https:\/\/mvz-sports.com\/fr\/wp-json\/wp\/v2\/posts\/47050\/revisions"}],"predecessor-version":[{"id":47056,"href":"https:\/\/mvz-sports.com\/fr\/wp-json\/wp\/v2\/posts\/47050\/revisions\/47056"}],"wp:featuredmedia":[{"embeddable":true,"href":"https:\/\/mvz-sports.com\/fr\/wp-json\/wp\/v2\/media\/47053"}],"wp:attachment":[{"href":"https:\/\/mvz-sports.com\/fr\/wp-json\/wp\/v2\/media?parent=47050"}],"wp:term":[{"taxonomy":"category","embeddable":true,"href":"https:\/\/mvz-sports.com\/fr\/wp-json\/wp\/v2\/categories?post=47050"},{"taxonomy":"post_tag","embeddable":true,"href":"https:\/\/mvz-sports.com\/fr\/wp-json\/wp\/v2\/tags?post=47050"}],"curies":[{"name":"wp","href":"https:\/\/api.w.org\/{rel}","templated":true}]}}