{"id":47127,"date":"2026-04-12T14:31:00","date_gmt":"2026-04-12T12:31:00","guid":{"rendered":"https:\/\/mvz-sports.com\/fr\/?p=47127"},"modified":"2026-04-12T14:11:36","modified_gmt":"2026-04-12T12:11:36","slug":"la-liga-est-truquee-le-real-fustige-larbitrage-suite-au-penalty-non-siffle-sur-mbappe","status":"publish","type":"post","link":"https:\/\/mvz-sports.com\/fr\/football\/news\/la-liga-est-truquee-le-real-fustige-larbitrage-suite-au-penalty-non-siffle-sur-mbappe","title":{"rendered":"La Liga est \u00ab\u00a0truqu\u00e9e\u00a0\u00bb ? Le Real fustige l&rsquo;arbitrage suite au penalty non siffl\u00e9 sur Mbapp\u00e9"},"content":{"rendered":"\n<p><strong>Le Real Madrid accuse la Liga d&rsquo;\u00eatre \u00ab\u00a0truqu\u00e9e\u00a0\u00bb apr\u00e8s le penalty non accord\u00e9 \u00e0 Mbapp\u00e9 en fin de match contre G\u00e9rone (1-1), d\u00e9clenchant une escalade sans pr\u00e9c\u00e9dent avec les instances espagnoles.<\/strong><\/p>\n\n\n\n<p>Jeudi soir, <a href=\"https:\/\/mvz-sports.com\/fr\/football\/players\/kylian-mbappe-lottin\">Kylian Mbapp\u00e9<\/a> s&rsquo;effondre dans la surface de <strong>G\u00e9rone<\/strong>, le visage en sang apr\u00e8s un contact avec Vitor Reis \u00e0 la 90e minute  l&rsquo;arbitre ne siffle pas.<\/p>\n\n\n\n<p>Pour les supporters du <strong>Real Madrid<\/strong>, c&rsquo;est le symbole d&rsquo;une injustice qui co\u00fbte cher : <strong>6 points de retard sur le Bar\u00e7a<\/strong> et une frustration qui explose.<\/p>\n\n\n\n<h2 class=\"wp-block-heading\">Un penalty \u00ab\u00a0clair\u00a0\u00bb refus\u00e9 \u00e0 Mbapp\u00e9 : l&rsquo;action qui enflamme le Real<\/h2>\n\n\n\n<p>L&rsquo;action se d\u00e9roule \u00e0 la 90e minute. Mbapp\u00e9 p\u00e9n\u00e8tre dans la surface de r\u00e9paration de G\u00e9rone et entre en contact avec le d\u00e9fenseur Vitor Reis. L&rsquo;attaquant fran\u00e7ais s&rsquo;effondre, le visage ensanglant\u00e9. <strong>L&rsquo;arbitre laisse le jeu continuer.<\/strong><\/p>\n\n\n\n<p>\u00ab\u00a0Pour moi c&rsquo;est un penalty clair, ici ou sur la Lune\u00a0\u00bb, tranche Alvaro Arbeloa, ancien joueur du <a href=\"https:\/\/mvz-sports.com\/fr\/football\/clubs\/real-madrid\">Real Madrid<\/a>. Une position partag\u00e9e par <strong>Eduardo Iturralde Gonz\u00e1lez<\/strong>, ancien arbitre international : \u00ab\u00a0Pour moi, c&rsquo;est un penalty, mais les instructions donn\u00e9es \u00e0 la salle VAR sont de ne pas intervenir sur ce type d&rsquo;actions.\u00a0\u00bb<\/p>\n\n\n\n<p>M\u00eame Hansi Flick, entra\u00eeneur du <a href=\"https:\/\/mvz-sports.com\/fr\/football\/clubs\/barcelona\">FC Barcelone<\/a>, s&rsquo;\u00e9tonne : \u00ab\u00a0C&rsquo;est une faute flagrante&#8230; J&rsquo;imagine que la VAR intervient quand \u00e7a l&rsquo;arrange.\u00a0\u00bb<\/p>\n\n\n\n<h2 class=\"wp-block-heading\">Real Madrid accuse : \u00ab\u00a0La Liga est truqu\u00e9e sur le plan de l&rsquo;arbitrage\u00a0\u00bb<\/h2>\n\n\n\n<p>La r\u00e9action du club madril\u00e8ne d\u00e9passe le cadre sportif habituel. <strong>Real Madrid TV qualifie l&rsquo;arbitrage de \u00ab\u00a0honteux\u00a0\u00bb<\/strong> et \u00e9voque une \u00ab\u00a0Negreira Liga\u00a0\u00bb, r\u00e9f\u00e9rence directe au scandale d&rsquo;arbitrage qui secoue le football espagnol.<\/p>\n\n\n\n<p>Le quotidien As rapporte que le Real Madrid juge d\u00e9sormais la Liga \u00ab\u00a0truqu\u00e9e sur le plan de l&rsquo;arbitrage\u00a0\u00bb. Ces accusations interviennent alors que le Real accuse 6 points de retard sur le <a href=\"https:\/\/mvz-sports.com\/fr\/football\/clubs\/barcelona\">FC Barcelone<\/a>.<\/p>\n\n\n\n<p>L&rsquo;affaire Negreira, du nom de l&rsquo;ancien vice-pr\u00e9sident du comit\u00e9 arbitral espagnol accus\u00e9 d&rsquo;avoir re\u00e7u des paiements du Bar\u00e7a, alimente cette d\u00e9fiance. <strong>Le Real Madrid transforme cette frustration sportive en bataille institutionnelle.<\/strong><\/p>\n\n\n\n<h2 class=\"wp-block-heading\">Rupture avec la RFEF : quand le Real Madrid quitte la table des n\u00e9gociations<\/h2>\n\n\n\n<p>Le club madril\u00e8ne passe aux actes. Selon As, le <strong>Real Madrid<\/strong> a quitt\u00e9 les discussions sur le nouveau syst\u00e8me d&rsquo;arbitrage de la RFEF (F\u00e9d\u00e9ration royale espagnole de <a href=\"https:\/\/mvz-sports.com\/fr\/football\">football<\/a>). <strong>Cette d\u00e9cision marque une rupture institutionnelle majeure.<\/strong><\/p>\n\n\n\n<p>En se retirant des n\u00e9gociations, le <strong>Real Madrid<\/strong> refuse de cautionner un syst\u00e8me qu&rsquo;il juge partial. L&rsquo;enjeu sportif reste crucial : chaque point perdu creuse l&rsquo;\u00e9cart avec le Bar\u00e7a en t\u00eate du championnat.<\/p>\n\n\n\n<p>La r\u00e9f\u00e9rence constante \u00e0 l&rsquo;affaire Negreira montre que le club ne conteste plus seulement des d\u00e9cisions ponctuelles. <strong>Il remet en question l&rsquo;int\u00e9grit\u00e9 du syst\u00e8me arbitral espagnol<\/strong> dans son ensemble.<\/p>\n\n\n\n<p>Pensez-vous que cette escalade du <strong>Real Madrid<\/strong> changera quelque chose \u00e0 l&rsquo;arbitrage espagnol, ou s&rsquo;agit-il d&rsquo;une bataille perdue d&rsquo;avance ?<\/p>\n\n\n\n<p><\/p>\n","protected":false},"excerpt":{"rendered":"<p>Le Real Madrid accuse la Liga d&rsquo;\u00eatre \u00ab\u00a0truqu\u00e9e\u00a0\u00bb apr\u00e8s le penalty non accord\u00e9 \u00e0 Mbapp\u00e9 en fin de match contre G\u00e9rone (1-1), d\u00e9clenchant une escalade sans pr\u00e9c\u00e9dent avec les instances espagnoles. Jeudi soir, Kylian Mbapp\u00e9 s&rsquo;effondre dans la surface de G\u00e9rone, le visage en sang apr\u00e8s un contact avec Vitor Reis \u00e0 la 90e minute [&hellip;]<\/p>\n","protected":false},"author":2,"featured_media":47130,"comment_status":"open","ping_status":"open","sticky":false,"template":"","format":"standard","meta":{"_acf_changed":false,"_seopress_robots_primary_cat":"none","_seopress_titles_title":"","_seopress_titles_desc":"","_seopress_robots_index":"","footnotes":""},"categories":[1],"tags":[],"class_list":["post-47127","post","type-post","status-publish","format-standard","has-post-thumbnail","hentry","category-football"],"acf":[],"_links":{"self":[{"href":"https:\/\/mvz-sports.com\/fr\/wp-json\/wp\/v2\/posts\/47127","targetHints":{"allow":["GET"]}}],"collection":[{"href":"https:\/\/mvz-sports.com\/fr\/wp-json\/wp\/v2\/posts"}],"about":[{"href":"https:\/\/mvz-sports.com\/fr\/wp-json\/wp\/v2\/types\/post"}],"author":[{"embeddable":true,"href":"https:\/\/mvz-sports.com\/fr\/wp-json\/wp\/v2\/users\/2"}],"replies":[{"embeddable":true,"href":"https:\/\/mvz-sports.com\/fr\/wp-json\/wp\/v2\/comments?post=47127"}],"version-history":[{"count":2,"href":"https:\/\/mvz-sports.com\/fr\/wp-json\/wp\/v2\/posts\/47127\/revisions"}],"predecessor-version":[{"id":47132,"href":"https:\/\/mvz-sports.com\/fr\/wp-json\/wp\/v2\/posts\/47127\/revisions\/47132"}],"wp:featuredmedia":[{"embeddable":true,"href":"https:\/\/mvz-sports.com\/fr\/wp-json\/wp\/v2\/media\/47130"}],"wp:attachment":[{"href":"https:\/\/mvz-sports.com\/fr\/wp-json\/wp\/v2\/media?parent=47127"}],"wp:term":[{"taxonomy":"category","embeddable":true,"href":"https:\/\/mvz-sports.com\/fr\/wp-json\/wp\/v2\/categories?post=47127"},{"taxonomy":"post_tag","embeddable":true,"href":"https:\/\/mvz-sports.com\/fr\/wp-json\/wp\/v2\/tags?post=47127"}],"curies":[{"name":"wp","href":"https:\/\/api.w.org\/{rel}","templated":true}]}}