{"id":47343,"date":"2026-04-15T10:31:00","date_gmt":"2026-04-15T08:31:00","guid":{"rendered":"https:\/\/mvz-sports.com\/fr\/?p=47343"},"modified":"2026-04-15T10:39:57","modified_gmt":"2026-04-15T08:39:57","slug":"merci-pour-tout-ce-que-tu-as-fait-pour-le-football-francais-thierry-henry-rend-hommage-a-griezmann-apres-son-super-match","status":"publish","type":"post","link":"https:\/\/mvz-sports.com\/fr\/football\/news\/merci-pour-tout-ce-que-tu-as-fait-pour-le-football-francais-thierry-henry-rend-hommage-a-griezmann-apres-son-super-match","title":{"rendered":"\u00ab\u00a0Merci pour tout ce que tu as fait pour le football fran\u00e7ais\u00a0\u00bb : Thierry Henry rend hommage \u00e0 Griezmann apr\u00e8s son super match"},"content":{"rendered":"\n<p><strong>En avril 2024, Thierry Henry avait adress\u00e9 un hommage vibrant \u00e0 Antoine Griezmann sur CBS Sports Golazo apr\u00e8s la qualification de l&rsquo;Atl\u00e9tico Madrid en demi-finale de Ligue des Champions. Cet \u00e9change marquant entre deux l\u00e9gendes du football fran\u00e7ais m\u00e9rite d&rsquo;\u00eatre revisit\u00e9.<\/strong><\/p>\n\n\n\n<p>En avril 2024, en duplex depuis le Wanda Metropolitano, <strong>Thierry Henry<\/strong> n&rsquo;avait pas cach\u00e9 son \u00e9motion en s&rsquo;adressant \u00e0 <strong><a href=\"https:\/\/mvz-sports.com\/fr\/football\/players\/antoine-griezmann\">Antoine Griezmann<\/a><\/strong> apr\u00e8s la qualification de <strong>l&rsquo;Atl\u00e9tico<\/strong> contre <strong><a href=\"https:\/\/mvz-sports.com\/fr\/football\/clubs\/barcelona\">Barcelone<\/a><\/strong>. Ce moment illustre le respect entre deux l\u00e9gendes du football fran\u00e7ais. Retour sur les paroles exactes de cet hommage et ce qu&rsquo;elles r\u00e9v\u00e8lent sur la reconnaissance mutuelle entre ces deux g\u00e9ants du football tricolore.<\/p>\n\n\n\n<h2 class=\"wp-block-heading\">\u00ab Merci pour tout ce que tu as fait pour le football fran\u00e7ais \u00bb : les paroles exactes de Thierry Henry<\/h2>\n\n\n\n<p><strong>Thierry Henry s&rsquo;\u00e9tait directement adress\u00e9 \u00e0 Antoine Griezmann<\/strong> sur CBS Sports Golazo.<\/p>\n\n\n\n<p>\u00ab <strong>Antoine<\/strong>, merci. Merci pour tout ce que tu as fait pour le football fran\u00e7ais, pour l&rsquo;\u00e9quipe de France et tout simplement pour le football. Moi tu m&rsquo;as r\u00e9gal\u00e9 personnellement. Termine bien avec l&rsquo;<strong>Atl\u00e9tico<\/strong> et bonne chance \u00e0 Orlando. Si t&rsquo;as besoin de quoi que ce soit, je connais la MLS. Et merci encore une fois. Chapeau bas \u00bb, avait d\u00e9clar\u00e9 Henry (CBS Sports Golazo).<\/p>\n\n\n\n<p>La r\u00e9action de Griezmann ne s&rsquo;\u00e9tait pas fait attendre. Visiblement touch\u00e9, l&rsquo;attaquant de l&rsquo;Atl\u00e9tico avait r\u00e9pondu avec simplicit\u00e9 : \u00ab Merci beaucoup, venant de toi, une l\u00e9gende fran\u00e7aise, \u00e7a me touche \u00bb.<\/p>\n\n\n\n<p>Cet \u00e9change spontan\u00e9 illustrait parfaitement le respect que se portent ces deux monuments du <a href=\"https:\/\/mvz-sports.com\/fr\/football\">football<\/a> tricolore.<\/p>\n\n\n\n<h2 class=\"wp-block-heading\">La performance d\u00e9cisive de Griezmann dans la qualification de l&rsquo;Atl\u00e9tico<\/h2>\n\n\n\n<p>Cet hommage c\u00e9l\u00e9brait une <strong>contribution technique d\u00e9cisive<\/strong> au match qui venait de s&rsquo;achever.<\/p>\n\n\n\n<p><a href=\"https:\/\/mvz-sports.com\/fr\/football\/clubs\/atletico-madrid\">L&rsquo;Atl\u00e9tico Madrid<\/a> s&rsquo;\u00e9tait qualifi\u00e9 pour les demi-finales de <a href=\"https:\/\/mvz-sports.com\/fr\/football\/competitions\/uefa-champions-league\">Ligue des Champions<\/a> malgr\u00e9 sa d\u00e9faite 1-2 contre le FC Barcelone en quart retour, gr\u00e2ce \u00e0 sa victoire 2-0 \u00e0 l&rsquo;aller (L&rsquo;\u00c9quipe). <a href=\"https:\/\/mvz-sports.com\/fr\/football\/players\/ademola-lookman-olajade-alade-aylola-lookman\">Ademola Lookman<\/a> avait marqu\u00e9 le but de la qualification contre Barcelone, avec Griezmann \u00e0 la cr\u00e9ation (RMC Sport).<\/p>\n\n\n\n<p>\u00c0 33 ans, le Fran\u00e7ais continuait de briller dans les grands rendez-vous europ\u00e9ens. Sa vision du jeu et sa capacit\u00e9 \u00e0 faire la diff\u00e9rence dans les moments cruciaux impressionnaient encore les observateurs.<\/p>\n\n\n\n<p>Cette performance rev\u00eatait une dimension particuli\u00e8re : elle intervenait au moment o\u00f9 <strong>Griezmann bouclait une d\u00e9cennie exceptionnelle<\/strong> avec les Bleus.<\/p>\n\n\n\n<h2 class=\"wp-block-heading\">Dix ans de service aux Bleus, une carri\u00e8re qui se poursuit<\/h2>\n\n\n\n<p>L&rsquo;\u00e9motion de Henry s&rsquo;expliquait par le <strong>parcours exceptionnel de Griezmann en \u00e9quipe de France<\/strong>. Le joueur avait repr\u00e9sent\u00e9 les Bleus pendant dix ann\u00e9es \u00e0 partir de la <a href=\"https:\/\/mvz-sports.com\/fr\/football\/competitions\/coupe-du-monde-de-football\">Coupe du monde<\/a> 2014 (RMC Sport).<\/p>\n\n\n\n<p>Une d\u00e9cennie marqu\u00e9e par des moments inoubliables : la finale de l&rsquo;Euro 2016 \u00e0 domicile, le sacre mondial en Russie en 2018, ou encore la finale de la Coupe du monde 2022 au Qatar. Griezmann avait \u00e9t\u00e9 l&rsquo;un des artisans majeurs de cette g\u00e9n\u00e9ration dor\u00e9e.<\/p>\n\n\n\n<p>L&rsquo;allusion de <strong>Henry<\/strong> \u00e0 Orlando faisait r\u00e9f\u00e9rence aux rumeurs de transfert en MLS qui circulaient alors. L&rsquo;ancien attaquant d&rsquo;Arsenal proposait spontan\u00e9ment son aide : \u00ab Si t&rsquo;as besoin de quoi que ce soit, je connais la MLS \u00bb, pr\u00e9cisait-il, faisant r\u00e9f\u00e9rence \u00e0 sa propre exp\u00e9rience am\u00e9ricaine.<\/p>\n\n\n\n<p>Cet hommage de <strong>Henry<\/strong> \u00e0 Griezmann d\u00e9passait la simple politesse : c&rsquo;\u00e9tait la reconnaissance d&rsquo;une g\u00e9n\u00e9ration envers une autre, d&rsquo;une l\u00e9gende envers un h\u00e9ritier qui avait honor\u00e9 le maillot bleu. <strong>Deux ans plus tard, cet \u00e9change reste un moment fort<\/strong> de respect mutuel entre deux ic\u00f4nes du football fran\u00e7ais.<\/p>\n","protected":false},"excerpt":{"rendered":"<p>En avril 2024, Thierry Henry avait adress\u00e9 un hommage vibrant \u00e0 Antoine Griezmann sur CBS Sports Golazo apr\u00e8s la qualification de l&rsquo;Atl\u00e9tico Madrid en demi-finale de Ligue des Champions. Cet \u00e9change marquant entre deux l\u00e9gendes du football fran\u00e7ais m\u00e9rite d&rsquo;\u00eatre revisit\u00e9. En avril 2024, en duplex depuis le Wanda Metropolitano, Thierry Henry n&rsquo;avait pas cach\u00e9 [&hellip;]<\/p>\n","protected":false},"author":2,"featured_media":47346,"comment_status":"open","ping_status":"open","sticky":false,"template":"","format":"standard","meta":{"_acf_changed":false,"_seopress_robots_primary_cat":"none","_seopress_titles_title":"","_seopress_titles_desc":"","_seopress_robots_index":"","footnotes":""},"categories":[1],"tags":[],"class_list":["post-47343","post","type-post","status-publish","format-standard","has-post-thumbnail","hentry","category-football"],"acf":[],"_links":{"self":[{"href":"https:\/\/mvz-sports.com\/fr\/wp-json\/wp\/v2\/posts\/47343","targetHints":{"allow":["GET"]}}],"collection":[{"href":"https:\/\/mvz-sports.com\/fr\/wp-json\/wp\/v2\/posts"}],"about":[{"href":"https:\/\/mvz-sports.com\/fr\/wp-json\/wp\/v2\/types\/post"}],"author":[{"embeddable":true,"href":"https:\/\/mvz-sports.com\/fr\/wp-json\/wp\/v2\/users\/2"}],"replies":[{"embeddable":true,"href":"https:\/\/mvz-sports.com\/fr\/wp-json\/wp\/v2\/comments?post=47343"}],"version-history":[{"count":2,"href":"https:\/\/mvz-sports.com\/fr\/wp-json\/wp\/v2\/posts\/47343\/revisions"}],"predecessor-version":[{"id":47349,"href":"https:\/\/mvz-sports.com\/fr\/wp-json\/wp\/v2\/posts\/47343\/revisions\/47349"}],"wp:featuredmedia":[{"embeddable":true,"href":"https:\/\/mvz-sports.com\/fr\/wp-json\/wp\/v2\/media\/47346"}],"wp:attachment":[{"href":"https:\/\/mvz-sports.com\/fr\/wp-json\/wp\/v2\/media?parent=47343"}],"wp:term":[{"taxonomy":"category","embeddable":true,"href":"https:\/\/mvz-sports.com\/fr\/wp-json\/wp\/v2\/categories?post=47343"},{"taxonomy":"post_tag","embeddable":true,"href":"https:\/\/mvz-sports.com\/fr\/wp-json\/wp\/v2\/tags?post=47343"}],"curies":[{"name":"wp","href":"https:\/\/api.w.org\/{rel}","templated":true}]}}