{"id":47369,"date":"2026-04-15T18:31:00","date_gmt":"2026-04-15T16:31:00","guid":{"rendered":"https:\/\/mvz-sports.com\/fr\/?p=47369"},"modified":"2026-04-15T11:42:55","modified_gmt":"2026-04-15T09:42:55","slug":"je-ny-crois-pas-et-je-ne-lespere-meme-pas-un-ministre-italien-sur-le-potentiel-repechage","status":"publish","type":"post","link":"https:\/\/mvz-sports.com\/fr\/football\/news\/je-ny-crois-pas-et-je-ne-lespere-meme-pas-un-ministre-italien-sur-le-potentiel-repechage","title":{"rendered":"\u00ab Je n\u2019y crois pas et je ne l\u2019esp\u00e8re m\u00eame pas \u00bb : Un ministre Italien sur le potentiel rep\u00eachage"},"content":{"rendered":"\n<p><strong>En 2023, Andrea Abodi, ministre italien des Sports, avait ferm\u00e9 la porte \u00e0 tout espoir de rep\u00eachage pour l&rsquo;Italie apr\u00e8s son \u00e9limination du Mondial 2022. Ses mots, sans d\u00e9tour, r\u00e9sonnent encore : \u00ab Je n&rsquo;y crois pas et je ne l&rsquo;esp\u00e8re m\u00eame pas \u00bb.<\/strong><\/p>\n\n\n\n<p><strong>L&rsquo;Italie<\/strong>, \u00e9limin\u00e9e de la <a href=\"https:\/\/mvz-sports.com\/fr\/football\/competitions\/coupe-du-monde-de-football\">Coupe du Monde<\/a> 2022, traversait alors une p\u00e9riode de turbulences. Entre crise institutionnelle et remise en question du syst\u00e8me, le ministre avait choisi la transparence plut\u00f4t que les faux espoirs dans cette comp\u00e9tition du <a href=\"https:\/\/mvz-sports.com\/fr\/football\">football<\/a>.<\/p>\n\n\n\n<h2 class=\"wp-block-heading\">Une position ferme face aux sp\u00e9culations<\/h2>\n\n\n\n<p>Interrog\u00e9 sur les rumeurs de rep\u00eachage qui circulaient \u00e0 l&rsquo;\u00e9poque, <strong>Andrea Abodi<\/strong> n&rsquo;avait laiss\u00e9 aucune place \u00e0 l&rsquo;ambigu\u00eft\u00e9. <strong>\u00ab Je n&rsquo;y crois pas et je ne l&rsquo;esp\u00e8re m\u00eame pas \u00bb<\/strong>, avait-il d\u00e9clar\u00e9, coupant court \u00e0 toute sp\u00e9culation.<\/p>\n\n\n\n<p>Cette franchise, rare dans le milieu politique sportif, t\u00e9moignait d&rsquo;une approche pragmatique. Plut\u00f4t que d&rsquo;entretenir de vains espoirs, le ministre pr\u00e9f\u00e9rait regarder la r\u00e9alit\u00e9 en face.<\/p>\n\n\n\n<h2 class=\"wp-block-heading\">L&rsquo;honneur avant l&rsquo;opportunisme<\/h2>\n\n\n\n<p>Pour <strong>Abodi<\/strong>, accepter un hypoth\u00e9tique rep\u00eachage aurait constitu\u00e9 un <strong>\u00ab manque de respect \u00bb<\/strong> envers les \u00e9quipes qualifi\u00e9es sur le terrain. Cette position refl\u00e8te l&rsquo;orgueil national italien.<\/p>\n\n\n\n<p>Le ministre avait alors pr\u00e9f\u00e9r\u00e9 miser sur l&rsquo;avenir plut\u00f4t que sur des solutions de fortune. Une le\u00e7on d&rsquo;int\u00e9grit\u00e9 sportive qui marquait les esprits.<\/p>\n\n\n\n<h2 class=\"wp-block-heading\">Une d\u00e9claration qui fait \u00e9cho aujourd&rsquo;hui<\/h2>\n\n\n\n<p>Ces mots prononc\u00e9s en 2023 gardent leur force aujourd&rsquo;hui. Ils illustrent une conception du sport o\u00f9 <strong>la dignit\u00e9 prime sur l&rsquo;opportunisme<\/strong>.<\/p>\n\n\n\n<p><strong>L&rsquo;Italie<\/strong> a depuis retrouv\u00e9 sa place sur la sc\u00e8ne internationale, validant l&rsquo;approche <strong>d&rsquo;Abodi<\/strong> qui privil\u00e9giait la reconstruction \u00e0 long terme.<\/p>\n","protected":false},"excerpt":{"rendered":"<p>En 2023, Andrea Abodi, ministre italien des Sports, avait ferm\u00e9 la porte \u00e0 tout espoir de rep\u00eachage pour l&rsquo;Italie apr\u00e8s son \u00e9limination du Mondial 2022. Ses mots, sans d\u00e9tour, r\u00e9sonnent encore : \u00ab Je n&rsquo;y crois pas et je ne l&rsquo;esp\u00e8re m\u00eame pas \u00bb. L&rsquo;Italie, \u00e9limin\u00e9e de la Coupe du Monde 2022, traversait alors une [&hellip;]<\/p>\n","protected":false},"author":2,"featured_media":47373,"comment_status":"open","ping_status":"open","sticky":false,"template":"","format":"standard","meta":{"_acf_changed":false,"_seopress_robots_primary_cat":"none","_seopress_titles_title":"","_seopress_titles_desc":"","_seopress_robots_index":"","footnotes":""},"categories":[1],"tags":[],"class_list":["post-47369","post","type-post","status-publish","format-standard","has-post-thumbnail","hentry","category-football"],"acf":[],"_links":{"self":[{"href":"https:\/\/mvz-sports.com\/fr\/wp-json\/wp\/v2\/posts\/47369","targetHints":{"allow":["GET"]}}],"collection":[{"href":"https:\/\/mvz-sports.com\/fr\/wp-json\/wp\/v2\/posts"}],"about":[{"href":"https:\/\/mvz-sports.com\/fr\/wp-json\/wp\/v2\/types\/post"}],"author":[{"embeddable":true,"href":"https:\/\/mvz-sports.com\/fr\/wp-json\/wp\/v2\/users\/2"}],"replies":[{"embeddable":true,"href":"https:\/\/mvz-sports.com\/fr\/wp-json\/wp\/v2\/comments?post=47369"}],"version-history":[{"count":1,"href":"https:\/\/mvz-sports.com\/fr\/wp-json\/wp\/v2\/posts\/47369\/revisions"}],"predecessor-version":[{"id":47372,"href":"https:\/\/mvz-sports.com\/fr\/wp-json\/wp\/v2\/posts\/47369\/revisions\/47372"}],"wp:featuredmedia":[{"embeddable":true,"href":"https:\/\/mvz-sports.com\/fr\/wp-json\/wp\/v2\/media\/47373"}],"wp:attachment":[{"href":"https:\/\/mvz-sports.com\/fr\/wp-json\/wp\/v2\/media?parent=47369"}],"wp:term":[{"taxonomy":"category","embeddable":true,"href":"https:\/\/mvz-sports.com\/fr\/wp-json\/wp\/v2\/categories?post=47369"},{"taxonomy":"post_tag","embeddable":true,"href":"https:\/\/mvz-sports.com\/fr\/wp-json\/wp\/v2\/tags?post=47369"}],"curies":[{"name":"wp","href":"https:\/\/api.w.org\/{rel}","templated":true}]}}