{"id":47416,"date":"2026-04-16T17:02:00","date_gmt":"2026-04-16T15:02:00","guid":{"rendered":"https:\/\/mvz-sports.com\/fr\/?p=47416"},"modified":"2026-04-16T12:38:13","modified_gmt":"2026-04-16T10:38:13","slug":"tous-les-gens-devreux-vont-venir-upamecano-et-dembele-des-matchs-dans-la-cours-decole-a-la-demi-finale-de-ldc","status":"publish","type":"post","link":"https:\/\/mvz-sports.com\/fr\/football\/news\/tous-les-gens-devreux-vont-venir-upamecano-et-dembele-des-matchs-dans-la-cours-decole-a-la-demi-finale-de-ldc","title":{"rendered":"\u00ab\u00a0Tous les gens d&rsquo;Evreux vont venir\u00a0\u00bb : Upamecano et Demb\u00e9l\u00e9, des matchs dans la cours d\u2019\u00e9cole \u00e0 la demi-finale de LDC"},"content":{"rendered":"\n<p><strong>\u00ab\u00a0C&rsquo;est incroyable. Beaucoup de gens d&rsquo;Evreux vont \u00eatre pr\u00e9sents, je vais devoir commander beaucoup de places\u00a0\u00bb, confie Dayot Upamecano avant d&rsquo;affronter son ami d&rsquo;enfance Ousmane Demb\u00e9l\u00e9 en demi-finale de Ligue des Champions cette saison.<\/strong><\/p>\n\n\n\n<p>Deux joueurs n\u00e9s dans le m\u00eame quartier de Normandie, form\u00e9s aux m\u00eames terrains de fortune, vont se croiser au sommet du <a href=\"https:\/\/mvz-sports.com\/fr\/football\">football<\/a> europ\u00e9en. Pour les habitants d&rsquo;Evreux, c&rsquo;est l&rsquo;occasion rare de voir deux des leurs briller sous les projecteurs de la plus grande comp\u00e9tition continentale.<\/p>\n\n\n\n<h2 class=\"wp-block-heading\">De la cour d&rsquo;\u00e9cole \u00e0 la demi-finale : quand Upamecano et Demb\u00e9l\u00e9 jouaient sur le b\u00e9ton<\/h2>\n\n\n\n<p>Le d\u00e9fenseur central se souvient parfaitement de ces matchs improvis\u00e9s dans la cour de r\u00e9cr\u00e9ation. <strong>\u00ab\u00a0Lui c&rsquo;\u00e9tait le capitaine des CM2, moi des CM1, on jouait sur le b\u00e9ton et je mettais des tacles ! Tout au long de l&rsquo;ann\u00e9e il a tout gagn\u00e9\u00a0\u00bb<\/strong>, raconte <a href=\"https:\/\/mvz-sports.com\/fr\/football\/players\/dayotchanculle-oswald-upamecano\">Dayot Upamecano<\/a>.<\/p>\n\n\n\n<p>Cette rivalit\u00e9 forge leurs caract\u00e8res. Le futur international fran\u00e7ais, \u00e2g\u00e9 de 27 ans, d\u00e9couvre la comp\u00e9tition face \u00e0 son a\u00een\u00e9 d&rsquo;un an. Mais au-del\u00e0 des victoires et d\u00e9faites sur le b\u00e9ton, une amiti\u00e9 solide se construit.<\/p>\n\n\n\n<p>\u00ab\u00a0On essaye de se voir souvent, on a les m\u00eames amis, <strong>Ousmane<\/strong> c&rsquo;est la famille\u00a0\u00bb, poursuit Upamecano. Cette complicit\u00e9 d&rsquo;enfance r\u00e9siste aux ann\u00e9es et aux transferts qui les m\u00e8nent aux quatre coins de l&rsquo;Europe.<\/p>\n\n\n\n<h2 class=\"wp-block-heading\">Le talent brut de Demb\u00e9l\u00e9 : un enfant d&rsquo;Evreux qui n&rsquo;avait pas d&rsquo;\u00e9gal<\/h2>\n\n\n\n<p>Romaric Bultel n&rsquo;oublie pas ce qu&rsquo;il a vu \u00e0 \u00c9vreux FC 27. L&rsquo;\u00e9ducateur garde en m\u00e9moire un gamin aux qualit\u00e9s exceptionnelles : <strong>\u00ab\u00a0Avant de le c\u00f4toyer, je le voyais faire des choses dont je me souviendrais toute ma vie, il avait deux mains \u00e0 la place des pieds.\u00a0\u00bb<\/strong><\/p>\n\n\n\n<p>Le t\u00e9moignage frappe par sa sinc\u00e9rit\u00e9. \u00ab\u00a0Je n&rsquo;avais jamais vu et je n&rsquo;ai pas encore revu un gamin aussi dou\u00e9 et aussi fort techniquement\u00a0\u00bb, ajoute Bultel. Cette reconnaissance pr\u00e9coce du talent brut de <a href=\"https:\/\/mvz-sports.com\/fr\/football\/players\/masour-ousmane-dembele\">Demb\u00e9l\u00e9<\/a> explique son parcours fulgurant.<\/p>\n\n\n\n<p>Direction Rennes en 2010, o\u00f9 l&rsquo;ailier confirme son potentiel. <strong>Ses statistiques parlent : 12 buts en 29 matchs<\/strong> avant son d\u00e9part vers Dortmund en mai 2016. Le gamin d&rsquo;Evreux devient une star europ\u00e9enne en quelques saisons.<\/p>\n\n\n\n<blockquote class=\"twitter-tweet\"><p lang=\"fr\" dir=\"ltr\">&quot;Tous les gens d&#39;Evreux vont venir, je vais devoir commander beaucoup de places&quot; \ud83e\udd23<br><br>Dayot Upamecano retrouvera Ousmane Demb\u00e9l\u00e9 en demi-finale de Ligue des champions, mais avant \u00e7a, ils s&#39;affrontaient dans la cour de l&#39;\u00e9cole \ud83d\ude2d<a href=\"https:\/\/twitter.com\/hashtag\/BAYRMA?src=hash&amp;ref_src=twsrc%5Etfw\">#BAYRMA<\/a> | <a href=\"https:\/\/twitter.com\/hashtag\/UCL?src=hash&amp;ref_src=twsrc%5Etfw\">#UCL<\/a> <a href=\"https:\/\/t.co\/DjKHsdgZJD\">pic.twitter.com\/DjKHsdgZJD<\/a><\/p>&mdash; CANAL+ Foot (@CanalplusFoot) <a href=\"https:\/\/twitter.com\/CanalplusFoot\/status\/2044529635996701059?ref_src=twsrc%5Etfw\">April 15, 2026<\/a><\/blockquote> <script async src=\"https:\/\/platform.twitter.com\/widgets.js\" charset=\"utf-8\"><\/script>\n\n\n\n<h2 class=\"wp-block-heading\">Evreux regarde ses deux fils affronter l&rsquo;Europe<\/h2>\n\n\n\n<p>La ville normande vit un moment unique. Jamais deux enfants du m\u00eame quartier n&rsquo;ont atteint ensemble ce niveau de la <a href=\"https:\/\/mvz-sports.com\/fr\/football\/competitions\/uefa-champions-league\">Ligue des Champions<\/a>. <strong>Upamecano<\/strong> mesure l&rsquo;ampleur de l&rsquo;\u00e9v\u00e9nement pour sa ville natale.<\/p>\n\n\n\n<p>Le d\u00e9fenseur central anticipe d\u00e9j\u00e0 l&rsquo;affluence : <strong>\u00ab\u00a0Beaucoup de gens d&rsquo;Evreux vont \u00eatre pr\u00e9sents, je vais devoir commander beaucoup de places\u00a0\u00bb<\/strong>. Cette phrase r\u00e9sume l&rsquo;\u00e9motion collective d&rsquo;une communaut\u00e9 qui voit ses enfants au sommet.<\/p>\n\n\n\n<p>Deux soir\u00e9es o\u00f9 Evreux aura les yeux riv\u00e9s sur ses deux ambassadeurs. Une success story rare qui transforme une rivalit\u00e9 d&rsquo;enfance en conte de f\u00e9es europ\u00e9en.<\/p>\n\n\n\n<p>Deux gamins qui se battaient sur le b\u00e9ton vont maintenant se battre pour une place en finale de Ligue des Champions. Une histoire qui rappelle que les plus grandes rivalit\u00e9s naissent parfois dans les cours d&rsquo;\u00e9cole.<\/p>\n","protected":false},"excerpt":{"rendered":"<p>\u00ab\u00a0C&rsquo;est incroyable. Beaucoup de gens d&rsquo;Evreux vont \u00eatre pr\u00e9sents, je vais devoir commander beaucoup de places\u00a0\u00bb, confie Dayot Upamecano avant d&rsquo;affronter son ami d&rsquo;enfance Ousmane Demb\u00e9l\u00e9 en demi-finale de Ligue des Champions cette saison. Deux joueurs n\u00e9s dans le m\u00eame quartier de Normandie, form\u00e9s aux m\u00eames terrains de fortune, vont se croiser au sommet du [&hellip;]<\/p>\n","protected":false},"author":2,"featured_media":47419,"comment_status":"open","ping_status":"open","sticky":false,"template":"","format":"standard","meta":{"_acf_changed":false,"_seopress_robots_primary_cat":"none","_seopress_titles_title":"","_seopress_titles_desc":"","_seopress_robots_index":"","footnotes":""},"categories":[1],"tags":[],"class_list":["post-47416","post","type-post","status-publish","format-standard","has-post-thumbnail","hentry","category-football"],"acf":[],"_links":{"self":[{"href":"https:\/\/mvz-sports.com\/fr\/wp-json\/wp\/v2\/posts\/47416","targetHints":{"allow":["GET"]}}],"collection":[{"href":"https:\/\/mvz-sports.com\/fr\/wp-json\/wp\/v2\/posts"}],"about":[{"href":"https:\/\/mvz-sports.com\/fr\/wp-json\/wp\/v2\/types\/post"}],"author":[{"embeddable":true,"href":"https:\/\/mvz-sports.com\/fr\/wp-json\/wp\/v2\/users\/2"}],"replies":[{"embeddable":true,"href":"https:\/\/mvz-sports.com\/fr\/wp-json\/wp\/v2\/comments?post=47416"}],"version-history":[{"count":2,"href":"https:\/\/mvz-sports.com\/fr\/wp-json\/wp\/v2\/posts\/47416\/revisions"}],"predecessor-version":[{"id":47421,"href":"https:\/\/mvz-sports.com\/fr\/wp-json\/wp\/v2\/posts\/47416\/revisions\/47421"}],"wp:featuredmedia":[{"embeddable":true,"href":"https:\/\/mvz-sports.com\/fr\/wp-json\/wp\/v2\/media\/47419"}],"wp:attachment":[{"href":"https:\/\/mvz-sports.com\/fr\/wp-json\/wp\/v2\/media?parent=47416"}],"wp:term":[{"taxonomy":"category","embeddable":true,"href":"https:\/\/mvz-sports.com\/fr\/wp-json\/wp\/v2\/categories?post=47416"},{"taxonomy":"post_tag","embeddable":true,"href":"https:\/\/mvz-sports.com\/fr\/wp-json\/wp\/v2\/tags?post=47416"}],"curies":[{"name":"wp","href":"https:\/\/api.w.org\/{rel}","templated":true}]}}