{"id":47432,"date":"2026-04-16T18:03:00","date_gmt":"2026-04-16T16:03:00","guid":{"rendered":"https:\/\/mvz-sports.com\/fr\/?p=47432"},"modified":"2026-04-16T13:28:43","modified_gmt":"2026-04-16T11:28:43","slug":"deschamps-confirme-lenorme-coup-dur-pour-ekitike-et-apporte-son-soutien-au-joueur-pas-de-coupes-du-monde-pour-lui","status":"publish","type":"post","link":"https:\/\/mvz-sports.com\/fr\/football\/news\/deschamps-confirme-lenorme-coup-dur-pour-ekitike-et-apporte-son-soutien-au-joueur-pas-de-coupes-du-monde-pour-lui","title":{"rendered":"Deschamps confirme l&rsquo;\u00e9norme coup dur pour Ekitik\u00e9 et apporte son soutien au joueur (pas de coupes du monde pour lui)"},"content":{"rendered":"\n<p><strong>Didier Deschamps a officiellement confirm\u00e9 que Hugo Ekitik\u00e9 ne participera pas \u00e0 la Coupe du monde 2026, suite \u00e0 sa rupture du tendon d&rsquo;Achille subie mardi contre Liverpool, tout en lui apportant son soutien personnel et institutionnel.<\/strong><\/p>\n\n\n\n<p>La blessure d&rsquo;Hugo Ekitik\u00e9 lors du quart de finale Liverpool-<a href=\"https:\/\/mvz-sports.com\/fr\/football\/clubs\/paris-saint-germain\">PSG<\/a> mardi soir a des cons\u00e9quences bien au-del\u00e0 du terrain : elle ferme d\u00e9finitivement la porte du Mondial 2026 au jeune attaquant fran\u00e7ais.<\/p>\n\n\n\n<p>L&rsquo;\u00e9quipe de France perd un talent prometteur au moment o\u00f9 il montait en puissance avec ses 8 s\u00e9lections et son but contre le Br\u00e9sil.<\/p>\n\n\n\n<h2 class=\"wp-block-heading\">Ekitik\u00e9 forfait pour le Mondial 2026 : Deschamps confirme l&rsquo;ampleur du coup dur<\/h2>\n\n\n\n<p>\u00ab\u00a0Hugo s&rsquo;est s\u00e9rieusement bless\u00e9, mardi soir (15 avril), contre le PSG. La gravit\u00e9 de sa blessure va malheureusement l&#8217;emp\u00eacher de terminer la saison avec <a href=\"https:\/\/mvz-sports.com\/fr\/football\/clubs\/liverpool\">Liverpool<\/a> et de participer \u00e0 la Coupe du monde\u00a0\u00bb, a d\u00e9clar\u00e9 <strong>Didier Deschamps<\/strong> dans un communiqu\u00e9 officiel.<\/p>\n\n\n\n<p>La rupture du tendon d&rsquo;Achille survenue \u00e0 la 28e minute du match retour scelle d\u00e9finitivement le sort de l&rsquo;attaquant. Le Dr Ronny Lopes estime \u00e0 <strong>8-9 mois la dur\u00e9e de convalescence<\/strong> n\u00e9cessaire (RMC Sport).<\/p>\n\n\n\n<p>La Coupe du monde 2026 se d\u00e9roulera du 11 juin au 19 juillet aux \u00c9tats-Unis, Canada et Mexique (AFP). Ekitik\u00e9 ne pourra pas retrouver son niveau optimal \u00e0 temps.<\/p>\n\n\n\n<p>Deschamps doit annoncer sa liste d\u00e9finitive le 14 mai : cette confirmation publique anticip\u00e9e montre l&rsquo;urgence et la gravit\u00e9 de la situation.<\/p>\n\n\n\n<h2 class=\"wp-block-heading\">\u00ab Hugo retrouvera son meilleur niveau \u00bb : Deschamps apporte son soutien au joueur<\/h2>\n\n\n\n<p>\u00ab\u00a0<a href=\"https:\/\/mvz-sports.com\/fr\/football\/players\/hugo-ekitike\">Hugo<\/a> retrouvera son meilleur niveau, j&rsquo;en suis persuad\u00e9. Mais je tenais \u00e0 lui t\u00e9moigner tout mon soutien, ainsi que celui de l&rsquo;ensemble du staff\u00a0\u00bb, a ajout\u00e9 le s\u00e9lectionneur.<\/p>\n\n\n\n<p>Deschamps, connu pour accompagner ses joueurs en difficult\u00e9, choisit de valoriser publiquement un \u00e9l\u00e9ment qui montait en puissance.<\/p>\n\n\n\n<p>Ekitik\u00e9 r\u00e9alisait sa meilleure saison avec <strong>17 buts et 6 passes d\u00e9cisives<\/strong> en 45 apparitions avec <strong>Liverpool<\/strong> (RMC Sport). \u00ab\u00a0Cette blessure est un immense coup dur pour lui, bien \u00e9videmment, mais aussi pour l&rsquo;\u00e9quipe de France\u00a0\u00bb, reconna\u00eet Deschamps.<\/p>\n\n\n\n<p>L&rsquo;impact \u00e9motionnel pour le joueur de 22 ans est consid\u00e9rable. Il touchait enfin du doigt son <strong>premier Mondial<\/strong> apr\u00e8s une progression constante en s\u00e9lection.<\/p>\n\n\n\n<h2 class=\"wp-block-heading\">Un coup dur pour l&rsquo;\u00e9quipe de France : Deschamps doit repenser son attaque<\/h2>\n\n\n\n<p>L&rsquo;absence d&rsquo;<strong>Ekitik\u00e9<\/strong> redessine les plans offensifs de <strong>Deschamps<\/strong> pour le Mondial. L&rsquo;attaquant comptait <strong>8 s\u00e9lections<\/strong> avec l&rsquo;\u00e9quipe de France et avait marqu\u00e9 contre le Br\u00e9sil lors du dernier rassemblement (RMC Sport).<\/p>\n\n\n\n<p>Son profil unique &#8211; vitesse, percussion, capacit\u00e9 \u00e0 jouer dos au but  constituait une option pr\u00e9cieuse dans l&rsquo;arsenal tactique du s\u00e9lectionneur. Deschamps g\u00e8re une nouvelle g\u00e9n\u00e9ration int\u00e9gr\u00e9e r\u00e9cemment, et cette perte fragilise ses <strong>rotations offensives<\/strong>.<\/p>\n\n\n\n<p>Le calendrier serr\u00e9 complique la donne. Avec une liste d\u00e9finitive \u00e0 rendre le 14 mai pour un Mondial en juin-juillet 2026, les alternatives doivent rapidement \u00e9merger.<\/p>\n\n\n\n<p>Cette blessure interroge aussi sur la gestion physique des joueurs en fin de saison europ\u00e9enne, p\u00e9riode critique avant les grands rendez-vous internationaux.<\/p>\n\n\n\n<p>Deschamps adresse un message de continuit\u00e9 \u00e0 un joueur en d\u00e9tresse.<\/p>\n\n\n\n<p><strong>Ekitik\u00e9<\/strong> devra attendre 2027 ou 2028 pour retrouver les grands rendez-vous internationaux, mais il sait que son s\u00e9lectionneur croit en lui.<\/p>\n\n\n\n<p>Qui Deschamps alignera-t-il en attaque pour la <a href=\"https:\/\/mvz-sports.com\/fr\/football\/competitions\/coupe-du-monde-de-football\">Coupe du Monde<\/a> 2026 sans Ekitik\u00e9 ?<\/p>\n","protected":false},"excerpt":{"rendered":"<p>Didier Deschamps a officiellement confirm\u00e9 que Hugo Ekitik\u00e9 ne participera pas \u00e0 la Coupe du monde 2026, suite \u00e0 sa rupture du tendon d&rsquo;Achille subie mardi contre Liverpool, tout en lui apportant son soutien personnel et institutionnel. La blessure d&rsquo;Hugo Ekitik\u00e9 lors du quart de finale Liverpool-PSG mardi soir a des cons\u00e9quences bien au-del\u00e0 du [&hellip;]<\/p>\n","protected":false},"author":2,"featured_media":47435,"comment_status":"open","ping_status":"open","sticky":false,"template":"","format":"standard","meta":{"_acf_changed":false,"_seopress_robots_primary_cat":"none","_seopress_titles_title":"","_seopress_titles_desc":"","_seopress_robots_index":"","footnotes":""},"categories":[1],"tags":[],"class_list":["post-47432","post","type-post","status-publish","format-standard","has-post-thumbnail","hentry","category-football"],"acf":[],"_links":{"self":[{"href":"https:\/\/mvz-sports.com\/fr\/wp-json\/wp\/v2\/posts\/47432","targetHints":{"allow":["GET"]}}],"collection":[{"href":"https:\/\/mvz-sports.com\/fr\/wp-json\/wp\/v2\/posts"}],"about":[{"href":"https:\/\/mvz-sports.com\/fr\/wp-json\/wp\/v2\/types\/post"}],"author":[{"embeddable":true,"href":"https:\/\/mvz-sports.com\/fr\/wp-json\/wp\/v2\/users\/2"}],"replies":[{"embeddable":true,"href":"https:\/\/mvz-sports.com\/fr\/wp-json\/wp\/v2\/comments?post=47432"}],"version-history":[{"count":1,"href":"https:\/\/mvz-sports.com\/fr\/wp-json\/wp\/v2\/posts\/47432\/revisions"}],"predecessor-version":[{"id":47436,"href":"https:\/\/mvz-sports.com\/fr\/wp-json\/wp\/v2\/posts\/47432\/revisions\/47436"}],"wp:featuredmedia":[{"embeddable":true,"href":"https:\/\/mvz-sports.com\/fr\/wp-json\/wp\/v2\/media\/47435"}],"wp:attachment":[{"href":"https:\/\/mvz-sports.com\/fr\/wp-json\/wp\/v2\/media?parent=47432"}],"wp:term":[{"taxonomy":"category","embeddable":true,"href":"https:\/\/mvz-sports.com\/fr\/wp-json\/wp\/v2\/categories?post=47432"},{"taxonomy":"post_tag","embeddable":true,"href":"https:\/\/mvz-sports.com\/fr\/wp-json\/wp\/v2\/tags?post=47432"}],"curies":[{"name":"wp","href":"https:\/\/api.w.org\/{rel}","templated":true}]}}