{"id":47483,"date":"2026-04-17T18:32:00","date_gmt":"2026-04-17T16:32:00","guid":{"rendered":"https:\/\/mvz-sports.com\/fr\/?p=47483"},"modified":"2026-04-17T10:55:29","modified_gmt":"2026-04-17T08:55:29","slug":"on-doit-aller-de-lavant-mbappe-sort-du-silence-apres-bayern-real-et-promet-deja-le-retour-du-real-madrid","status":"publish","type":"post","link":"https:\/\/mvz-sports.com\/fr\/football\/news\/on-doit-aller-de-lavant-mbappe-sort-du-silence-apres-bayern-real-et-promet-deja-le-retour-du-real-madrid","title":{"rendered":"\u00ab\u00a0On doit aller de l\u2019avant\u00a0\u00bb : Mbapp\u00e9 sort du silence apr\u00e8s Bayern-Real et promet d\u00e9j\u00e0 le retour du Real Madrid"},"content":{"rendered":"\n<p><strong>Vingt-quatre heures apr\u00e8s l&rsquo;\u00e9limination du Real Madrid par le Bayern Munich en Ligue des champions<\/strong>, Kylian Mbapp\u00e9 a pris la parole sur Instagram pour r\u00e9agir \u00e0 cette d\u00e9faite douloureuse et galvaniser ses supporters.<\/p>\n\n\n\n<h2 class=\"wp-block-heading\">Une \u00e9limination qui fait mal<\/h2>\n\n\n\n<p>Le <a href=\"https:\/\/mvz-sports.com\/fr\/football\/clubs\/real-madrid\">Real Madrid<\/a> a \u00e9t\u00e9 \u00e9limin\u00e9 mercredi soir en quart de finale de la Ligue des champions par le <a href=\"https:\/\/mvz-sports.com\/fr\/football\/clubs\/bayern-munchen\">Bayern Munich<\/a>. Une d\u00e9faite qui prive les Madril\u00e8nes d&rsquo;une qualification en demi-finale et qui s&rsquo;ajoute \u00e0 une saison d\u00e9j\u00e0 compliqu\u00e9e en <a href=\"https:\/\/mvz-sports.com\/fr\/football\/competitions\/la-liga\">Liga<\/a>, o\u00f9 l&rsquo;\u00e9quipe accuse <strong>un retard de 9 points sur <a href=\"https:\/\/mvz-sports.com\/fr\/football\/clubs\/barcelona\">Barcelone<\/a><\/strong>.<\/p>\n\n\n\n<p>Pour <strong>Mbapp\u00e9<\/strong>, arriv\u00e9 cet \u00e9t\u00e9 en provenance du <strong>PSG<\/strong>, cette premi\u00e8re saison au <strong>Real Madrid<\/strong> ne se d\u00e9roule pas comme esp\u00e9r\u00e9. L&rsquo;attaquant fran\u00e7ais peine \u00e0 retrouver son meilleur niveau et cette \u00e9limination europ\u00e9enne constitue un nouveau coup dur.<\/p>\n\n\n\n<h2 class=\"wp-block-heading\">Mbapp\u00e9 sort du silence sur Instagram<\/h2>\n\n\n\n<p>Apr\u00e8s 24 heures de silence, l&rsquo;international fran\u00e7ais a publi\u00e9 un message sur son compte Instagram pour s&rsquo;adresser directement aux supporters madril\u00e8nes. <strong>\u00ab\u00a0On doit aller de l&rsquo;avant\u00a0\u00bb<\/strong>, a \u00e9crit le joueur de 25 ans, accompagnant son message d&rsquo;une photo de lui en maillot blanc.<\/p>\n\n\n\n<p>\u00ab\u00a0Cette d\u00e9faite fait mal, mais elle ne d\u00e9finit pas qui nous sommes. Le <strong>Real Madrid<\/strong> reviendra plus fort, c&rsquo;est une promesse\u00a0\u00bb, a ajout\u00e9 l&rsquo;ancien joueur du <a href=\"https:\/\/mvz-sports.com\/fr\/football\/clubs\/paris-saint-germain\">PSG<\/a> dans sa publication qui a rapidement fait le tour des r\u00e9seaux sociaux.<\/p>\n\n\n\n<h2 class=\"wp-block-heading\">Un message d&rsquo;espoir pour l&rsquo;avenir<\/h2>\n\n\n\n<p>Malgr\u00e9 la d\u00e9ception, Mbapp\u00e9 veut d\u00e9j\u00e0 tourner la page et se projeter sur la suite. Le Fran\u00e7ais, qui d\u00e9couvre sa premi\u00e8re saison sous le maillot merengue, promet un retour en force du club le plus titr\u00e9 d&rsquo;Europe.<\/p>\n\n\n\n<p><strong>Les supporters madril\u00e8nes attendent d\u00e9sormais de voir<\/strong> si ces paroles se traduiront par des actes sur le terrain lors des prochaines \u00e9ch\u00e9ances de la saison.<\/p>\n\n\n\n<p><\/p>\n","protected":false},"excerpt":{"rendered":"<p>Vingt-quatre heures apr\u00e8s l&rsquo;\u00e9limination du Real Madrid par le Bayern Munich en Ligue des champions, Kylian Mbapp\u00e9 a pris la parole sur Instagram pour r\u00e9agir \u00e0 cette d\u00e9faite douloureuse et galvaniser ses supporters. Une \u00e9limination qui fait mal Le Real Madrid a \u00e9t\u00e9 \u00e9limin\u00e9 mercredi soir en quart de finale de la Ligue des champions [&hellip;]<\/p>\n","protected":false},"author":2,"featured_media":47486,"comment_status":"open","ping_status":"open","sticky":false,"template":"","format":"standard","meta":{"_acf_changed":false,"_seopress_robots_primary_cat":"none","_seopress_titles_title":"","_seopress_titles_desc":"","_seopress_robots_index":"","footnotes":""},"categories":[1],"tags":[],"class_list":["post-47483","post","type-post","status-publish","format-standard","has-post-thumbnail","hentry","category-football"],"acf":[],"_links":{"self":[{"href":"https:\/\/mvz-sports.com\/fr\/wp-json\/wp\/v2\/posts\/47483","targetHints":{"allow":["GET"]}}],"collection":[{"href":"https:\/\/mvz-sports.com\/fr\/wp-json\/wp\/v2\/posts"}],"about":[{"href":"https:\/\/mvz-sports.com\/fr\/wp-json\/wp\/v2\/types\/post"}],"author":[{"embeddable":true,"href":"https:\/\/mvz-sports.com\/fr\/wp-json\/wp\/v2\/users\/2"}],"replies":[{"embeddable":true,"href":"https:\/\/mvz-sports.com\/fr\/wp-json\/wp\/v2\/comments?post=47483"}],"version-history":[{"count":2,"href":"https:\/\/mvz-sports.com\/fr\/wp-json\/wp\/v2\/posts\/47483\/revisions"}],"predecessor-version":[{"id":47488,"href":"https:\/\/mvz-sports.com\/fr\/wp-json\/wp\/v2\/posts\/47483\/revisions\/47488"}],"wp:featuredmedia":[{"embeddable":true,"href":"https:\/\/mvz-sports.com\/fr\/wp-json\/wp\/v2\/media\/47486"}],"wp:attachment":[{"href":"https:\/\/mvz-sports.com\/fr\/wp-json\/wp\/v2\/media?parent=47483"}],"wp:term":[{"taxonomy":"category","embeddable":true,"href":"https:\/\/mvz-sports.com\/fr\/wp-json\/wp\/v2\/categories?post=47483"},{"taxonomy":"post_tag","embeddable":true,"href":"https:\/\/mvz-sports.com\/fr\/wp-json\/wp\/v2\/tags?post=47483"}],"curies":[{"name":"wp","href":"https:\/\/api.w.org\/{rel}","templated":true}]}}