{"id":47491,"date":"2026-04-18T04:33:00","date_gmt":"2026-04-18T02:33:00","guid":{"rendered":"https:\/\/mvz-sports.com\/fr\/?p=47491"},"modified":"2026-04-17T11:46:00","modified_gmt":"2026-04-17T09:46:00","slug":"lois-boisson-il-faudra-sans-doute-sattendre-a-une-bien-mauvaise-nouvelle-avant-roland-garros","status":"publish","type":"post","link":"https:\/\/mvz-sports.com\/fr\/tennis\/news\/lois-boisson-il-faudra-sans-doute-sattendre-a-une-bien-mauvaise-nouvelle-avant-roland-garros","title":{"rendered":"Lo\u00efs Boisson : il faudra sans doute s\u2019attendre \u00e0 une bien mauvaise nouvelle avant Roland-Garros"},"content":{"rendered":"\n<p><strong>Lo\u00efs Boisson a d\u00e9clar\u00e9 forfait pour le tournoi WTA 250 de Rouen : un signal d&rsquo;alarme \u00e0 cinq semaines de Roland-Garros o\u00f9 elle doit d\u00e9fendre sa demi-finale surprise de 2025.<\/strong><\/p>\n\n\n\n<p>Sept mois et demi sans comp\u00e9tition de <a href=\"https:\/\/mvz-sports.com\/fr\/tennis\">tennis<\/a>. C&rsquo;est le temps \u00e9coul\u00e9 depuis l&rsquo;abandon de <strong>Lo\u00efs Boisson<\/strong> au 3e tour de P\u00e9kin en septembre 2025.<\/p>\n\n\n\n<p>Pour les fans de tennis fran\u00e7ais, ce forfait de Rouen pose une question angoissante : la num\u00e9ro 1 fran\u00e7aise sera-t-elle pr\u00eate pour d\u00e9fendre son exploit de l&rsquo;ann\u00e9e derni\u00e8re ?<\/p>\n\n\n\n<h2 class=\"wp-block-heading\">Lo\u00efs Boisson forfait \u00e0 Rouen : une blessure \u00e0 l&rsquo;avant-bras qui ne passe pas<\/h2>\n\n\n\n<p>L&rsquo;entourage de <strong>Lo\u00efs Boisson<\/strong> a confirm\u00e9 son forfait pour le tournoi WTA 250 de Rouen (Paris Normandie). La raison ? <strong>Sa blessure \u00e0 l&rsquo;avant-bras refuse de gu\u00e9rir compl\u00e8tement.<\/strong><\/p>\n\n\n\n<p>\u00ab\u00a0Lo\u00efs n&rsquo;est pas encore suffisamment remise de sa blessure \u00e0 l&rsquo;avant-bras\u00a0\u00bb, explique Charles Roche, directeur du tournoi de Rouen. Cette d\u00e9claration confirme les craintes qui planaient depuis des semaines sur l&rsquo;\u00e9tat physique de la joueuse.<\/p>\n\n\n\n<p>Class\u00e9e 40e mondiale et num\u00e9ro 1 fran\u00e7aise, Boisson accumule d\u00e9sormais 7 mois et demi sans comp\u00e9tition. Son dernier match : un abandon au 3e tour du WTA 1000 de P\u00e9kin en septembre 2025. <strong>Un vide b\u00e9ant dans une carri\u00e8re qui semblait pourtant relanc\u00e9e.<\/strong><\/p>\n\n\n\n<h2 class=\"wp-block-heading\">Une absence inqui\u00e9tante : sept mois sans jouer avant Roland-Garros<\/h2>\n\n\n\n<p>Cette inactivit\u00e9 prolong\u00e9e d\u00e9passe le cadre d&rsquo;une simple blessure. Elle r\u00e9v\u00e8le une fragilit\u00e9 physique r\u00e9currente qui interroge sur la capacit\u00e9 de Boisson \u00e0 encha\u00eener les tournois.<\/p>\n\n\n\n<p>\u00ab\u00a0C&rsquo;est forc\u00e9ment inqui\u00e9tant de voir Lo\u00efs revenir avec parcimonie sur certains tournois en 2025, et toujours rien en 2026\u00a0\u00bb, analyse Nicolas Escud\u00e9, ancien capitaine des Bleues en Fed Cup. <strong>Ses mots r\u00e9sument parfaitement l&rsquo;inqui\u00e9tude du tennis fran\u00e7ais.<\/strong><\/p>\n\n\n\n<p>Avec seulement 5 semaines avant Roland-Garros (24 mai &#8211; 7 juin 2026), le temps presse. <strong>La pression est \u00e9norme : d\u00e9fendre une demi-finale sans avoir disput\u00e9 le moindre match depuis des mois.<\/strong><\/p>\n\n\n\n<h2 class=\"wp-block-heading\">De 361e mondiale \u00e0 demi-finaliste : peut-elle reproduire l&rsquo;exploit ?<\/h2>\n\n\n\n<p>L&rsquo;enjeu d\u00e9passe la simple participation. En 2025, Boisson avait cr\u00e9\u00e9 l&rsquo;\u00e9v\u00e9nement en atteignant les demi-finales alors qu&rsquo;elle \u00e9tait 361e mondiale (r\u00e9sultats officiels Roland-Garros 2025). <strong>Un exploit parti des qualifications qui avait boulevers\u00e9 la hi\u00e9rarchie.<\/strong><\/p>\n\n\n\n<p>Cette progression fulgurante jusqu&rsquo;au 40e rang mondial s&rsquo;est construite sur cette performance parisienne. Mais comment reproduire un tel niveau sans rythme de comp\u00e9tition ? <strong>L&rsquo;\u00e9quation semble impossible \u00e0 r\u00e9soudre.<\/strong><\/p>\n\n\n\n<p>Le forfait de Rouen n&rsquo;est pas une mauvaise nouvelle isol\u00e9e : c&rsquo;est le r\u00e9v\u00e9lateur d&rsquo;une situation fragile qui menace directement la pr\u00e9paration de Boisson pour <strong>Roland-Garros<\/strong>.<\/p>\n\n\n\n<p>Avec seulement cinq semaines avant le tournoi et aucune comp\u00e9tition depuis sept mois et demi, la fen\u00eatre de rattrapage se referme rapidement.<\/p>\n\n\n\n<p>Pensez-vous que <strong>Lo\u00efs Boisson<\/strong> aura le temps de retrouver son niveau avant <strong>Roland-Garros<\/strong>, ou faut-il s&rsquo;attendre \u00e0 une d\u00e9ception ?<\/p>\n\n\n\n<p><\/p>\n","protected":false},"excerpt":{"rendered":"<p>Lo\u00efs Boisson a d\u00e9clar\u00e9 forfait pour le tournoi WTA 250 de Rouen : un signal d&rsquo;alarme \u00e0 cinq semaines de Roland-Garros o\u00f9 elle doit d\u00e9fendre sa demi-finale surprise de 2025. Sept mois et demi sans comp\u00e9tition de tennis. C&rsquo;est le temps \u00e9coul\u00e9 depuis l&rsquo;abandon de Lo\u00efs Boisson au 3e tour de P\u00e9kin en septembre 2025. [&hellip;]<\/p>\n","protected":false},"author":2,"featured_media":47494,"comment_status":"open","ping_status":"open","sticky":false,"template":"","format":"standard","meta":{"_acf_changed":false,"_seopress_robots_primary_cat":"none","_seopress_titles_title":"","_seopress_titles_desc":"","_seopress_robots_index":"","footnotes":""},"categories":[4],"tags":[],"class_list":["post-47491","post","type-post","status-publish","format-standard","has-post-thumbnail","hentry","category-tennis"],"acf":[],"_links":{"self":[{"href":"https:\/\/mvz-sports.com\/fr\/wp-json\/wp\/v2\/posts\/47491","targetHints":{"allow":["GET"]}}],"collection":[{"href":"https:\/\/mvz-sports.com\/fr\/wp-json\/wp\/v2\/posts"}],"about":[{"href":"https:\/\/mvz-sports.com\/fr\/wp-json\/wp\/v2\/types\/post"}],"author":[{"embeddable":true,"href":"https:\/\/mvz-sports.com\/fr\/wp-json\/wp\/v2\/users\/2"}],"replies":[{"embeddable":true,"href":"https:\/\/mvz-sports.com\/fr\/wp-json\/wp\/v2\/comments?post=47491"}],"version-history":[{"count":2,"href":"https:\/\/mvz-sports.com\/fr\/wp-json\/wp\/v2\/posts\/47491\/revisions"}],"predecessor-version":[{"id":47496,"href":"https:\/\/mvz-sports.com\/fr\/wp-json\/wp\/v2\/posts\/47491\/revisions\/47496"}],"wp:featuredmedia":[{"embeddable":true,"href":"https:\/\/mvz-sports.com\/fr\/wp-json\/wp\/v2\/media\/47494"}],"wp:attachment":[{"href":"https:\/\/mvz-sports.com\/fr\/wp-json\/wp\/v2\/media?parent=47491"}],"wp:term":[{"taxonomy":"category","embeddable":true,"href":"https:\/\/mvz-sports.com\/fr\/wp-json\/wp\/v2\/categories?post=47491"},{"taxonomy":"post_tag","embeddable":true,"href":"https:\/\/mvz-sports.com\/fr\/wp-json\/wp\/v2\/tags?post=47491"}],"curies":[{"name":"wp","href":"https:\/\/api.w.org\/{rel}","templated":true}]}}