{"id":47516,"date":"2026-04-18T07:33:00","date_gmt":"2026-04-18T05:33:00","guid":{"rendered":"https:\/\/mvz-sports.com\/fr\/?p=47516"},"modified":"2026-04-17T16:39:43","modified_gmt":"2026-04-17T14:39:43","slug":"christophe-laporte-en-route-pour-trois-annees-de-plus-chez-la-visma","status":"publish","type":"post","link":"https:\/\/mvz-sports.com\/fr\/cyclisme\/news\/christophe-laporte-en-route-pour-trois-annees-de-plus-chez-la-visma","title":{"rendered":"Christophe Laporte : en route pour trois ann\u00e9es de plus chez la Visma"},"content":{"rendered":"\n<p><strong>Christophe Laporte prolonge son contrat avec Visma-Lease a Bike pour trois saisons suppl\u00e9mentaires, jusqu&rsquo;en 2029, confirmant sa fid\u00e9lit\u00e9 \u00e0 l&rsquo;\u00e9quipe n\u00e9erlandaise malgr\u00e9 l&rsquo;int\u00e9r\u00eat d&rsquo;Ineos Grenadiers et Groupama-FDJ United.<\/strong><\/p>\n\n\n\n<p>\u00c0 33 ans, le cycliste fran\u00e7ais choisit de rester chez <strong>Visma<\/strong> plut\u00f4t que de r\u00e9pondre aux avances d&rsquo;autres formations WorldTour. Cette prolongation intervient quatre jours apr\u00e8s sa 5e place \u00e0 <strong>Paris-Roubaix<\/strong>, son premier grand r\u00e9sultat depuis huit mois d&rsquo;absence.<\/p>\n\n\n\n<h2 class=\"wp-block-heading\">Laporte prolonge chez Visma jusqu&rsquo;en 2029 : un choix de stabilit\u00e9<\/h2>\n\n\n\n<p>L&rsquo;accord lierait <strong>Christophe Laporte \u00e0 Visma-Lease a Bike jusqu&rsquo;en 2029<\/strong> (L&rsquo;\u00c9quipe), soit trois saisons suppl\u00e9mentaires. Son contrat pr\u00e9c\u00e9dent arrivait \u00e0 \u00e9ch\u00e9ance fin 2026. Cette prolongation confirme sa fid\u00e9lit\u00e9 \u00e0 l&rsquo;\u00e9quipe n\u00e9erlandaise qu&rsquo;il a rejointe en 2022.<\/p>\n\n\n\n<p>Laporte reste donc chez Visma, \u00e9quipe qu&rsquo;il a rejointe en 2022. <strong>Visma mise sur l&rsquo;exp\u00e9rience<\/strong> de son coureur fran\u00e7ais pour les prochaines campagnes de pav\u00e9s. Cette stabilit\u00e9 contractuelle intervient apr\u00e8s une p\u00e9riode d&rsquo;incertitude li\u00e9e \u00e0 sa longue absence.<\/p>\n\n\n\n<h2 class=\"wp-block-heading\">Ineos et Groupama-FDJ United voulaient le recruter<\/h2>\n\n\n\n<p><strong>Ineos Grenadiers et Groupama-FDJ United<\/strong> avaient avanc\u00e9 leurs pions pour le recruter. Ces deux \u00e9quipes WorldTour voyaient en Laporte un atout pr\u00e9cieux pour leurs ambitions sur les classiques. L&rsquo;int\u00e9r\u00eat de Groupama-FDJ United s&rsquo;expliquait notamment par la volont\u00e9 de rapatrier un coureur fran\u00e7ais exp\u00e9riment\u00e9.<\/p>\n\n\n\n<p>Laporte a choisi de rester chez <strong>Visma<\/strong> malgr\u00e9 ces offres concurrentes. <strong>Visma conserve ainsi<\/strong> son sp\u00e9cialiste des classiques pav\u00e9es.<\/p>\n\n\n\n<h2 class=\"wp-block-heading\">Un retour gagnant : 5e \u00e0 Paris-Roubaix apr\u00e8s 8 mois d&rsquo;absence<\/h2>\n\n\n\n<p><strong>Laporte a pris la 5e place de Paris-Roubaix le 13 avril<\/strong>, apr\u00e8s huit mois d&rsquo;absence pour raisons m\u00e9dicales (L&rsquo;\u00c9quipe). Ce r\u00e9sultat valide son retour \u00e0 la comp\u00e9tition et justifie la confiance de Visma. Le virus qui l&rsquo;avait \u00e9loign\u00e9 des pelotons en 2025 semble d\u00e9sormais derri\u00e8re lui.<\/p>\n\n\n\n<p>Cette performance rappelle son palmar\u00e8s sur les classiques. <strong>Vainqueur de Gand-Wevelgem en 2023<\/strong> (L&rsquo;\u00c9quipe), il avait \u00e9galement remport\u00e9 \u00c0 Travers la Flandre la m\u00eame ann\u00e9e (L&rsquo;\u00c9quipe). Ces succ\u00e8s confirment son statut de sp\u00e9cialiste des pav\u00e9s du nord de la France et de la Belgique.<\/p>\n\n\n\n<p>Cette prolongation confirme le pari de Visma : miser sur l&rsquo;exp\u00e9rience de Laporte malgr\u00e9 ses 33 ans. Pour Laporte, c&rsquo;est aussi la confirmation qu&rsquo;\u00e0 33 ans, il reste un \u00e9l\u00e9ment cl\u00e9 du projet n\u00e9erlandais pour les classiques du nord. Pensez-vous que Laporte peut retrouver son meilleur niveau et remporter une grande classique avant la fin de ce contrat dans le <a href=\"https:\/\/mvz-sports.com\/fr\/cyclisme\">cyclisme<\/a> ?<\/p>\n","protected":false},"excerpt":{"rendered":"<p>Christophe Laporte prolonge son contrat avec Visma-Lease a Bike pour trois saisons suppl\u00e9mentaires, jusqu&rsquo;en 2029, confirmant sa fid\u00e9lit\u00e9 \u00e0 l&rsquo;\u00e9quipe n\u00e9erlandaise malgr\u00e9 l&rsquo;int\u00e9r\u00eat d&rsquo;Ineos Grenadiers et Groupama-FDJ United. \u00c0 33 ans, le cycliste fran\u00e7ais choisit de rester chez Visma plut\u00f4t que de r\u00e9pondre aux avances d&rsquo;autres formations WorldTour. Cette prolongation intervient quatre jours apr\u00e8s sa [&hellip;]<\/p>\n","protected":false},"author":2,"featured_media":47519,"comment_status":"open","ping_status":"open","sticky":false,"template":"","format":"standard","meta":{"_acf_changed":false,"_seopress_robots_primary_cat":"none","_seopress_titles_title":"","_seopress_titles_desc":"","_seopress_robots_index":"","footnotes":""},"categories":[38],"tags":[],"class_list":["post-47516","post","type-post","status-publish","format-standard","has-post-thumbnail","hentry","category-cyclisme"],"acf":[],"_links":{"self":[{"href":"https:\/\/mvz-sports.com\/fr\/wp-json\/wp\/v2\/posts\/47516","targetHints":{"allow":["GET"]}}],"collection":[{"href":"https:\/\/mvz-sports.com\/fr\/wp-json\/wp\/v2\/posts"}],"about":[{"href":"https:\/\/mvz-sports.com\/fr\/wp-json\/wp\/v2\/types\/post"}],"author":[{"embeddable":true,"href":"https:\/\/mvz-sports.com\/fr\/wp-json\/wp\/v2\/users\/2"}],"replies":[{"embeddable":true,"href":"https:\/\/mvz-sports.com\/fr\/wp-json\/wp\/v2\/comments?post=47516"}],"version-history":[{"count":1,"href":"https:\/\/mvz-sports.com\/fr\/wp-json\/wp\/v2\/posts\/47516\/revisions"}],"predecessor-version":[{"id":47520,"href":"https:\/\/mvz-sports.com\/fr\/wp-json\/wp\/v2\/posts\/47516\/revisions\/47520"}],"wp:featuredmedia":[{"embeddable":true,"href":"https:\/\/mvz-sports.com\/fr\/wp-json\/wp\/v2\/media\/47519"}],"wp:attachment":[{"href":"https:\/\/mvz-sports.com\/fr\/wp-json\/wp\/v2\/media?parent=47516"}],"wp:term":[{"taxonomy":"category","embeddable":true,"href":"https:\/\/mvz-sports.com\/fr\/wp-json\/wp\/v2\/categories?post=47516"},{"taxonomy":"post_tag","embeddable":true,"href":"https:\/\/mvz-sports.com\/fr\/wp-json\/wp\/v2\/tags?post=47516"}],"curies":[{"name":"wp","href":"https:\/\/api.w.org\/{rel}","templated":true}]}}