{"id":47531,"date":"2026-04-18T11:33:00","date_gmt":"2026-04-18T09:33:00","guid":{"rendered":"https:\/\/mvz-sports.com\/fr\/?p=47531"},"modified":"2026-04-18T11:40:59","modified_gmt":"2026-04-18T09:40:59","slug":"dapres-le-directeur-du-tour-de-france-il-y-a-90-de-chances-que-seixas-y-participe","status":"publish","type":"post","link":"https:\/\/mvz-sports.com\/fr\/cyclisme\/news\/dapres-le-directeur-du-tour-de-france-il-y-a-90-de-chances-que-seixas-y-participe","title":{"rendered":"D&rsquo;apr\u00e9s le directeur du Tour de France il y a \u00ab\u00a090% de chances\u00a0\u00bb que Seixas y participe"},"content":{"rendered":"\n<p><strong>Christian Prudhomme, directeur du Tour de France, estime \u00e0 90% les chances que Paul Seixas participe \u00e0 la prochaine \u00e9dition, marquant un revirement spectaculaire apr\u00e8s les performances exceptionnelles du coureur au Pays basque.<\/strong><\/p>\n\n\n\n<p>Lors d&rsquo;une interview avec <strong>Jean-Jacques Bourdin<\/strong>, le directeur du Tour a livr\u00e9 une d\u00e9claration chiffr\u00e9e rarissime sur une participation.<\/p>\n\n\n\n<p>D\u00e9couvrez pourquoi Prudhomme a radicalement chang\u00e9 d&rsquo;avis et ce qui se joue maintenant pour le coureur.<\/p>\n\n\n\n<h2 class=\"wp-block-heading\">Pourquoi Prudhomme a chang\u00e9 d&rsquo;avis sur la participation de Seixas<\/h2>\n\n\n\n<p>Le directeur du <strong>Tour de France<\/strong> ne cache plus son enthousiasme. Apr\u00e8s avoir observ\u00e9 <strong>Seixas<\/strong> lors de ses performances en f\u00e9vrier en Ard\u00e8che, <strong>Christian Prudhomme a d\u00e9finitivement bascul\u00e9<\/strong>.<\/p>\n\n\n\n<p>Les trois \u00e9tapes remport\u00e9es au Tour du Pays basque (L&rsquo;\u00c9quipe, 18 avril 2026) ont achev\u00e9 de le convaincre. Le coureur a domin\u00e9 ses adversaires, d\u00e9montrant un niveau qui a forc\u00e9 Prudhomme \u00e0 r\u00e9viser compl\u00e8tement son jugement.<\/p>\n\n\n\n<p>Cette transformation du regard du patron du <strong>Tour<\/strong> n&rsquo;est pas anodine. Directeur depuis 2007, Prudhomme est r\u00e9put\u00e9 pour ses positions mesur\u00e9es et sa diplomatie habituelle. Sa d\u00e9claration \u00e0 90% prend donc une dimension particuli\u00e8rement cr\u00e9dible.<\/p>\n\n\n\n<h2 class=\"wp-block-heading\">\u00ab Je ne lui en voudrais pas \u00bb : la position diplomatique de Prudhomme<\/h2>\n\n\n\n<p>Le directeur du Tour maintient sa ligne diplomatique habituelle, m\u00eame dans l&rsquo;enthousiasme. <strong>\u00ab\u00a0S&rsquo;il ne vient pas, on ne lui en voudra pas&#8230; Mais \u00e0 ce moment, mon regard a chang\u00e9&#8230; Donc l\u00e0, je dis simplement que s&rsquo;il vient, je ne lui en voudrais pas non plus\u00a0\u00bb<\/strong> (Christian Prudhomme, interview Jean-Jacques Bourdin, 18 avril 2026).<\/p>\n\n\n\n<p>Cette formulation r\u00e9v\u00e8le la finesse de Prudhomme. Aucune pression directe sur <strong>Seixas<\/strong>, mais un message clair : les portes sont grandes ouvertes \u00e0 ce <a href=\"https:\/\/mvz-sports.com\/fr\/cyclisme\">cyclisme<\/a>.<\/p>\n\n\n\n<h2 class=\"wp-block-heading\">Quand Seixas devra trancher : le calendrier de la d\u00e9cision<\/h2>\n\n\n\n<p>La balle est d\u00e9sormais dans le camp de <strong>Seixas<\/strong>. Le coureur prendra sa d\u00e9cision <strong>apr\u00e8s les Ardennaises<\/strong> (Christian Prudhomme, 18 avril 2026), laissant encore quelques jours de suspense.<\/p>\n\n\n\n<p>Cette \u00e9ch\u00e9ance n&rsquo;est pas choisie au hasard. Les classiques ardennaises repr\u00e9sentent un test suppl\u00e9mentaire pour jauger le niveau de <strong>Seixas<\/strong> face \u00e0 l&rsquo;\u00e9lite mondiale.<\/p>\n\n\n\n<p>L&rsquo;\u00e9quipe et la famille du coureur seront \u00e9galement impliqu\u00e9es dans ce choix crucial. Prudhomme l&rsquo;a bien compris : \u00ab\u00a0j&rsquo;attendais avec d\u00e9lectation les prochaines semaines, et sa d\u00e9cision \u00e0 lui, de son \u00e9quipe ou de sa famille.\u00a0\u00bb<\/p>\n\n\n\n<p>Avec 90% de chances, <strong>Seixas<\/strong> n&rsquo;a jamais \u00e9t\u00e9 aussi proche du <strong>Tour de France<\/strong>  mais la d\u00e9cision lui appartient.<\/p>\n\n\n\n<p>Prudhomme a clairement lev\u00e9 les obstacles ; c&rsquo;est maintenant au coureur et son \u00e9quipe de trancher.<\/p>\n\n\n\n<p>Seixas donnera sa r\u00e9ponse apr\u00e8s Li\u00e8ge-Bastogne-Li\u00e8ge dimanche.<\/p>\n","protected":false},"excerpt":{"rendered":"<p>Christian Prudhomme, directeur du Tour de France, estime \u00e0 90% les chances que Paul Seixas participe \u00e0 la prochaine \u00e9dition, marquant un revirement spectaculaire apr\u00e8s les performances exceptionnelles du coureur au Pays basque. Lors d&rsquo;une interview avec Jean-Jacques Bourdin, le directeur du Tour a livr\u00e9 une d\u00e9claration chiffr\u00e9e rarissime sur une participation. D\u00e9couvrez pourquoi Prudhomme [&hellip;]<\/p>\n","protected":false},"author":2,"featured_media":47534,"comment_status":"open","ping_status":"open","sticky":false,"template":"","format":"standard","meta":{"_acf_changed":false,"_seopress_robots_primary_cat":"none","_seopress_titles_title":"","_seopress_titles_desc":"","_seopress_robots_index":"","footnotes":""},"categories":[38],"tags":[],"class_list":["post-47531","post","type-post","status-publish","format-standard","has-post-thumbnail","hentry","category-cyclisme"],"acf":[],"_links":{"self":[{"href":"https:\/\/mvz-sports.com\/fr\/wp-json\/wp\/v2\/posts\/47531","targetHints":{"allow":["GET"]}}],"collection":[{"href":"https:\/\/mvz-sports.com\/fr\/wp-json\/wp\/v2\/posts"}],"about":[{"href":"https:\/\/mvz-sports.com\/fr\/wp-json\/wp\/v2\/types\/post"}],"author":[{"embeddable":true,"href":"https:\/\/mvz-sports.com\/fr\/wp-json\/wp\/v2\/users\/2"}],"replies":[{"embeddable":true,"href":"https:\/\/mvz-sports.com\/fr\/wp-json\/wp\/v2\/comments?post=47531"}],"version-history":[{"count":1,"href":"https:\/\/mvz-sports.com\/fr\/wp-json\/wp\/v2\/posts\/47531\/revisions"}],"predecessor-version":[{"id":47535,"href":"https:\/\/mvz-sports.com\/fr\/wp-json\/wp\/v2\/posts\/47531\/revisions\/47535"}],"wp:featuredmedia":[{"embeddable":true,"href":"https:\/\/mvz-sports.com\/fr\/wp-json\/wp\/v2\/media\/47534"}],"wp:attachment":[{"href":"https:\/\/mvz-sports.com\/fr\/wp-json\/wp\/v2\/media?parent=47531"}],"wp:term":[{"taxonomy":"category","embeddable":true,"href":"https:\/\/mvz-sports.com\/fr\/wp-json\/wp\/v2\/categories?post=47531"},{"taxonomy":"post_tag","embeddable":true,"href":"https:\/\/mvz-sports.com\/fr\/wp-json\/wp\/v2\/tags?post=47531"}],"curies":[{"name":"wp","href":"https:\/\/api.w.org\/{rel}","templated":true}]}}