{"id":47715,"date":"2026-04-20T18:03:00","date_gmt":"2026-04-20T16:03:00","guid":{"rendered":"https:\/\/mvz-sports.com\/fr\/?p=47715"},"modified":"2026-04-20T14:33:16","modified_gmt":"2026-04-20T12:33:16","slug":"wembanyama-est-dans-les-trois-finalistes-dans-la-quete-du-graal-le-titre-de-mvp-de-la-saison-reguliere","status":"publish","type":"post","link":"https:\/\/mvz-sports.com\/fr\/basketball\/news\/wembanyama-est-dans-les-trois-finalistes-dans-la-quete-du-graal-le-titre-de-mvp-de-la-saison-reguliere","title":{"rendered":"Wembanyama est dans les trois finalistes dans la qu\u00eate du graal : le titre de MVP de la saison r\u00e9guli\u00e8re"},"content":{"rendered":"\n<p><strong>Victor Wembanyama a \u00e9t\u00e9 retenu parmi les trois finalistes pour le titre de MVP de la saison r\u00e9guli\u00e8re NBA, aux c\u00f4t\u00e9s de Shai Gilgeous-Alexander (Thunder d\u2019Oklahoma City) et Nikola Jokic (Nuggets de Denver).<\/strong><\/p>\n\n\n\n<p> \u00c0 seulement 22 ans, le Fran\u00e7ais pourrait devenir le plus jeune joueur de l\u2019histoire \u00e0 remporter cette distinction, ainsi que le premier Fran\u00e7ais sacr\u00e9 MVP. Une reconnaissance qui couronne une saison exceptionnelle, o\u00f9 \u00ab\u00a0Wemby\u00a0\u00bb a \u00e9galement \u00e9t\u00e9 nomm\u00e9 finaliste pour le titre de meilleur d\u00e9fenseur de l\u2019ann\u00e9e, une r\u00e9compense qui lui semble promise.<\/p>\n\n\n\n<p>La <strong><a href=\"https:\/\/mvz-sports.com\/fr\/basketball\">NBA<\/a><\/strong> a d\u00e9voil\u00e9 les trois finalistes pour les principales r\u00e9compenses individuelles de la saison. <strong>Victor Wembanyama<\/strong>, star des <strong>San Antonio Spurs<\/strong>, figure parmi les pr\u00e9tendants au troph\u00e9e de MVP, aux c\u00f4t\u00e9s du tenant du titre, <strong>Shai Gilgeous-Alexander<\/strong>, et du triple <strong>MVP Nikola Jokic<\/strong>. Une cons\u00e9cration pour le Fran\u00e7ais, qui pourrait entrer dans l\u2019histoire en devenant le plus jeune joueur \u00e0 remporter ce titre prestigieux.<\/p>\n\n\n\n<p>\u00ab\u00a0C\u2019est une reconnaissance incroyable pour <strong>Wembanyama<\/strong>, qui a domin\u00e9 la saison de bout en bout\u00a0\u00bb, d\u00e9clare un analyste, soulignant que son impact d\u00e9fensif et offensif a marqu\u00e9 la ligue. \u00ab\u00a0Il a clairement postul\u00e9 pour ce troph\u00e9e en se pr\u00e9sentant comme le joueur le plus complet de la<strong> NBA<\/strong>\u00ab\u00a0, ajoute un journaliste, admiratif de sa polyvalence.<\/p>\n\n\n\n<p>Pourquoi <strong>Wembanyama<\/strong> est-il en lice pour le MVP ? Quels sont ses atouts pour remporter ce titre ? Et quelles autres r\u00e9compenses pourrait-il glaner ? Voici ce qu\u2019il faut retenir.<\/p>\n\n\n\n<h2 class=\"wp-block-heading\">Un MVP en devenir<\/h2>\n\n\n\n<h3 class=\"wp-block-heading\">Le plus jeune finaliste de l\u2019histoire<\/h3>\n\n\n\n<p>\u00c0 22 ans, <strong>Victor Wembanyama<\/strong> pourrait devenir le plus jeune joueur \u00e0 remporter le titre de MVP, devan\u00e7ant des l\u00e9gendes comme<strong> LeBron James<\/strong> ou <strong>Kevin Durant<\/strong>. \u00ab\u00a0Son impact sur le jeu est unique\u00a0\u00bb, explique un entra\u00eeneur, rappelant que \u00ab\u00a0<strong>Wemby<\/strong>\u00a0\u00bb a r\u00e9volutionn\u00e9 le jeu des Spurs avec sa taille (2,24 m), sa mobilit\u00e9 et son intelligence de jeu.<\/p>\n\n\n\n<p>\u00ab\u00a0Il a men\u00e9 son \u00e9quipe vers les sommets du classement\u00a0\u00bb, ajoute un observateur, conscient que \u00ab\u00a0son influence d\u00e9passe largement les statistiques\u00a0\u00bb. \u00ab\u00a0C\u2019est un joueur qui change la donne \u00e0 chaque match\u00a0\u00bb, conclut un co\u00e9quipier, impressionn\u00e9 par sa capacit\u00e9 \u00e0 dominer dans tous les compartiments du jeu.<\/p>\n\n\n\n<h2 class=\"wp-block-heading\">Double nomination : MVP et meilleur d\u00e9fenseur<\/h2>\n\n\n\n<h3 class=\"wp-block-heading\">Un profil complet<\/h3>\n\n\n\n<p><strong>Wembanyama<\/strong> n\u2019est pas seulement en lice pour le MVP, il est aussi finaliste pour le titre de meilleur d\u00e9fenseur de l\u2019ann\u00e9e, une r\u00e9compense qui semble \u00e0 sa port\u00e9e. \u00ab\u00a0Sa capacit\u00e9 \u00e0 contrer, intercepter et perturber les attaques adverses est in\u00e9gal\u00e9e\u00a0\u00bb, d\u00e9clare un expert, soulignant que \u00ab\u00a0son impact d\u00e9fensif est aussi impressionnant que son jeu offensif\u00a0\u00bb.<\/p>\n\n\n\n<p>\u00ab\u00a0Il est le seul joueur \u00e0 figurer parmi les finalistes pour ces deux troph\u00e9es\u00a0\u00bb, ajoute un analyste, rappelant que \u00ab\u00a0c\u2019est la preuve de sa polyvalence exceptionnelle\u00a0\u00bb. \u00ab\u00a0<strong>Wembanyama<\/strong> red\u00e9finit ce que signifie \u00eatre un joueur complet en <strong>NBA<\/strong>\u00ab\u00a0, conclut un journaliste, admiratif de son \u00e9volution.<\/p>\n\n\n\n<h3 class=\"wp-block-heading\">Finalistes pour le titre de meilleur d\u00e9fenseur de l\u2019ann\u00e9e<\/h3>\n\n\n\n<figure class=\"wp-block-table\"><table class=\"has-fixed-layout\"><thead><tr><th>Joueur<\/th><th>\u00c9quipe<\/th><\/tr><\/thead><tbody><tr><td>Chet Holmgren<\/td><td>Oklahoma City Thunder<\/td><\/tr><tr><td>Ausar Thompson<\/td><td>Detroit Pistons<\/td><\/tr><tr><td>Victor Wembanyama<\/td><td>San Antonio Spurs<\/td><\/tr><\/tbody><\/table><\/figure>\n\n\n\n<hr class=\"wp-block-separator has-alpha-channel-opacity\"\/>\n\n\n\n<h2 class=\"wp-block-heading\">Les autres r\u00e9compenses en jeu<\/h2>\n\n\n\n<h3 class=\"wp-block-heading\">Une saison riche en nominations<\/h3>\n\n\n\n<p>Outre le MVP et le titre de meilleur d\u00e9fenseur, la <strong>NBA<\/strong> a \u00e9galement d\u00e9voil\u00e9 les finalistes pour d\u2019autres r\u00e9compenses prestigieuses.<\/p>\n\n\n\n<h3 class=\"wp-block-heading\">Finalistes pour le \u00ab\u00a0Clutch Player of the Year\u00a0\u00bb<\/h3>\n\n\n\n<figure class=\"wp-block-table\"><table class=\"has-fixed-layout\"><thead><tr><th>Joueur<\/th><th>\u00c9quipe<\/th><\/tr><\/thead><tbody><tr><td>Anthony Edwards<\/td><td>Minnesota Timberwolves<\/td><\/tr><tr><td>Shai Gilgeous-Alexander<\/td><td>Oklahoma City Thunder<\/td><\/tr><tr><td>Jamal Murray<\/td><td>Denver Nuggets<\/td><\/tr><\/tbody><\/table><\/figure>\n\n\n\n<h3 class=\"wp-block-heading\">Finalistes pour le titre de joueur ayant le plus progress\u00e9<\/h3>\n\n\n\n<figure class=\"wp-block-table\"><table class=\"has-fixed-layout\"><thead><tr><th>Joueur<\/th><th>\u00c9quipe<\/th><\/tr><\/thead><tbody><tr><td>Nickeil Alexander-Walker<\/td><td>Atlanta Hawks<\/td><\/tr><tr><td>Deni Avdija<\/td><td>Portland Trail Blazers<\/td><\/tr><tr><td>Jalen Duren<\/td><td>Detroit Pistons<\/td><\/tr><\/tbody><\/table><\/figure>\n\n\n\n<h3 class=\"wp-block-heading\">Finalistes pour le titre de sixi\u00e8me homme de l\u2019ann\u00e9e<\/h3>\n\n\n\n<figure class=\"wp-block-table\"><table class=\"has-fixed-layout\"><thead><tr><th>Joueur<\/th><th>\u00c9quipe<\/th><\/tr><\/thead><tbody><tr><td>Tim Hardaway Jr.<\/td><td>Denver Nuggets<\/td><\/tr><tr><td>Jaime Jaquez Jr.<\/td><td>Miami Heat<\/td><\/tr><tr><td>Keldon Johnson<\/td><td>San Antonio Spurs<\/td><\/tr><\/tbody><\/table><\/figure>\n\n\n\n<p>La nomination de <strong>Victor Wembanyama<\/strong> parmi les finalistes pour le MVP et le titre de meilleur d\u00e9fenseur marque une \u00e9tape majeure dans sa jeune carri\u00e8re. \u00ab\u00a0C\u2019est une saison qui pourrait le propulser parmi les plus grands\u00a0\u00bb, r\u00e9sume un observateur, conscient que \u00ab\u00a0son impact sur la ligue est d\u00e9j\u00e0 immense\u00a0\u00bb.<\/p>\n\n\n\n<p>\u00ab\u00a0Qu\u2019il remporte ou non le MVP, <strong>Wembanyama<\/strong> a d\u00e9j\u00e0 prouv\u00e9 qu\u2019il \u00e9tait un joueur d\u2019exception\u00a0\u00bb, ajoute un analyste, optimiste pour son avenir. \u00ab\u00a0La suite s\u2019annonce encore plus passionnante\u00a0\u00bb, conclut un fan, impatient de voir ce que le Fran\u00e7ais r\u00e9servera pour les play-offs.<\/p>\n\n\n\n<p>Pensez-vous que <strong>Victor Wembanyama<\/strong> m\u00e9rite de remporter le titre de MVP ? Quelle r\u00e9compense vous semble la plus \u00e0 sa port\u00e9e cette saison ?<\/p>\n","protected":false},"excerpt":{"rendered":"<p>Victor Wembanyama a \u00e9t\u00e9 retenu parmi les trois finalistes pour le titre de MVP de la saison r\u00e9guli\u00e8re NBA, aux c\u00f4t\u00e9s de Shai Gilgeous-Alexander (Thunder d\u2019Oklahoma City) et Nikola Jokic (Nuggets de Denver). \u00c0 seulement 22 ans, le Fran\u00e7ais pourrait devenir le plus jeune joueur de l\u2019histoire \u00e0 remporter cette distinction, ainsi que le premier [&hellip;]<\/p>\n","protected":false},"author":2,"featured_media":47718,"comment_status":"open","ping_status":"open","sticky":false,"template":"","format":"standard","meta":{"_acf_changed":false,"_seopress_robots_primary_cat":"none","_seopress_titles_title":"","_seopress_titles_desc":"","_seopress_robots_index":"","footnotes":""},"categories":[6],"tags":[],"class_list":["post-47715","post","type-post","status-publish","format-standard","has-post-thumbnail","hentry","category-basketball"],"acf":[],"_links":{"self":[{"href":"https:\/\/mvz-sports.com\/fr\/wp-json\/wp\/v2\/posts\/47715","targetHints":{"allow":["GET"]}}],"collection":[{"href":"https:\/\/mvz-sports.com\/fr\/wp-json\/wp\/v2\/posts"}],"about":[{"href":"https:\/\/mvz-sports.com\/fr\/wp-json\/wp\/v2\/types\/post"}],"author":[{"embeddable":true,"href":"https:\/\/mvz-sports.com\/fr\/wp-json\/wp\/v2\/users\/2"}],"replies":[{"embeddable":true,"href":"https:\/\/mvz-sports.com\/fr\/wp-json\/wp\/v2\/comments?post=47715"}],"version-history":[{"count":2,"href":"https:\/\/mvz-sports.com\/fr\/wp-json\/wp\/v2\/posts\/47715\/revisions"}],"predecessor-version":[{"id":47720,"href":"https:\/\/mvz-sports.com\/fr\/wp-json\/wp\/v2\/posts\/47715\/revisions\/47720"}],"wp:featuredmedia":[{"embeddable":true,"href":"https:\/\/mvz-sports.com\/fr\/wp-json\/wp\/v2\/media\/47718"}],"wp:attachment":[{"href":"https:\/\/mvz-sports.com\/fr\/wp-json\/wp\/v2\/media?parent=47715"}],"wp:term":[{"taxonomy":"category","embeddable":true,"href":"https:\/\/mvz-sports.com\/fr\/wp-json\/wp\/v2\/categories?post=47715"},{"taxonomy":"post_tag","embeddable":true,"href":"https:\/\/mvz-sports.com\/fr\/wp-json\/wp\/v2\/tags?post=47715"}],"curies":[{"name":"wp","href":"https:\/\/api.w.org\/{rel}","templated":true}]}}