{"id":47721,"date":"2026-04-21T04:31:00","date_gmt":"2026-04-21T02:31:00","guid":{"rendered":"https:\/\/mvz-sports.com\/fr\/?p=47721"},"modified":"2026-04-20T15:05:03","modified_gmt":"2026-04-20T13:05:03","slug":"doriane-pin-reussit-sa-premiere-en-f1-chez-mercedes-le-debut-de-quelque-chose-de-grand-ou-un-coup-de-com","status":"publish","type":"post","link":"https:\/\/mvz-sports.com\/fr\/f1\/news\/doriane-pin-reussit-sa-premiere-en-f1-chez-mercedes-le-debut-de-quelque-chose-de-grand-ou-un-coup-de-com","title":{"rendered":"Doriane Pin r\u00e9ussit sa premi\u00e8re en F1 chez Mercedes : le d\u00e9but de quelque chose de grand ou un coup de com ?"},"content":{"rendered":"\n<p><strong>Doriane Pin est entr\u00e9e dans l\u2019histoire ce samedi en devenant la premi\u00e8re femme \u00e0 prendre le volant d\u2019une Formule 1 Mercedes, lors d\u2019essais \u00e0 Silverstone sur une W12 (mod\u00e8le 2021). \u00c0 22 ans, la championne en titre de F1 Academy a v\u00e9cu un moment unique, salu\u00e9 par Mercedes comme une avanc\u00e9e symbolique.<\/strong><\/p>\n\n\n\n<p> Mais au-del\u00e0 de l\u2019exploit, cette journ\u00e9e soul\u00e8ve des questions : s\u2019agit-il d\u2019une r\u00e9elle opportunit\u00e9 pour la Fran\u00e7aise, ou d\u2019une op\u00e9ration marketing pour l\u2019\u00e9curie allemande, qui n\u2019a pour l\u2019instant pas annonc\u00e9 de suite concr\u00e8te pour sa carri\u00e8re en F1 ?<\/p>\n\n\n\n<p>Doriane Pin a marqu\u00e9 les esprits en pilotant une Mercedes W12 \u00e0 <strong>Silverstone<\/strong>, devenant ainsi la premi\u00e8re femme \u00e0 conduire une F1 de la marque allemande. Une performance qui a \u00e9t\u00e9 largement m\u00e9diatis\u00e9e, avec des images de son arriv\u00e9e au circuit, de son installation dans la voiture et de ses \u00e9changes avec les ing\u00e9nieurs. \u00ab\u00a0Piloter une <a href=\"https:\/\/mvz-sports.com\/fr\/F1\">F1<\/a> pour la premi\u00e8re fois \u00e9tait incroyable\u00a0\u00bb, a-t-elle d\u00e9clar\u00e9, visiblement \u00e9mue par cette exp\u00e9rience.<\/p>\n\n\n\n<p>\u00ab\u00a0C\u2019est un pas important pour la diversit\u00e9 en <strong>F1<\/strong>\u00ab\u00a0, explique un observateur, soulignant que cette initiative montre que les portes ne sont pas totalement ferm\u00e9es aux femmes dans ce sport. \u00ab\u00a0Mais il faut voir si cela d\u00e9bouche sur des opportunit\u00e9s concr\u00e8tes\u00a0\u00bb, ajoute un journaliste, conscient que le chemin vers une titularisation en <strong>F1<\/strong> reste long et sem\u00e9 d\u2019emb\u00fbches.<\/p>\n\n\n\n<p>Pourquoi cette journ\u00e9e est-elle historique ? Quelles sont les r\u00e9actions autour de cet \u00e9v\u00e9nement ? Et quelles perspectives s\u2019offrent \u00e0 Doriane Pin apr\u00e8s cette exp\u00e9rience ? Voici ce qu\u2019il faut retenir.<\/p>\n\n\n\n<h2 class=\"wp-block-heading\">Un moment historique pour Doriane Pin<\/h2>\n\n\n\n<h3 class=\"wp-block-heading\">La premi\u00e8re femme au volant d\u2019une Mercedes en F1<\/h3>\n\n\n\n<p><strong>Doriane Pin<\/strong> a r\u00e9alis\u00e9 un r\u00eave en pilotant une Mercedes W12, la monoplace utilis\u00e9e en 2021. \u00ab\u00a0C\u2019\u00e9tait une chance unique, et j\u2019ai tout fait pour en profiter\u00a0\u00bb, a-t-elle expliqu\u00e9, visiblement ravie de cette opportunit\u00e9. Cette journ\u00e9e marque un tournant dans sa carri\u00e8re, apr\u00e8s son titre en <strong>F1 Academy<\/strong>, une comp\u00e9tition r\u00e9serv\u00e9e aux jeunes talents.<\/p>\n\n\n\n<p>\u00ab\u00a0C\u2019est un symbole fort pour toutes les femmes qui r\u00eavent de <strong>F1<\/strong>\u00ab\u00a0, d\u00e9clare Susie Wolff, ancienne pilote d\u2019essais pour Williams et aujourd\u2019hui directrice g\u00e9n\u00e9rale de la <strong>F1 Academy<\/strong>. \u00ab\u00a0J\u2019esp\u00e8re que cela inspirera d\u2019autres jeunes filles \u00e0 croire en leurs r\u00eaves\u00a0\u00bb, ajoute-t-elle, soulignant l\u2019importance de ce genre d\u2019initiatives pour briser les barri\u00e8res dans un sport traditionnellement masculin.<\/p>\n\n\n\n<h2 class=\"wp-block-heading\">Une op\u00e9ration marketing pour Mercedes<\/h2>\n\n\n\n<h3 class=\"wp-block-heading\">Un coup de com\u2019 bien huil\u00e9<\/h3>\n\n\n\n<p>Mercedes a largement communiqu\u00e9 autour de cette journ\u00e9e, avec des publications sur ses r\u00e9seaux sociaux mettant en avant chaque moment de l\u2019exp\u00e9rience de <strong>Doriane Pin<\/strong>. \u00ab\u00a0C\u2019est une belle vitrine pour l\u2019\u00e9curie, qui montre son engagement en faveur de la diversit\u00e9\u00a0\u00bb, explique un sp\u00e9cialiste du marketing sportif.<\/p>\n\n\n\n<p>\u00ab\u00a0Mais il ne faut pas se voiler la face : pour l\u2019instant, Mercedes n\u2019a pas annonc\u00e9 de programme concret pour int\u00e9grer Doriane Pin dans son \u00e9quipe de pilotes\u00a0\u00bb, ajoute un analyste, rappelant que cette initiative pourrait rester symbolique. \u00ab\u00a0C\u2019est une belle op\u00e9ration, mais il faudra voir si elle se traduit par des actions concr\u00e8tes\u00a0\u00bb, conclut un observateur.<\/p>\n\n\n\n<h2 class=\"wp-block-heading\">Les r\u00e9actions et l\u2019avenir de Doriane Pin<\/h2>\n\n\n\n<h3 class=\"wp-block-heading\">Un message d\u2019espoir pour les femmes en F1<\/h3>\n\n\n\n<p>Doriane Pin a re\u00e7u le soutien de Susie Wolff, qui a partag\u00e9 un message vid\u00e9o pour la f\u00e9liciter. \u00ab\u00a0C\u2019est un moment important pour le sport automobile\u00a0\u00bb, a d\u00e9clar\u00e9 Wolff, qui a elle-m\u00eame pilot\u00e9 une Williams en 2014 lors d\u2019essais libres.<\/p>\n\n\n\n<p>\u00ab\u00a0Je suis tr\u00e8s fi\u00e8re de cette journ\u00e9e\u00a0\u00bb, a r\u00e9agi Doriane Pin, qui esp\u00e8re que cette exp\u00e9rience ouvrira des portes. \u00ab\u00a0Mon objectif reste de piloter en F1 un jour\u00a0\u00bb, a-t-elle confi\u00e9, d\u00e9termin\u00e9e \u00e0 poursuivre son r\u00eave.<\/p>\n\n\n\n<p>La journ\u00e9e de <strong>Doriane Pin<\/strong> au volant d\u2019une Mercedes <strong>F1<\/strong> est un moment historique, mais elle pose aussi la question de la suite. \u00ab\u00a0C\u2019est une avanc\u00e9e symbolique, mais il faudra des actions concr\u00e8tes pour que les femmes aient une r\u00e9elle place en F1\u00a0\u00bb, r\u00e9sume un observateur.<\/p>\n\n\n\n<p>\u00ab\u00a0Doriane Pin a montr\u00e9 qu\u2019elle avait le talent et la d\u00e9termination pour aller loin\u00a0\u00bb, ajoute un analyste, optimiste pour son avenir. \u00ab\u00a0Esp\u00e9rons que cette exp\u00e9rience ne reste pas un simple coup de communication, mais qu\u2019elle ouvre la voie \u00e0 de r\u00e9elles opportunit\u00e9s\u00a0\u00bb, conclut un fan, impatient de voir la suite.<\/p>\n\n\n\n<p>Pensez-vous que <strong>Doriane Pin<\/strong> a une r\u00e9elle chance de devenir pilote titulaire en <strong>F1<\/strong> ? Cette initiative de Mercedes est-elle une avanc\u00e9e majeure pour la diversit\u00e9 dans le sport automobile ?<\/p>\n","protected":false},"excerpt":{"rendered":"<p>Doriane Pin est entr\u00e9e dans l\u2019histoire ce samedi en devenant la premi\u00e8re femme \u00e0 prendre le volant d\u2019une Formule 1 Mercedes, lors d\u2019essais \u00e0 Silverstone sur une W12 (mod\u00e8le 2021). \u00c0 22 ans, la championne en titre de F1 Academy a v\u00e9cu un moment unique, salu\u00e9 par Mercedes comme une avanc\u00e9e symbolique. Mais au-del\u00e0 de [&hellip;]<\/p>\n","protected":false},"author":2,"featured_media":47724,"comment_status":"open","ping_status":"open","sticky":false,"template":"","format":"standard","meta":{"_acf_changed":false,"_seopress_robots_primary_cat":"none","_seopress_titles_title":"","_seopress_titles_desc":"","_seopress_robots_index":"","footnotes":""},"categories":[41],"tags":[],"class_list":["post-47721","post","type-post","status-publish","format-standard","has-post-thumbnail","hentry","category-f1"],"acf":[],"_links":{"self":[{"href":"https:\/\/mvz-sports.com\/fr\/wp-json\/wp\/v2\/posts\/47721","targetHints":{"allow":["GET"]}}],"collection":[{"href":"https:\/\/mvz-sports.com\/fr\/wp-json\/wp\/v2\/posts"}],"about":[{"href":"https:\/\/mvz-sports.com\/fr\/wp-json\/wp\/v2\/types\/post"}],"author":[{"embeddable":true,"href":"https:\/\/mvz-sports.com\/fr\/wp-json\/wp\/v2\/users\/2"}],"replies":[{"embeddable":true,"href":"https:\/\/mvz-sports.com\/fr\/wp-json\/wp\/v2\/comments?post=47721"}],"version-history":[{"count":1,"href":"https:\/\/mvz-sports.com\/fr\/wp-json\/wp\/v2\/posts\/47721\/revisions"}],"predecessor-version":[{"id":47725,"href":"https:\/\/mvz-sports.com\/fr\/wp-json\/wp\/v2\/posts\/47721\/revisions\/47725"}],"wp:featuredmedia":[{"embeddable":true,"href":"https:\/\/mvz-sports.com\/fr\/wp-json\/wp\/v2\/media\/47724"}],"wp:attachment":[{"href":"https:\/\/mvz-sports.com\/fr\/wp-json\/wp\/v2\/media?parent=47721"}],"wp:term":[{"taxonomy":"category","embeddable":true,"href":"https:\/\/mvz-sports.com\/fr\/wp-json\/wp\/v2\/categories?post=47721"},{"taxonomy":"post_tag","embeddable":true,"href":"https:\/\/mvz-sports.com\/fr\/wp-json\/wp\/v2\/tags?post=47721"}],"curies":[{"name":"wp","href":"https:\/\/api.w.org\/{rel}","templated":true}]}}