{"id":4775,"date":"2024-09-18T13:29:00","date_gmt":"2024-09-18T13:29:00","guid":{"rendered":"https:\/\/mvz-sports.com\/fr\/football\/news\/fr-football-news-om-adrien-rabiot-absent-pour-le-choc-contre-l-ol"},"modified":"2025-12-11T17:28:11","modified_gmt":"2025-12-11T17:28:11","slug":"om-adrien-rabiot-absent-pour-le-choc-contre-l-ol","status":"publish","type":"post","link":"https:\/\/mvz-sports.com\/fr\/football\/news\/om-adrien-rabiot-absent-pour-le-choc-contre-l-ol","title":{"rendered":"OM : Adrien Rabiot absent pour le choc contre l&rsquo;OL"},"content":{"rendered":"<div class=\"column column-2\">\n<div>\n<\/div>\n<div>\n<p>L\u2019<a href=\"https:\/\/mvz-sports.com\/fr\/football\/teams\/om\">Olympique de Marseille<\/a> a officialis\u00e9 l\u2019arriv\u00e9e d\u2019<a href=\"https:\/\/mvz-sports.com\/fr\/football\/players\/adrien-rabiot\">Adrien Rabiot<\/a>, mais le milieu de terrain ne sera pas disponible pour le prochain match contre l\u2019<a href=\"https:\/\/mvz-sports.com\/fr\/football\/teams\/ol\">Olympique Lyonnais<\/a>. Pr\u00e9sent\u00e9 en conf\u00e9rence de presse ce mercredi, le joueur de 29 ans a \u00e9voqu\u00e9 son \u00e9tat de forme apr\u00e8s plusieurs mois sans club, suite \u00e0 la fin de son contrat avec la Juventus Turin et apr\u00e8s sa derni\u00e8re apparition lors de l&rsquo;Euro 2024 avec l\u2019\u00e9quipe de France.<\/p>\n<\/div>\n<\/div>\n<h2>Un manque de rythme apr\u00e8s plusieurs mois sans club<\/h2>\n<p>Durant la conf\u00e9rence de presse, Adrien Rabiot a reconnu qu\u2019il n\u2019\u00e9tait pas encore pr\u00eat physiquement pour int\u00e9grer imm\u00e9diatement l\u2019\u00e9quipe marseillaise. Bien qu&rsquo;il ait continu\u00e9 \u00e0 s\u2019entra\u00eener individuellement, il a insist\u00e9 sur l&rsquo;importance de retrouver le rythme des entra\u00eenements collectifs : \u00ab _Je me suis entretenu bien \u00e9videmment. Mais il est vrai que je ne suis pas non plus au top. J\u2019ai travaill\u00e9 individuellement, et c\u2019est aussi important de travailler collectivement. Et c\u2019est important de se mettre en place au niveau tactique._ \u00bb<\/p>\n<p>Cette d\u00e9claration laisse entendre qu\u2019il lui faudra encore du temps avant d&rsquo;\u00eatre align\u00e9 en comp\u00e9tition officielle. Rabiot a lui-m\u00eame confirm\u00e9 qu\u2019il \u00e9tait trop juste pour le choc \u00e0 venir contre l\u2019OL, esp\u00e9rant \u00eatre disponible rapidement par la suite : \u00ab _Vous vous en doutez, c\u2019est un peu court pour ce weekend mais j\u2019esp\u00e8re \u00eatre rapidement \u00e0 disposition._ \u00bb<\/p>\n<h3>Un renfort attendu pour l&rsquo;OM<\/h3>\n<p>L\u2019arriv\u00e9e d\u2019Adrien Rabiot \u00e0 Marseille est per\u00e7ue comme un coup de ma\u00eetre pour le club phoc\u00e9en, qui renforce son milieu de terrain avec un joueur d&rsquo;exp\u00e9rience internationale. \u00c0 29 ans, Rabiot a \u00e9volu\u00e9 dans des clubs de haut niveau comme le Paris Saint-Germain et la Juventus, et a disput\u00e9 plusieurs grandes comp\u00e9titions internationales avec les Bleus. Cependant, sa forme actuelle reste un point d\u2019interrogation, apr\u00e8s une longue p\u00e9riode sans club.<\/p>\n","protected":false},"excerpt":{"rendered":"<p>L\u2019Olympique de Marseille a officialis\u00e9 l\u2019arriv\u00e9e d\u2019Adrien Rabiot, mais le milieu de terrain ne sera pas disponible pour le prochain match contre l\u2019Olympique Lyonnais. Pr\u00e9sent\u00e9 en conf\u00e9rence de presse ce mercredi, le joueur de 29 ans a \u00e9voqu\u00e9 son \u00e9tat de forme apr\u00e8s plusieurs mois sans club, suite \u00e0 la fin de son contrat avec [&hellip;]<\/p>\n","protected":false},"author":1,"featured_media":0,"comment_status":"open","ping_status":"open","sticky":false,"template":"","format":"standard","meta":{"_acf_changed":false,"_seopress_robots_primary_cat":"","_seopress_titles_title":"OM : Adrien Rabiot absent contre l'OL","_seopress_titles_desc":"Adrien Rabiot, nouvelle recrue de l'OM, ne sera pas disponible pour le match contre l'OL en raison de son manque de forme physique apr\u00e8s des mois sans club.","_seopress_robots_index":"","footnotes":""},"categories":[1],"tags":[],"class_list":["post-4775","post","type-post","status-publish","format-standard","hentry","category-football"],"acf":[],"_links":{"self":[{"href":"https:\/\/mvz-sports.com\/fr\/wp-json\/wp\/v2\/posts\/4775","targetHints":{"allow":["GET"]}}],"collection":[{"href":"https:\/\/mvz-sports.com\/fr\/wp-json\/wp\/v2\/posts"}],"about":[{"href":"https:\/\/mvz-sports.com\/fr\/wp-json\/wp\/v2\/types\/post"}],"author":[{"embeddable":true,"href":"https:\/\/mvz-sports.com\/fr\/wp-json\/wp\/v2\/users\/1"}],"replies":[{"embeddable":true,"href":"https:\/\/mvz-sports.com\/fr\/wp-json\/wp\/v2\/comments?post=4775"}],"version-history":[{"count":0,"href":"https:\/\/mvz-sports.com\/fr\/wp-json\/wp\/v2\/posts\/4775\/revisions"}],"wp:attachment":[{"href":"https:\/\/mvz-sports.com\/fr\/wp-json\/wp\/v2\/media?parent=4775"}],"wp:term":[{"taxonomy":"category","embeddable":true,"href":"https:\/\/mvz-sports.com\/fr\/wp-json\/wp\/v2\/categories?post=4775"},{"taxonomy":"post_tag","embeddable":true,"href":"https:\/\/mvz-sports.com\/fr\/wp-json\/wp\/v2\/tags?post=4775"}],"curies":[{"name":"wp","href":"https:\/\/api.w.org\/{rel}","templated":true}]}}