{"id":47787,"date":"2026-04-21T06:31:00","date_gmt":"2026-04-21T04:31:00","guid":{"rendered":"https:\/\/mvz-sports.com\/fr\/?p=47787"},"modified":"2026-04-21T04:00:58","modified_gmt":"2026-04-21T02:00:58","slug":"nolann-le-garrec-confirme-son-retour-en-force-avec-une-prestation-qui-a-marque-les-esprits","status":"publish","type":"post","link":"https:\/\/mvz-sports.com\/fr\/rugby\/news\/nolann-le-garrec-confirme-son-retour-en-force-avec-une-prestation-qui-a-marque-les-esprits","title":{"rendered":"Nolann Le Garrec confirme son retour en force avec une prestation qui a marqu\u00e9 les esprits"},"content":{"rendered":"\n<p><strong>Brillant face \u00e0 l\u2019UBB, Nolann Le Garrec impressionne et n\u2019h\u00e9site pas \u00e0 comparer son co\u00e9quipier \u00e0 une l\u00e9gende du rugby fran\u00e7ais.<\/strong><\/p>\n\n\n\n<p>Le Stade Rochelais a retrouv\u00e9 des couleurs au moment cl\u00e9 de la saison. Face \u00e0 l\u2019<strong>Union Bordeaux-B\u00e8gles<\/strong>, les Maritimes ont livr\u00e9 une prestation aboutie, symbole d\u2019un collectif relanc\u00e9.<\/p>\n\n\n\n<p>Au c\u0153ur de ce succ\u00e8s, <strong>Nolann Le Garrec<\/strong> s\u2019est distingu\u00e9 par son impact et son leadership, tout en mettant en lumi\u00e8re l\u2019\u00e9mergence d\u2019un talent prometteur au sein du groupe.<\/p>\n\n\n\n<h2 class=\"wp-block-heading\">Une d\u00e9monstration du Stade Rochelais face \u00e0 l\u2019UBB<\/h2>\n\n\n\n<p><strong>Le Stade Rochelais<\/strong> a frapp\u00e9 fort lors de la 21e journ\u00e9e du <a href=\"https:\/\/mvz-sports.com\/fr\/rugby\/competitions\/top-14\">Top 14<\/a> en s\u2019imposant largement contre l\u2019Union Bordeaux-B\u00e8gles (45-15). Devant leur public, les Maritimes ont livr\u00e9 une prestation aboutie, port\u00e9e par l\u2019\u00e9nergie collective et le retour de plusieurs cadres.<\/p>\n\n\n\n<h2 class=\"wp-block-heading\">Nolann Le Garrec retrouve son meilleur niveau<\/h2>\n\n\n\n<p>Auteur d\u2019un match plein et d\u2019un doubl\u00e9, <strong>Nolann Le Garrec<\/strong> a confirm\u00e9 son retour en forme apr\u00e8s une p\u00e9riode compliqu\u00e9e entre blessures et suspension selon <a href=\"http:\/\/www.sudouest.fr\/sport\/rugby\/stade-rochelais\/on-n-a-pas-de-marge-donc-on-est-oblige-d-accelerer-sait-le-rochelais-nolann-le-garrec-28751514.php\">Sud Ouest<\/a> .<\/p>\n\n\n\n<p>Le demi de m\u00eal\u00e9e a insist\u00e9 sur l\u2019importance de retrouver des sensations physiques optimales. Une condition essentielle pour encha\u00eener les performances \u00e0 ce niveau.<\/p>\n\n\n\n<h2 class=\"wp-block-heading\">Une dynamique collective enfin retrouv\u00e9e<\/h2>\n\n\n\n<p>Selon Le Garrec, le groupe rochelais a retrouv\u00e9 une vraie coh\u00e9sion, notamment gr\u00e2ce au retour des internationaux et \u00e0 une meilleure qualit\u00e9 d\u2019entra\u00eenement.<\/p>\n\n\n\n<p>Les avants ont notamment r\u00e9pondu pr\u00e9sent, apportant puissance et stabilit\u00e9. Un \u00e9quilibre essentiel pour viser les phases finales.<\/p>\n\n\n\n<h2 class=\"wp-block-heading\">Semi Lagivala, un talent compar\u00e9 \u00e0 Virimi Vakatawa<\/h2>\n\n\n\n<p>La d\u00e9claration forte de <strong>Le Garrec<\/strong> concerne son co\u00e9quipier <strong>Semi Lagivala<\/strong>, qu\u2019il compare \u00e0 <strong>Virimi Vakatawa<\/strong>.<\/p>\n\n\n\n<p>Dot\u00e9 de qualit\u00e9s physiques impressionnantes et d\u2019une grande compr\u00e9hension du jeu, Lagivala poss\u00e8de selon lui un potentiel \u00e9norme malgr\u00e9 une r\u00e9cente blessure.<\/p>\n\n\n\n<p>Une comparaison audacieuse : voyez-vous en lui un futur grand du <a href=\"https:\/\/mvz-sports.com\/fr\/rugby\">rugby<\/a> fran\u00e7ais ?<\/p>\n\n\n\n<h2 class=\"wp-block-heading\">Une fin de saison sous haute tension<\/h2>\n\n\n\n<p><strong>Le Stade Rochelais<\/strong> n\u2019a plus de marge et devra encha\u00eener les r\u00e9sultats sur les derniers matchs pour rester dans la course.<\/p>\n\n\n\n<p>Avec un groupe presque au complet et une dynamique retrouv\u00e9e, tous les espoirs restent permis pour les Maritimes.<\/p>\n\n\n\n<p>Entre performances individuelles \u00e9clatantes et collectif retrouv\u00e9, <strong>La Rochelle<\/strong> semble relanc\u00e9e au meilleur moment. Reste \u00e0 confirmer cette dynamique sur la dur\u00e9e.<\/p>\n\n\n\n<p>Le Garrec et ses co\u00e9quipiers peuvent-ils viser tr\u00e8s haut cette saison ?<\/p>\n","protected":false},"excerpt":{"rendered":"<p>Brillant face \u00e0 l\u2019UBB, Nolann Le Garrec impressionne et n\u2019h\u00e9site pas \u00e0 comparer son co\u00e9quipier \u00e0 une l\u00e9gende du rugby fran\u00e7ais. Le Stade Rochelais a retrouv\u00e9 des couleurs au moment cl\u00e9 de la saison. Face \u00e0 l\u2019Union Bordeaux-B\u00e8gles, les Maritimes ont livr\u00e9 une prestation aboutie, symbole d\u2019un collectif relanc\u00e9. Au c\u0153ur de ce succ\u00e8s, Nolann [&hellip;]<\/p>\n","protected":false},"author":2,"featured_media":47792,"comment_status":"open","ping_status":"open","sticky":false,"template":"","format":"standard","meta":{"_acf_changed":false,"_seopress_robots_primary_cat":"none","_seopress_titles_title":"","_seopress_titles_desc":"","_seopress_robots_index":"","footnotes":""},"categories":[7],"tags":[],"class_list":["post-47787","post","type-post","status-publish","format-standard","has-post-thumbnail","hentry","category-rugby"],"acf":[],"_links":{"self":[{"href":"https:\/\/mvz-sports.com\/fr\/wp-json\/wp\/v2\/posts\/47787","targetHints":{"allow":["GET"]}}],"collection":[{"href":"https:\/\/mvz-sports.com\/fr\/wp-json\/wp\/v2\/posts"}],"about":[{"href":"https:\/\/mvz-sports.com\/fr\/wp-json\/wp\/v2\/types\/post"}],"author":[{"embeddable":true,"href":"https:\/\/mvz-sports.com\/fr\/wp-json\/wp\/v2\/users\/2"}],"replies":[{"embeddable":true,"href":"https:\/\/mvz-sports.com\/fr\/wp-json\/wp\/v2\/comments?post=47787"}],"version-history":[{"count":2,"href":"https:\/\/mvz-sports.com\/fr\/wp-json\/wp\/v2\/posts\/47787\/revisions"}],"predecessor-version":[{"id":47800,"href":"https:\/\/mvz-sports.com\/fr\/wp-json\/wp\/v2\/posts\/47787\/revisions\/47800"}],"wp:featuredmedia":[{"embeddable":true,"href":"https:\/\/mvz-sports.com\/fr\/wp-json\/wp\/v2\/media\/47792"}],"wp:attachment":[{"href":"https:\/\/mvz-sports.com\/fr\/wp-json\/wp\/v2\/media?parent=47787"}],"wp:term":[{"taxonomy":"category","embeddable":true,"href":"https:\/\/mvz-sports.com\/fr\/wp-json\/wp\/v2\/categories?post=47787"},{"taxonomy":"post_tag","embeddable":true,"href":"https:\/\/mvz-sports.com\/fr\/wp-json\/wp\/v2\/tags?post=47787"}],"curies":[{"name":"wp","href":"https:\/\/api.w.org\/{rel}","templated":true}]}}