{"id":47822,"date":"2026-04-21T17:31:00","date_gmt":"2026-04-21T15:31:00","guid":{"rendered":"https:\/\/mvz-sports.com\/fr\/?p=47822"},"modified":"2026-04-21T14:02:02","modified_gmt":"2026-04-21T12:02:02","slug":"il-a-ete-a-la-hauteur-arbeloa-defend-killian-mbappe-apres-les-critiques-recus-par-le-joueur-suite-a-bayern-real","status":"publish","type":"post","link":"https:\/\/mvz-sports.com\/fr\/football\/news\/il-a-ete-a-la-hauteur-arbeloa-defend-killian-mbappe-apres-les-critiques-recus-par-le-joueur-suite-a-bayern-real","title":{"rendered":"\u00ab\u00a0Il a \u00e9t\u00e9 \u00e0 la hauteur\u00a0\u00bb : Arbeloa d\u00e9fend Killian Mbapp\u00e9 apr\u00e8s les critiques re\u00e7us par le joueur suite \u00e0 Bayern &#8211; Real"},"content":{"rendered":"\n<p><strong>Malgr\u00e9 l\u2019\u00e9limination du Real Madrid face au Bayern, Kylian Mbapp\u00e9 re\u00e7oit le soutien total de son entra\u00eeneur, qui salue une prestation \u00e0 la hauteur de son statut.<\/strong><\/p>\n\n\n\n<p>Lors de ce quart de finale de Ligue des champions face au <a href=\"https:\/\/mvz-sports.com\/fr\/football\/clubs\/bayern-munchen\">Bayern Munich<\/a>, Kylian Mbapp\u00e9 a r\u00e9pondu pr\u00e9sent en inscrivant un but \u00e0 l\u2019aller comme au retour.<\/p>\n\n\n\n<p>Malgr\u00e9 la d\u00e9faite globale du <a href=\"https:\/\/mvz-sports.com\/fr\/football\/clubs\/real-madrid\">Real Madrid<\/a>, l\u2019attaquant fran\u00e7ais s\u2019est montr\u00e9 constant et dangereux, confirmant son importance dans les grands rendez-vous europ\u00e9ens.<\/p>\n\n\n\n<p>Ses statistiques parlent pour lui : d\u00e9j\u00e0 40 buts toutes comp\u00e9titions confondues cette saison du <a href=\"https:\/\/mvz-sports.com\/fr\/football\">football<\/a>, dont 15 en <strong>Ligue des champions<\/strong>. Une efficacit\u00e9 qui ne laisse pas indiff\u00e9rent. Pensez-vous que Mbapp\u00e9 est le seul point positif de cette campagne europ\u00e9enne ?<\/p>\n\n\n\n<h2 class=\"wp-block-heading\">Le soutien fort d\u2019Alvaro Arbeloa<\/h2>\n\n\n\n<p>Interrog\u00e9 en conf\u00e9rence de presse, <strong>Alvaro Arbeloa<\/strong> a tenu \u00e0 d\u00e9fendre son joueur.<\/p>\n\n\n\n<p>Selon lui, <a href=\"https:\/\/mvz-sports.com\/fr\/football\/players\/kylian-mbappe-lottin\">Mbapp\u00e9<\/a> a parfaitement rempli son r\u00f4le : \u201cune menace constante\u201d, capable de faire basculer un match \u00e0 tout moment. Il a \u00e9galement insist\u00e9 sur son implication d\u00e9fensive, souvent critiqu\u00e9e en Espagne.<\/p>\n\n\n\n<p>L\u2019entra\u00eeneur madril\u00e8ne se dit \u201ctr\u00e8s satisfait\u201d de sa performance globale, soulignant son travail dans les transitions et ses efforts collectifs. Un discours qui contraste avec certaines critiques m\u00e9diatiques. Et vous, trouvez-vous ces critiques justifi\u00e9es ?<\/p>\n\n\n\n<h2 class=\"wp-block-heading\">Des critiques persistantes en Espagne<\/h2>\n\n\n\n<p>Malgr\u00e9 ses performances offensives, <strong>Mbapp\u00e9<\/strong> est point\u00e9 du doigt pour son manque d\u2019implication d\u00e9fensive, notamment apr\u00e8s des moments cl\u00e9s comme l\u2019expulsion de <strong>Eduardo Camavinga<\/strong>.<\/p>\n\n\n\n<p>Certains observateurs s\u2019interrogent \u00e9galement sur sa cohabitation avec <a href=\"https:\/\/mvz-sports.com\/fr\/football\/players\/vinicius-jose-paixao-de-oliveira-junior\">Vin\u00edcius J\u00fanior<\/a>, estimant que l\u2019\u00e9quilibre collectif reste fragile.<\/p>\n\n\n\n<p>Ces critiques relancent le d\u00e9bat sur le r\u00f4le des stars dans les grandes \u00e9quipes : faut-il privil\u00e9gier le talent offensif ou l\u2019\u00e9quilibre collectif ?<\/p>\n\n\n\n<h2 class=\"wp-block-heading\">Une saison sans troph\u00e9e en vue ?<\/h2>\n\n\n\n<p>L\u2019\u00e9limination europ\u00e9enne complique s\u00e9rieusement la saison du <strong>Real Madrid<\/strong>. En Liga, le club est distanc\u00e9 par le <a href=\"https:\/\/mvz-sports.com\/fr\/football\/clubs\/barcelona\">FC Barcelone<\/a>, avec un retard de neuf points \u00e0 sept journ\u00e9es de la fin.<\/p>\n\n\n\n<p>Pour <strong>Alvaro Arbeloa<\/strong>, aucune r\u00e9volution n\u2019est n\u00e9cessaire, mais une r\u00e9action rapide est attendue. L\u2019objectif est clair : remporter les derniers matchs pour sauver l\u2019honneur.<\/p>\n\n\n\n<p>Le technicien reste concentr\u00e9 sur la fin de saison, sans \u00e9voquer son avenir, preuve d\u2019un contexte sous tension \u00e0 Madrid.<\/p>\n\n\n\n<h2 class=\"wp-block-heading\">Un avenir sous pression mais prometteur<\/h2>\n\n\n\n<p>Malgr\u00e9 cette d\u00e9sillusion, <strong>Mbapp\u00e9<\/strong> reste au c\u0153ur du projet madril\u00e8ne. Ses performances individuelles confirment son statut de leader offensif, m\u00eame dans la difficult\u00e9.<\/p>\n\n\n\n<p>L\u2019attaquant fran\u00e7ais confirme qu\u2019il est capable d\u2019assumer son statut dans les grands rendez-vous, m\u00eame si le collectif n\u2019a pas suivi. Soutenu par <strong>Alvaro Arbeloa<\/strong>, il incarne d\u00e9j\u00e0 l\u2019avenir du club.<\/p>\n\n\n\n<p>La fin de saison s\u2019annonce d\u00e9cisive pour <strong>Madrid<\/strong>, entre pression des r\u00e9sultats et attentes \u00e9lev\u00e9es. Une chose est s\u00fbre : <strong>Mbapp\u00e9<\/strong> sera au centre de toutes les attentions dans les mois \u00e0 venir<\/p>\n\n\n\n<p>Le <strong>Real Madrid<\/strong> devra d\u00e9sormais tirer les le\u00e7ons de cette \u00e9limination pour rebondir. Et une question demeure : Mbapp\u00e9 sera-t-il l\u2019homme qui ram\u00e8nera enfin la <a href=\"https:\/\/mvz-sports.com\/fr\/football\/competitions\/uefa-champions-league\">Ligue des champions<\/a> \u00e0 Madrid ?<\/p>\n","protected":false},"excerpt":{"rendered":"<p>Malgr\u00e9 l\u2019\u00e9limination du Real Madrid face au Bayern, Kylian Mbapp\u00e9 re\u00e7oit le soutien total de son entra\u00eeneur, qui salue une prestation \u00e0 la hauteur de son statut. Lors de ce quart de finale de Ligue des champions face au Bayern Munich, Kylian Mbapp\u00e9 a r\u00e9pondu pr\u00e9sent en inscrivant un but \u00e0 l\u2019aller comme au retour. [&hellip;]<\/p>\n","protected":false},"author":2,"featured_media":47825,"comment_status":"open","ping_status":"open","sticky":false,"template":"","format":"standard","meta":{"_acf_changed":false,"_seopress_robots_primary_cat":"none","_seopress_titles_title":"","_seopress_titles_desc":"","_seopress_robots_index":"","footnotes":""},"categories":[1],"tags":[],"class_list":["post-47822","post","type-post","status-publish","format-standard","has-post-thumbnail","hentry","category-football"],"acf":[],"_links":{"self":[{"href":"https:\/\/mvz-sports.com\/fr\/wp-json\/wp\/v2\/posts\/47822","targetHints":{"allow":["GET"]}}],"collection":[{"href":"https:\/\/mvz-sports.com\/fr\/wp-json\/wp\/v2\/posts"}],"about":[{"href":"https:\/\/mvz-sports.com\/fr\/wp-json\/wp\/v2\/types\/post"}],"author":[{"embeddable":true,"href":"https:\/\/mvz-sports.com\/fr\/wp-json\/wp\/v2\/users\/2"}],"replies":[{"embeddable":true,"href":"https:\/\/mvz-sports.com\/fr\/wp-json\/wp\/v2\/comments?post=47822"}],"version-history":[{"count":2,"href":"https:\/\/mvz-sports.com\/fr\/wp-json\/wp\/v2\/posts\/47822\/revisions"}],"predecessor-version":[{"id":47827,"href":"https:\/\/mvz-sports.com\/fr\/wp-json\/wp\/v2\/posts\/47822\/revisions\/47827"}],"wp:featuredmedia":[{"embeddable":true,"href":"https:\/\/mvz-sports.com\/fr\/wp-json\/wp\/v2\/media\/47825"}],"wp:attachment":[{"href":"https:\/\/mvz-sports.com\/fr\/wp-json\/wp\/v2\/media?parent=47822"}],"wp:term":[{"taxonomy":"category","embeddable":true,"href":"https:\/\/mvz-sports.com\/fr\/wp-json\/wp\/v2\/categories?post=47822"},{"taxonomy":"post_tag","embeddable":true,"href":"https:\/\/mvz-sports.com\/fr\/wp-json\/wp\/v2\/tags?post=47822"}],"curies":[{"name":"wp","href":"https:\/\/api.w.org\/{rel}","templated":true}]}}