{"id":4784,"date":"2024-09-19T16:28:00","date_gmt":"2024-09-19T16:28:00","guid":{"rendered":"https:\/\/mvz-sports.com\/fr\/football\/news\/fr-football-news-l-olympique-lyonnais-recrute-une-nouvelle-pepite-pour-sa-reserve"},"modified":"2025-12-12T09:13:19","modified_gmt":"2025-12-12T09:13:19","slug":"l-olympique-lyonnais-recrute-une-nouvelle-pepite-pour-sa-reserve","status":"publish","type":"post","link":"https:\/\/mvz-sports.com\/fr\/football\/news\/l-olympique-lyonnais-recrute-une-nouvelle-pepite-pour-sa-reserve","title":{"rendered":"L&rsquo;Olympique Lyonnais recrute une nouvelle p\u00e9pite pour sa r\u00e9serve"},"content":{"rendered":"<div class=\"column column-2\">\n<div>\n<\/div>\n<div>\n<p>L&rsquo;<a href=\"https:\/\/mvz-sports.com\/fr\/football\/teams\/ol\">Olympique Lyonnais<\/a> continue de structurer son effectif en dehors des p\u00e9riodes de mercato, en int\u00e9grant des jeunes talents prometteurs pour pr\u00e9parer l&rsquo;avenir. Apr\u00e8s avoir r\u00e9cemment renforc\u00e9 l&rsquo;\u00e9quipe premi\u00e8re avec Jordan Veretout, les Gones s&rsquo;attachent d\u00e9sormais \u00e0 \u00e9toffer leur \u00e9quipe r\u00e9serve. L&rsquo;OL a ainsi annonc\u00e9 l&rsquo;arriv\u00e9e du milieu de terrain suisse Joss Marques Da Silva, en provenance des Girondins de Bordeaux.<\/p>\n<\/div>\n<\/div>\n<h2>Joss Marques Da Silva : une recrue d&rsquo;avenir<\/h2>\n<p>Dans un communiqu\u00e9 publi\u00e9 sur le site officiel du club, l&rsquo;OL a officialis\u00e9 l&rsquo;arriv\u00e9e de Joss Marques Da Silva pour une dur\u00e9e de quatre saisons. Ce jeune joueur de 20 ans, qui a d\u00e9j\u00e0 repr\u00e9sent\u00e9 la Suisse en s\u00e9lection U19, viendra \u00e9toffer le groupe Pro 2 des Lyonnais, une \u00e9quipe r\u00e9serv\u00e9e \u00e0 la formation des jeunes talents.<\/p>\n<blockquote class=\"twitter-tweet\"><p><a href=\"https:\/\/twitter.com\/OL\/status\/1836799024759701771\"><\/a><\/p><\/blockquote>\n<p>\u00ab\u00a0Le milieu de terrain Joss Marques Da Silva s\u2019est engag\u00e9 aujourd\u2019hui avec l\u2019Olympique Lyonnais pour 4 saisons. \u00c2g\u00e9 de 20 ans, l\u2019international suisse U19 qui arrive en provenance des Girondins de Bordeaux, int\u00e9grera le groupe Pro 2\u00a0\u00bb, pr\u00e9cise le communiqu\u00e9 de l\u2019OL.<\/p>\n<h3>Un parcours prometteur<\/h3>\n<p>Form\u00e9 aux <a href=\"https:\/\/mvz-sports.com\/fr\/football\/teams\/girondins\">Girondins de Bordeaux<\/a>, Marques Da Silva a attir\u00e9 l&rsquo;attention de nombreux clubs europ\u00e9ens gr\u00e2ce \u00e0 ses performances solides avec les \u00e9quipes de jeunes. Dot\u00e9 d&rsquo;une belle vision de jeu et d&rsquo;une excellente capacit\u00e9 \u00e0 r\u00e9cup\u00e9rer le ballon, ce milieu polyvalent a tout pour s\u2019imposer dans un effectif en pleine reconstruction. Le jeune joueur avait d\u00e9j\u00e0 montr\u00e9 un potentiel int\u00e9ressant au sein de l\u2019\u00e9quipe r\u00e9serve bordelaise, o\u00f9 il a \u00e9volu\u00e9 durant plusieurs saisons.<\/p>\n<h3>FAQ :<\/h3>\n<p>&#8211; Quelle est la dur\u00e9e du contrat de Joss Marques Da Silva avec l\u2019OL ?<br \/>\nIl s&rsquo;est engag\u00e9 pour une dur\u00e9e de quatre saisons.<br \/>\n&#8211; Quel est l&rsquo;\u00e2ge de Joss Marques Da Silva ?<br \/>\nIl est \u00e2g\u00e9 de 20 ans.<br \/>\n&#8211; D&rsquo;o\u00f9 vient-il ?<br \/>\nIl arrive des Girondins de Bordeaux, o\u00f9 il jouait dans l&rsquo;\u00e9quipe r\u00e9serve.<br \/>\n&#8211; Quel poste occupe Joss Marques Da Silva ?<br \/>\nIl \u00e9volue en tant que milieu de terrain.<br \/>\n&#8211; Quelle \u00e9quipe int\u00e9grera-t-il \u00e0 l&rsquo;OL ?<br \/>\nIl fera partie du groupe Pro 2, l&rsquo;\u00e9quipe r\u00e9serve du club.<\/p>\n","protected":false},"excerpt":{"rendered":"<p>L&rsquo;Olympique Lyonnais continue de structurer son effectif en dehors des p\u00e9riodes de mercato, en int\u00e9grant des jeunes talents prometteurs pour pr\u00e9parer l&rsquo;avenir. Apr\u00e8s avoir r\u00e9cemment renforc\u00e9 l&rsquo;\u00e9quipe premi\u00e8re avec Jordan Veretout, les Gones s&rsquo;attachent d\u00e9sormais \u00e0 \u00e9toffer leur \u00e9quipe r\u00e9serve. L&rsquo;OL a ainsi annonc\u00e9 l&rsquo;arriv\u00e9e du milieu de terrain suisse Joss Marques Da Silva, en [&hellip;]<\/p>\n","protected":false},"author":1,"featured_media":0,"comment_status":"open","ping_status":"open","sticky":false,"template":"","format":"standard","meta":{"_acf_changed":false,"_seopress_robots_primary_cat":"","_seopress_titles_title":"L'OL recrute le jeune Joss Marques Da Silva","_seopress_titles_desc":"L'Olympique Lyonnais annonce l'arriv\u00e9e de Joss Marques Da Silva, un milieu de terrain prometteur de 20 ans en provenance de Bordeaux. D\u00e9couvrez pourquoi.","_seopress_robots_index":"","footnotes":""},"categories":[1],"tags":[],"class_list":["post-4784","post","type-post","status-publish","format-standard","hentry","category-football"],"acf":[],"_links":{"self":[{"href":"https:\/\/mvz-sports.com\/fr\/wp-json\/wp\/v2\/posts\/4784","targetHints":{"allow":["GET"]}}],"collection":[{"href":"https:\/\/mvz-sports.com\/fr\/wp-json\/wp\/v2\/posts"}],"about":[{"href":"https:\/\/mvz-sports.com\/fr\/wp-json\/wp\/v2\/types\/post"}],"author":[{"embeddable":true,"href":"https:\/\/mvz-sports.com\/fr\/wp-json\/wp\/v2\/users\/1"}],"replies":[{"embeddable":true,"href":"https:\/\/mvz-sports.com\/fr\/wp-json\/wp\/v2\/comments?post=4784"}],"version-history":[{"count":0,"href":"https:\/\/mvz-sports.com\/fr\/wp-json\/wp\/v2\/posts\/4784\/revisions"}],"wp:attachment":[{"href":"https:\/\/mvz-sports.com\/fr\/wp-json\/wp\/v2\/media?parent=4784"}],"wp:term":[{"taxonomy":"category","embeddable":true,"href":"https:\/\/mvz-sports.com\/fr\/wp-json\/wp\/v2\/categories?post=4784"},{"taxonomy":"post_tag","embeddable":true,"href":"https:\/\/mvz-sports.com\/fr\/wp-json\/wp\/v2\/tags?post=4784"}],"curies":[{"name":"wp","href":"https:\/\/api.w.org\/{rel}","templated":true}]}}