{"id":47927,"date":"2026-04-23T04:32:00","date_gmt":"2026-04-23T02:32:00","guid":{"rendered":"https:\/\/mvz-sports.com\/fr\/?p=47927"},"modified":"2026-04-23T00:07:16","modified_gmt":"2026-04-22T22:07:16","slug":"je-suis-en-belle-forme-seixas-remporte-la-fleche-wallonne-un-bon-signal-avant-liege-bastogne-liege","status":"publish","type":"post","link":"https:\/\/mvz-sports.com\/fr\/cyclisme\/news\/je-suis-en-belle-forme-seixas-remporte-la-fleche-wallonne-un-bon-signal-avant-liege-bastogne-liege","title":{"rendered":"\u00ab\u00a0Je suis en belle forme\u00a0\u00bb : Seixas remporte la Fl\u00e8che Wallonne, un bon signal avant Li\u00e8ge-Bastogne-Li\u00e8ge"},"content":{"rendered":"\n<p><strong>Paul Seixas a cr\u00e9\u00e9 la surprise en remportant la Fl\u00e8che Wallonne ce mercredi 22 avril 2026, devenant \u00e0 seulement 19 ans le plus jeune vainqueur de l\u2019histoire de la course. <\/strong><\/p>\n\n\n\n<p>Apr\u00e8s une victoire collective, le jeune coureur a rendu hommage \u00e0 ses co\u00e9quipiers, qui ont contr\u00f4l\u00e9 l\u2019\u00e9chapp\u00e9e d\u00e8s le d\u00e9part et l\u2019ont plac\u00e9 toute la journ\u00e9e. \u00ab\u00a0C\u2019est \u00e9norme comme victoire\u00a0\u00bb, a-t-il d\u00e9clar\u00e9, \u00e9mu. \u00ab\u00a0L\u2019ann\u00e9e derni\u00e8re, je la regardais \u00e0 la t\u00e9l\u00e9vision. Et cette ann\u00e9e, je gagne pour ma premi\u00e8re participation, c\u2019est incroyable.\u00a0\u00bb Maintenant, il donne <strong>rendez-vous dimanche pour Li\u00e8ge-Bastogne-Li\u00e8ge<\/strong>, o\u00f9 il affrontera des g\u00e9ants comme <strong>Remco Evenepoel et Tadej Poga\u010dar<\/strong>.<\/p>\n\n\n\n<p><strong>Paul Seixas<\/strong> a marqu\u00e9 l\u2019histoire du cyclisme en remportant <strong>la Fl\u00e8che Wallonne<\/strong>, une course r\u00e9put\u00e9e pour son final explosif sur le <strong>Mur de Huy<\/strong>. \u00c0 seulement 19 ans, il devient le <strong>plus jeune vainqueur<\/strong> de cette \u00e9preuve mythique. \u00ab\u00a0C\u2019est un travail collectif\u00a0\u00bb, a-t-il soulign\u00e9, reconnaissant l\u2019implication totale de son \u00e9quipe.<\/p>\n\n\n\n<p>\u00ab\u00a0C\u2019est une performance exceptionnelle pour un si jeune coureur\u00a0\u00bb, d\u00e9clare un observateur, admiratif de sa maturit\u00e9. \u00ab\u00a0Il a su saisir sa chance au bon moment\u00a0\u00bb, ajoute un analyste.<\/p>\n\n\n\n<p>Comment Seixas a-t-il remport\u00e9 cette course ? Quelles sont ses impressions sur cette victoire ? Et quelles sont ses ambitions pour Li\u00e8ge-Bastogne-Li\u00e8ge ? Voici ce qu\u2019il faut retenir.<\/p>\n\n\n\n<h2 class=\"wp-block-heading\">Une victoire collective<\/h2>\n\n\n\n<h3 class=\"wp-block-heading\">\u00ab\u00a0Mes co\u00e9quipiers ont mis 200 % de leur volont\u00e9\u00a0\u00bb<\/h3>\n\n\n\n<p><strong>Paul Seixas<\/strong> a tenu \u00e0 <strong>remercier ses co\u00e9quipiers<\/strong>, qui ont jou\u00e9 un r\u00f4le cl\u00e9 dans sa victoire. \u00ab\u00a0Ils ont contr\u00f4l\u00e9 l\u2019\u00e9chapp\u00e9e d\u00e8s le d\u00e9part et m\u2019ont plac\u00e9 toute la journ\u00e9e\u00a0\u00bb, a-t-il expliqu\u00e9. \u00ab\u00a0Certains ont eu des jours plus difficiles que d\u2019autres, mais ils ont tout donn\u00e9 pour cette victoire.\u00a0\u00bb<\/p>\n\n\n\n<p>\u00ab\u00a0C\u2019est la preuve que le <a href=\"https:\/\/mvz-sports.com\/fr\/cyclisme\">cyclisme<\/a> est un sport d\u2019\u00e9quipe\u00a0\u00bb, d\u00e9clare un entra\u00eeneur, soulignant que \u00ab\u00a0sans ce travail collectif, la victoire n\u2019aurait pas \u00e9t\u00e9 possible\u00a0\u00bb. \u00ab\u00a0Seixas a su profiter de l\u2019effort de ses co\u00e9quipiers\u00a0\u00bb, ajoute un journaliste.<\/p>\n\n\n\n<h2 class=\"wp-block-heading\">Une ascension ma\u00eetris\u00e9e du Mur de Huy<\/h2>\n\n\n\n<h3 class=\"wp-block-heading\">\u00ab\u00a0Quand j\u2019ai vu que mes adversaires l\u00e2chaient, j\u2019ai tout donn\u00e9\u00a0\u00bb<\/h3>\n\n\n\n<p>Sur le <strong>Mur de Huy<\/strong>, Seixas a su <strong>juger son effort \u00e0 la perfection<\/strong>. \u00ab\u00a0Notre plan \u00e9tait de faire le tempo\u00a0\u00bb, a-t-il expliqu\u00e9. \u00ab\u00a0On a vu que tout le monde \u00e9tait us\u00e9, donc \u00e7a s\u2019est fait \u00e0 l\u2019opportunit\u00e9.\u00a0\u00bb Avec son co\u00e9quipier <strong>Jordan Labrosse<\/strong>, il a su se placer au bon moment avant de <strong>lancer son attaque<\/strong>.<\/p>\n\n\n\n<p>\u00ab\u00a0J\u2019ai regard\u00e9 o\u00f9 j\u2019en \u00e9tais par rapport \u00e0 l\u2019arriv\u00e9e. Tout le monde \u00e9tait \u00e0 bloc, donc j\u2019ai fait l\u2019effort et j\u2019ai essay\u00e9 de juger mes adversaires\u00a0\u00bb, a-t-il d\u00e9clar\u00e9. \u00ab\u00a0Quand j\u2019ai vu qu\u2019ils l\u00e2chaient un peu, je me suis dit qu\u2019il fallait que j\u2019aille \u00e0 fond jusqu\u2019au bout.\u00a0\u00bb<\/p>\n\n\n\n<p>\u00ab\u00a0C\u2019est une strat\u00e9gie intelligente\u00a0\u00bb, d\u00e9clare un expert, admiratif de sa <strong>capacit\u00e9 \u00e0 g\u00e9rer son effort<\/strong>. \u00ab\u00a0Il a su lire la course et profiter de la fatigue des autres\u00a0\u00bb, ajoute un observateur.<\/p>\n\n\n\n<h2 class=\"wp-block-heading\">En forme pour Li\u00e8ge-Bastogne-Li\u00e8ge<\/h2>\n\n\n\n<h3 class=\"wp-block-heading\">\u00ab\u00a0\u00c7a va \u00eatre une autre paire de manches\u00a0\u00bb<\/h3>\n\n\n\n<p>Paul Seixas se tourne d\u00e9j\u00e0 vers <strong>Li\u00e8ge-Bastogne-Li\u00e8ge<\/strong>, pr\u00e9vue dimanche. \u00ab\u00a0\u00c7a va \u00eatre une autre paire de manches\u00a0\u00bb, a-t-il reconnu. \u00ab\u00a0Mais aujourd\u2019hui, \u00e7a montre que je suis en belle forme.\u00a0\u00bb<\/p>\n\n\n\n<p>\u00ab\u00a0Il va devoir affronter des coureurs d\u2019exp\u00e9rience comme Evenepoel et Poga\u010dar\u00a0\u00bb, d\u00e9clare un analyste. \u00ab\u00a0Mais avec sa victoire \u00e0 la Fl\u00e8che Wallonne, il prouve qu\u2019il a le niveau pour rivaliser\u00a0\u00bb, ajoute-t-il.<\/p>\n\n\n\n<p>\u00ab\u00a0C\u2019est une course diff\u00e9rente, plus longue et plus exigeante\u00a0\u00bb, explique un entra\u00eeneur. \u00ab\u00a0Mais Seixas a montr\u00e9 qu\u2019il avait les qualit\u00e9s pour briller sur les classiques ardennaises\u00a0\u00bb, conclut-il.<\/p>\n\n\n\n<p>Paul Seixas a marqu\u00e9 les esprits avec sa victoire \u00e0 la <strong>Fl\u00e8che Wallonne<\/strong>. \u00ab\u00a0C\u2019est un exploit incroyable pour un coureur de 19 ans\u00a0\u00bb, r\u00e9sume un observateur. \u00ab\u00a0Il a tout pour devenir un grand champion\u00a0\u00bb, ajoute un expert.<\/p>\n\n\n\n<p>\u00ab\u00a0Avec sa forme actuelle, il peut viser un nouveau coup d\u2019\u00e9clat \u00e0 Li\u00e8ge-Bastogne-Li\u00e8ge\u00a0\u00bb, conclut un fan, impatient de voir la suite.<\/p>\n\n\n\n<p>Pensez-vous que <strong>Paul Seixas<\/strong> peut cr\u00e9er la surprise \u00e0 Li\u00e8ge-Bastogne-Li\u00e8ge ? Quel est son atout majeur pour rivaliser avec Evenepoel et Poga\u010dar ?<\/p>\n","protected":false},"excerpt":{"rendered":"<p>Paul Seixas a cr\u00e9\u00e9 la surprise en remportant la Fl\u00e8che Wallonne ce mercredi 22 avril 2026, devenant \u00e0 seulement 19 ans le plus jeune vainqueur de l\u2019histoire de la course. Apr\u00e8s une victoire collective, le jeune coureur a rendu hommage \u00e0 ses co\u00e9quipiers, qui ont contr\u00f4l\u00e9 l\u2019\u00e9chapp\u00e9e d\u00e8s le d\u00e9part et l\u2019ont plac\u00e9 toute la [&hellip;]<\/p>\n","protected":false},"author":2,"featured_media":47930,"comment_status":"open","ping_status":"open","sticky":false,"template":"","format":"standard","meta":{"_acf_changed":false,"_seopress_robots_primary_cat":"none","_seopress_titles_title":"","_seopress_titles_desc":"","_seopress_robots_index":"","footnotes":""},"categories":[38],"tags":[],"class_list":["post-47927","post","type-post","status-publish","format-standard","has-post-thumbnail","hentry","category-cyclisme"],"acf":[],"_links":{"self":[{"href":"https:\/\/mvz-sports.com\/fr\/wp-json\/wp\/v2\/posts\/47927","targetHints":{"allow":["GET"]}}],"collection":[{"href":"https:\/\/mvz-sports.com\/fr\/wp-json\/wp\/v2\/posts"}],"about":[{"href":"https:\/\/mvz-sports.com\/fr\/wp-json\/wp\/v2\/types\/post"}],"author":[{"embeddable":true,"href":"https:\/\/mvz-sports.com\/fr\/wp-json\/wp\/v2\/users\/2"}],"replies":[{"embeddable":true,"href":"https:\/\/mvz-sports.com\/fr\/wp-json\/wp\/v2\/comments?post=47927"}],"version-history":[{"count":2,"href":"https:\/\/mvz-sports.com\/fr\/wp-json\/wp\/v2\/posts\/47927\/revisions"}],"predecessor-version":[{"id":47932,"href":"https:\/\/mvz-sports.com\/fr\/wp-json\/wp\/v2\/posts\/47927\/revisions\/47932"}],"wp:featuredmedia":[{"embeddable":true,"href":"https:\/\/mvz-sports.com\/fr\/wp-json\/wp\/v2\/media\/47930"}],"wp:attachment":[{"href":"https:\/\/mvz-sports.com\/fr\/wp-json\/wp\/v2\/media?parent=47927"}],"wp:term":[{"taxonomy":"category","embeddable":true,"href":"https:\/\/mvz-sports.com\/fr\/wp-json\/wp\/v2\/categories?post=47927"},{"taxonomy":"post_tag","embeddable":true,"href":"https:\/\/mvz-sports.com\/fr\/wp-json\/wp\/v2\/tags?post=47927"}],"curies":[{"name":"wp","href":"https:\/\/api.w.org\/{rel}","templated":true}]}}