{"id":47939,"date":"2026-04-23T06:35:00","date_gmt":"2026-04-23T04:35:00","guid":{"rendered":"https:\/\/mvz-sports.com\/fr\/?p=47939"},"modified":"2026-04-23T01:18:36","modified_gmt":"2026-04-22T23:18:36","slug":"cest-ma-faute-buffon-revient-sur-lincident-de-la-coupe-du-monde-2007-avec-le-coup-de-boule-de-zidane","status":"publish","type":"post","link":"https:\/\/mvz-sports.com\/fr\/football\/news\/cest-ma-faute-buffon-revient-sur-lincident-de-la-coupe-du-monde-2007-avec-le-coup-de-boule-de-zidane","title":{"rendered":"\u00ab\u00a0C&rsquo;est ma faute\u00a0\u00bb : Buffon revient sur l&rsquo;incident de la Coupe du Monde 2007 avec le coup de boule de Zidane"},"content":{"rendered":"\n<p><strong>Dans une interview accord\u00e9e au <em>Guardian<\/em>, Gianluigi Buffon est revenu sur le coup de t\u00eate de Zin\u00e9dine Zidane sur Marco Materazzi en finale de la Coupe du monde 2006. <\/strong><\/p>\n\n\n\n<p>Le gardien italien, <strong>seul t\u00e9moin direct<\/strong> de l\u2019incident, affirme que l\u2019\u00e9nervement de <strong>Zidane<\/strong> \u00e9tait <strong>de sa faute<\/strong>, apr\u00e8s un <strong>arr\u00eat d\u00e9cisif<\/strong> sur une t\u00eate puissante du capitaine fran\u00e7ais quelques instants plus t\u00f4t. \u00ab Quand <strong>Zidane<\/strong> a frapp\u00e9 le ballon, sa t\u00eate \u00e9tait d\u2019une puissance et d\u2019une f\u00e9rocit\u00e9 incroyables. Il \u00e9tait persuad\u00e9 d\u2019avoir marqu\u00e9, et ma parade l\u2019a frustr\u00e9 \u00bb, a-t-il expliqu\u00e9. Une r\u00e9v\u00e9lation qui apporte un \u00e9clairage in\u00e9dit sur l\u2019un des moments les plus marquants de l\u2019histoire du <a href=\"https:\/\/mvz-sports.com\/fr\/football\">football<\/a>.<\/p>\n\n\n\n<p>Gianluigi Buffon, l\u00e9gende de la Juve et de l\u2019\u00e9quipe d\u2019Italie, a <strong>relanc\u00e9 le d\u00e9bat<\/strong> sur l\u2019un des gestes les plus controvers\u00e9s de l\u2019histoire du football : <strong>le coup de t\u00eate de Zin\u00e9dine Zidane<\/strong> en finale de la Coupe du monde 2006. Dans une interview au <em>Guardian<\/em>, il r\u00e9v\u00e8le que <strong>son arr\u00eat sur une t\u00eate de Zidane<\/strong> aurait <strong>provoqu\u00e9 la frustration<\/strong> du Fran\u00e7ais, menant \u00e0 son expulsion. \u00ab\u00a0C\u2019est de ma faute\u00a0\u00bb, a-t-il d\u00e9clar\u00e9 avec humour, assumant une part de responsabilit\u00e9 dans cet \u00e9pisode.<\/p>\n\n\n\n<p>\u00ab\u00a0C\u2019est une analyse fascinante qui montre \u00e0 quel point les \u00e9motions peuvent basculer en un instant\u00a0\u00bb, d\u00e9clare un observateur. \u00ab\u00a0Buffon apporte un \u00e9clairage nouveau sur un moment qui a marqu\u00e9 l\u2019histoire du sport\u00a0\u00bb, ajoute un analyste.<\/p>\n\n\n\n<p>Pourquoi Buffon se sent-il responsable ? Comment ce moment a-t-il influenc\u00e9 le match ? Et que dit cette r\u00e9v\u00e9lation sur la psychologie des grands champions ? Voici ce qu\u2019il faut retenir.<\/p>\n\n\n\n<h2 class=\"wp-block-heading\">Le seul t\u00e9moin direct<\/h2>\n\n\n\n<h3 class=\"wp-block-heading\">\u00ab J\u2019\u00e9tais \u00e0 une quinzaine de m\u00e8tres et j\u2019ai entendu le bruit sourd \u00bb<\/h3>\n\n\n\n<p>Selon <a href=\"http:\/\/www.theguardian.com\/football\/2026\/apr\/22\/gianluigi-buffon-unbeatable-omnipotent-italy-world-cup-goalkeeper-interview\">The Guardian<\/a>, Buffon \u00e9tait <strong>le seul \u00e0 avoir vu directement<\/strong> le coup de t\u00eate de <strong>Zidane<\/strong> sur Materazzi. \u00ab\u00a0J\u2019\u00e9tais \u00e0 une quinzaine de m\u00e8tres et j\u2019ai entendu le bruit sourd. Si Zidane avait fait \u00e7a \u00e0 quelqu\u2019un d\u2019autre, il aurait \u00e9t\u00e9 K.O.\u00a0\u00bb, a-t-il racont\u00e9. \u00ab\u00a0Le juge de ligne ne l\u2019a pas vu. Le seul t\u00e9moin, c\u2019est moi.\u00a0\u00bb<\/p>\n\n\n\n<p>\u00ab\u00a0C\u2019est un d\u00e9tail qui montre \u00e0 quel point ce geste \u00e9tait violent et inattendu\u00a0\u00bb, explique un journaliste. \u00ab\u00a0Buffon \u00e9tait aux premi\u00e8res loges pour un moment historique\u00a0\u00bb, ajoute un expert.<\/p>\n\n\n\n<h2 class=\"wp-block-heading\">L\u2019arr\u00eat qui a tout d\u00e9clench\u00e9<\/h2>\n\n\n\n<h3 class=\"wp-block-heading\">\u00ab Il \u00e9tait persuad\u00e9 d\u2019avoir marqu\u00e9 \u00bb<\/h3>\n\n\n\n<p>Selon Buffon, la <strong>frustration de Zidane<\/strong> est n\u00e9e d\u2019un <strong>arr\u00eat spectaculaire<\/strong> du gardien italien sur une <strong>t\u00eate puissante<\/strong> du Fran\u00e7ais. \u00ab\u00a0Quand Zidane a frapp\u00e9 le ballon, sa t\u00eate \u00e9tait d\u2019une puissance et d\u2019une f\u00e9rocit\u00e9 incroyables. C\u2019\u00e9tait comme s\u2019il avait frapp\u00e9 du pied plut\u00f4t que de la t\u00eate\u00a0\u00bb, a-t-il d\u00e9crit. \u00ab\u00a0Il \u00e9tait persuad\u00e9 d\u2019avoir marqu\u00e9. Il \u00e9tait donc frustr\u00e9 que je l\u2019aie arr\u00eat\u00e9.\u00a0\u00bb<\/p>\n\n\n\n<p>\u00ab\u00a0C\u2019est un moment cl\u00e9 qui a pu influencer son \u00e9tat d\u2019esprit\u00a0\u00bb, d\u00e9clare un psychologue du sport. \u00ab\u00a0Les grands joueurs r\u00e9agissent parfois de mani\u00e8re excessive quand ils sentent que la chance leur \u00e9chappe\u00a0\u00bb, ajoute un analyste.<\/p>\n\n\n\n<h2 class=\"wp-block-heading\">Une finale l\u00e9gendaire<\/h2>\n\n\n\n<h3 class=\"wp-block-heading\">L\u2019Italie championne du monde aux tirs au but<\/h3>\n\n\n\n<p>L\u2019Italie a finalement <strong>remport\u00e9 la <a href=\"https:\/\/mvz-sports.com\/fr\/football\/competitions\/coupe-du-monde-de-football\">Coupe du monde<\/a> 2006<\/strong> apr\u00e8s une <strong>s\u00e9ance de tirs au but<\/strong> (1-1, 5-3 aux t.a.b.). \u00ab\u00a0C\u2019est une finale qui restera dans les m\u00e9moires pour ce geste, mais aussi pour son d\u00e9nouement dramatique\u00a0\u00bb, d\u00e9clare un historien du football.<\/p>\n\n\n\n<p>\u00ab\u00a0Zidane a toujours assum\u00e9 son geste, m\u00eame s\u2019il n\u2019en \u00e9tait pas fier\u00a0\u00bb, rappelle un journaliste. \u00ab\u00a0En 2022, il avait d\u00e9clar\u00e9 qu\u2019il faisait partie de son parcours, mais qu\u2019il n\u2019\u00e9tait pas fier de cette expulsion\u00a0\u00bb, ajoute-t-il.<\/p>\n\n\n\n<h2 class=\"wp-block-heading\">Une relation sans dialogue<\/h2>\n\n\n\n<h3 class=\"wp-block-heading\">\u00ab On n\u2019a jamais parl\u00e9 de ce geste \u00bb<\/h3>\n\n\n\n<p>Buffon a r\u00e9v\u00e9l\u00e9 que <strong>Zidane et lui n\u2019ont jamais \u00e9voqu\u00e9<\/strong> cet \u00e9pisode. \u00ab\u00a0On n\u2019a jamais parl\u00e9 de ce geste\u00a0\u00bb, a-t-il confi\u00e9. \u00ab\u00a0C\u2019est un moment qui reste entre nous, mais sans ranc\u0153ur.\u00a0\u00bb<\/p>\n\n\n\n<p>\u00ab\u00a0C\u2019est une preuve de respect mutuel\u00a0\u00bb, d\u00e9clare un observateur. \u00ab\u00a0Deux l\u00e9gendes qui ont marqu\u00e9 l\u2019histoire du football, chacune \u00e0 sa mani\u00e8re\u00a0\u00bb, ajoute un fan.<\/p>\n\n\n\n<p><strong>Gianluigi Buffon<\/strong> apporte un <strong>\u00e9clairage in\u00e9dit<\/strong> sur le coup de t\u00eate de <strong>Zidane<\/strong> en 2006. \u00ab\u00a0C\u2019est une analyse qui montre \u00e0 quel point les \u00e9motions jouent un r\u00f4le cl\u00e9 dans le sport\u00a0\u00bb, r\u00e9sume un expert. \u00ab\u00a0Ce moment reste grav\u00e9 dans l\u2019histoire du football, et Buffon nous aide \u00e0 mieux le comprendre\u00a0\u00bb, conclut un observateur.<\/p>\n\n\n\n<p>\u00ab\u00a0C\u2019est la preuve que m\u00eame les plus grands peuvent \u00eatre influenc\u00e9s par la frustration\u00a0\u00bb, d\u00e9clare un psychologue du sport. \u00ab\u00a0Et c\u2019est aussi ce qui rend le sport si passionnant.\u00a0\u00bb<\/p>\n\n\n\n<p>Pensez-vous que <strong>Buffon<\/strong> a raison de se sentir responsable ? Ce geste de <strong>Zidane<\/strong> a-t-il chang\u00e9 votre perception du capitaine des Bleus ?<\/p>\n","protected":false},"excerpt":{"rendered":"<p>Dans une interview accord\u00e9e au Guardian, Gianluigi Buffon est revenu sur le coup de t\u00eate de Zin\u00e9dine Zidane sur Marco Materazzi en finale de la Coupe du monde 2006. Le gardien italien, seul t\u00e9moin direct de l\u2019incident, affirme que l\u2019\u00e9nervement de Zidane \u00e9tait de sa faute, apr\u00e8s un arr\u00eat d\u00e9cisif sur une t\u00eate puissante du [&hellip;]<\/p>\n","protected":false},"author":2,"featured_media":47942,"comment_status":"open","ping_status":"open","sticky":false,"template":"","format":"standard","meta":{"_acf_changed":false,"_seopress_robots_primary_cat":"none","_seopress_titles_title":"","_seopress_titles_desc":"","_seopress_robots_index":"","footnotes":""},"categories":[1],"tags":[],"class_list":["post-47939","post","type-post","status-publish","format-standard","has-post-thumbnail","hentry","category-football"],"acf":[],"_links":{"self":[{"href":"https:\/\/mvz-sports.com\/fr\/wp-json\/wp\/v2\/posts\/47939","targetHints":{"allow":["GET"]}}],"collection":[{"href":"https:\/\/mvz-sports.com\/fr\/wp-json\/wp\/v2\/posts"}],"about":[{"href":"https:\/\/mvz-sports.com\/fr\/wp-json\/wp\/v2\/types\/post"}],"author":[{"embeddable":true,"href":"https:\/\/mvz-sports.com\/fr\/wp-json\/wp\/v2\/users\/2"}],"replies":[{"embeddable":true,"href":"https:\/\/mvz-sports.com\/fr\/wp-json\/wp\/v2\/comments?post=47939"}],"version-history":[{"count":2,"href":"https:\/\/mvz-sports.com\/fr\/wp-json\/wp\/v2\/posts\/47939\/revisions"}],"predecessor-version":[{"id":47945,"href":"https:\/\/mvz-sports.com\/fr\/wp-json\/wp\/v2\/posts\/47939\/revisions\/47945"}],"wp:featuredmedia":[{"embeddable":true,"href":"https:\/\/mvz-sports.com\/fr\/wp-json\/wp\/v2\/media\/47942"}],"wp:attachment":[{"href":"https:\/\/mvz-sports.com\/fr\/wp-json\/wp\/v2\/media?parent=47939"}],"wp:term":[{"taxonomy":"category","embeddable":true,"href":"https:\/\/mvz-sports.com\/fr\/wp-json\/wp\/v2\/categories?post=47939"},{"taxonomy":"post_tag","embeddable":true,"href":"https:\/\/mvz-sports.com\/fr\/wp-json\/wp\/v2\/tags?post=47939"}],"curies":[{"name":"wp","href":"https:\/\/api.w.org\/{rel}","templated":true}]}}