{"id":47952,"date":"2026-04-23T11:15:00","date_gmt":"2026-04-23T09:15:00","guid":{"rendered":"https:\/\/mvz-sports.com\/fr\/?p=47952"},"modified":"2026-04-23T02:35:46","modified_gmt":"2026-04-23T00:35:46","slug":"pas-abattu-alldritt-compte-bien-saccrocher-et-se-battre-pour-participer-a-la-coupe-du-monde-2027-en-australie","status":"publish","type":"post","link":"https:\/\/mvz-sports.com\/fr\/rugby\/news\/pas-abattu-alldritt-compte-bien-saccrocher-et-se-battre-pour-participer-a-la-coupe-du-monde-2027-en-australie","title":{"rendered":"\u00ab\u00a0Pas abattu !\u00a0\u00bb : Alldritt compte bien s&rsquo;accrocher et se battre pour participer \u00e0 la coupe du monde 2027 en Australie\u00a0"},"content":{"rendered":"\n<p><strong>\u00c9cart\u00e9 r\u00e9cemment du XV de France, Gr\u00e9gory Alldritt affiche une d\u00e9termination intacte pour retrouver les Bleus\u2026 et viser l\u2019Australie.<\/strong><\/p>\n\n\n\n<p>Son absence a surpris, mais elle n\u2019a pas bris\u00e9 sa motivation. Capitaine embl\u00e9matique du <strong>Stade Rochelais<\/strong>, <a href=\"https:\/\/mvz-sports.com\/fr\/rugby\/players\/gregory-alldritt\">Gr\u00e9gory Alldritt<\/a> revient avec lucidit\u00e9 sur sa non-s\u00e9lection et se projette d\u00e9j\u00e0 vers ses prochains objectifs en \u00e9quipe de France.<\/p>\n\n\n\n<h2 class=\"wp-block-heading\">Une non-s\u00e9lection assum\u00e9e et analys\u00e9e<\/h2>\n\n\n\n<p>\u00c9cart\u00e9 par <strong>Fabien Galthi\u00e9<\/strong>, le troisi\u00e8me ligne ne cherche pas d\u2019excuses. Il reconna\u00eet lui-m\u00eame ne pas avoir \u00e9t\u00e9 \u00e0 son meilleur niveau durant l\u2019hiver. Une lucidit\u00e9 rare qui t\u00e9moigne de son exigence personnelle.<\/p>\n\n\n\n<h2 class=\"wp-block-heading\">Une motivation renforc\u00e9e par l\u2019absence<\/h2>\n\n\n\n<p>Regarder ses co\u00e9quipiers soulever le troph\u00e9e du <strong>Tournoi des Six Nations<\/strong> depuis son canap\u00e9 n\u2019a rien d\u2019anodin.<\/p>\n\n\n\n<p>Mais pour <strong>Gr\u00e9gory Alldritt<\/strong>, cette frustration devient un moteur. Il le r\u00e9p\u00e8te : il n\u2019est pas question de renoncer. Une mentalit\u00e9 de comp\u00e9titeur qui reste intacte.<\/p>\n\n\n\n<h2 class=\"wp-block-heading\">Un travail en profondeur pour revenir plus fort<\/h2>\n\n\n\n<p>Sous les ordres de <strong>Ronan O&rsquo;Gara<\/strong>, <strong>le Rochelais<\/strong> a profond\u00e9ment revu sa pr\u00e9paration.<\/p>\n\n\n\n<p>Au programme :<\/p>\n\n\n\n<ul class=\"wp-block-list\">\n<li>perte de poids<\/li>\n\n\n\n<li>travail physique intensif<\/li>\n\n\n\n<li>recentrage sur ses \u0646\u0642\u0627\u0637 forts<\/li>\n<\/ul>\n\n\n\n<p>R\u00e9sultat : un joueur plus aff\u00fbt\u00e9 et plus explosif. Un retour en forme qui commence d\u00e9j\u00e0 \u00e0 se voir sur le terrain.<\/p>\n\n\n\n<h2 class=\"wp-block-heading\">Une concurrence forte mais assum\u00e9e<\/h2>\n\n\n\n<p>Face \u00e0 lui, la concurrence est rude avec des profils comme :<\/p>\n\n\n\n<ul class=\"wp-block-list\">\n<li><a href=\"https:\/\/mvz-sports.com\/fr\/rugby\/players\/anthony-jelonch\">Anthony Jelonch<\/a><\/li>\n\n\n\n<li><strong>Temo Matiu<\/strong><\/li>\n<\/ul>\n\n\n\n<p>Mais pour <strong>Alldritt<\/strong>, le combat est avant tout personnel. Son objectif est clair : redevenir la meilleure version de lui-m\u00eame. Une philosophie qui pourrait faire la diff\u00e9rence.<\/p>\n\n\n\n<h2 class=\"wp-block-heading\">L\u2019objectif Australie 2027 en ligne de mire<\/h2>\n\n\n\n<p>La <strong>Coupe du monde de <a href=\"https:\/\/mvz-sports.com\/fr\/rugby\">rugby<\/a> 2027<\/strong> reste l\u2019objectif ultime. <strong>Gr\u00e9gory Alldritt<\/strong> l\u2019affirme : il se battra jusqu\u2019au bout pour y \u00eatre. Avant cela, il vise un retour d\u00e8s cet \u00e9t\u00e9. La route est longue, mais la d\u00e9termination est totale.<\/p>\n\n\n\n<h2 class=\"wp-block-heading\">Une remise en question salutaire<\/h2>\n\n\n\n<p>Cette p\u00e9riode difficile pourrait bien marquer un tournant dans la carri\u00e8re d\u2019<strong>Alldritt<\/strong>. En acceptant ses failles et en travaillant en profondeur, il s\u2019inscrit dans une d\u00e9marche rare chez les joueurs confirm\u00e9s. Cette capacit\u00e9 \u00e0 se r\u00e9inventer pourrait lui permettre de revenir plus fort et de s\u2019imposer \u00e0 nouveau comme un cadre incontournable du <strong>XV de France<\/strong>.<\/p>\n\n\n\n<p><strong>Gr\u00e9gory Alldritt<\/strong> n\u2019a pas dit son dernier mot avec le <strong>XV de France<\/strong>.Entre remise en question, travail et ambition, tout indique qu\u2019il compte bien revenir au sommet\u2026 avec en ligne de mire l\u2019Australie et un nouveau chapitre en Bleu.<\/p>\n","protected":false},"excerpt":{"rendered":"<p>\u00c9cart\u00e9 r\u00e9cemment du XV de France, Gr\u00e9gory Alldritt affiche une d\u00e9termination intacte pour retrouver les Bleus\u2026 et viser l\u2019Australie. Son absence a surpris, mais elle n\u2019a pas bris\u00e9 sa motivation. Capitaine embl\u00e9matique du Stade Rochelais, Gr\u00e9gory Alldritt revient avec lucidit\u00e9 sur sa non-s\u00e9lection et se projette d\u00e9j\u00e0 vers ses prochains objectifs en \u00e9quipe de France. [&hellip;]<\/p>\n","protected":false},"author":2,"featured_media":47955,"comment_status":"open","ping_status":"open","sticky":false,"template":"","format":"standard","meta":{"_acf_changed":false,"_seopress_robots_primary_cat":"none","_seopress_titles_title":"","_seopress_titles_desc":"","_seopress_robots_index":"","footnotes":""},"categories":[7],"tags":[],"class_list":["post-47952","post","type-post","status-publish","format-standard","has-post-thumbnail","hentry","category-rugby"],"acf":[],"_links":{"self":[{"href":"https:\/\/mvz-sports.com\/fr\/wp-json\/wp\/v2\/posts\/47952","targetHints":{"allow":["GET"]}}],"collection":[{"href":"https:\/\/mvz-sports.com\/fr\/wp-json\/wp\/v2\/posts"}],"about":[{"href":"https:\/\/mvz-sports.com\/fr\/wp-json\/wp\/v2\/types\/post"}],"author":[{"embeddable":true,"href":"https:\/\/mvz-sports.com\/fr\/wp-json\/wp\/v2\/users\/2"}],"replies":[{"embeddable":true,"href":"https:\/\/mvz-sports.com\/fr\/wp-json\/wp\/v2\/comments?post=47952"}],"version-history":[{"count":2,"href":"https:\/\/mvz-sports.com\/fr\/wp-json\/wp\/v2\/posts\/47952\/revisions"}],"predecessor-version":[{"id":47957,"href":"https:\/\/mvz-sports.com\/fr\/wp-json\/wp\/v2\/posts\/47952\/revisions\/47957"}],"wp:featuredmedia":[{"embeddable":true,"href":"https:\/\/mvz-sports.com\/fr\/wp-json\/wp\/v2\/media\/47955"}],"wp:attachment":[{"href":"https:\/\/mvz-sports.com\/fr\/wp-json\/wp\/v2\/media?parent=47952"}],"wp:term":[{"taxonomy":"category","embeddable":true,"href":"https:\/\/mvz-sports.com\/fr\/wp-json\/wp\/v2\/categories?post=47952"},{"taxonomy":"post_tag","embeddable":true,"href":"https:\/\/mvz-sports.com\/fr\/wp-json\/wp\/v2\/tags?post=47952"}],"curies":[{"name":"wp","href":"https:\/\/api.w.org\/{rel}","templated":true}]}}