{"id":47958,"date":"2026-04-23T12:15:00","date_gmt":"2026-04-23T10:15:00","guid":{"rendered":"https:\/\/mvz-sports.com\/fr\/?p=47958"},"modified":"2026-04-23T03:01:29","modified_gmt":"2026-04-23T01:01:29","slug":"les-francais-sur-le-devant-de-la-scene-lors-de-la-fleche-wallonne-5-sont-dans-le-top-10-avec-la-victoire-pour-seixas","status":"publish","type":"post","link":"https:\/\/mvz-sports.com\/fr\/cyclisme\/news\/les-francais-sur-le-devant-de-la-scene-lors-de-la-fleche-wallonne-5-sont-dans-le-top-10-avec-la-victoire-pour-seixas","title":{"rendered":"Les fran\u00e7ais sur le devant de la sc\u00e9ne lors de la Fl\u00e8che Wallonne : 5 sont dans le top 10 avec la victoire pour Seixas"},"content":{"rendered":"\n<p><strong>Paul Seixas (Decathlon CMA CGM) a remport\u00e9 la Fl\u00e8che Wallonne mercredi, \u00e0 19 ans, devenant le plus jeune vainqueur de l\u2019\u00e9preuve. La course a aussi \u00e9t\u00e9 marqu\u00e9e par la pr\u00e9sence de cinq Fran\u00e7ais dans le top 10.<\/strong><\/p>\n\n\n\n<p>D\u00e8s sa <strong>premi\u00e8re participation<\/strong> a ce <a href=\"https:\/\/mvz-sports.com\/fr\/cyclisme\">cyclisme<\/a>, Paul Seixas s\u2019est impos\u00e9 dans la <strong>Fl\u00e8che Wallonne<\/strong> en profitant d\u2019une <strong>attaque de loin dans le Mur de Huy<\/strong>. Il a devanc\u00e9 le Suisse <strong>Mauro Schmid<\/strong> et le Britannique <strong>Ben Tulett<\/strong>, tandis que son compatriote <strong>Beno\u00eet Cosnefroy<\/strong> a termin\u00e9 juste derri\u00e8re, au pied du podium.<\/p>\n\n\n\n<h2 class=\"wp-block-heading\">Le sc\u00e9nario de la victoire<\/h2>\n\n\n\n<p>Selon le r\u00e9cit de la course, tout s\u2019est jou\u00e9 sur le <strong>Mur de Huy<\/strong>, o\u00f9 Seixas a plac\u00e9 une attaque lointaine. Elle lui a permis d\u2019aller jusqu\u2019au bout et de signer une victoire imm\u00e9diate d\u00e8s ses d\u00e9buts sur cette classique.<\/p>\n\n\n\n<h2 class=\"wp-block-heading\">Les Fran\u00e7ais tr\u00e8s pr\u00e9sents<\/h2>\n\n\n\n<p>La performance du Fran\u00e7ais a \u00e9t\u00e9 renforc\u00e9e par l\u2019excellente tenue de plusieurs de ses compatriotes dans le classement. <strong>Trois autres coureurs tricolores<\/strong> compl\u00e8tent le <strong>top 10<\/strong> :<\/p>\n\n\n\n<ul class=\"wp-block-list\">\n<li><strong>Alex Baudin<\/strong> (6e)<\/li>\n\n\n\n<li><strong>Lenny Martinez<\/strong> (8e)<\/li>\n\n\n\n<li><strong>Romain Gr\u00e9goire<\/strong> (9e)<\/li>\n<\/ul>\n\n\n\n<p>Au total, on retrouve <strong>cinq Fran\u00e7ais dans le top 10<\/strong>, avec aussi <strong>Beno\u00eet Cosnefroy<\/strong> (4e).<br>Enfin, <strong>K\u00e9vin Vauquelin<\/strong>, deux fois deuxi\u00e8me en <strong>2024<\/strong> et <strong>2025<\/strong>, n\u2019a cette fois termin\u00e9 qu\u2019<strong>13e<\/strong>, \u00e0 <strong>19 secondes<\/strong> de Seixas.<\/p>\n\n\n\n<h2 class=\"wp-block-heading\">Classement (top 10)<\/h2>\n\n\n\n<ol class=\"wp-block-list\">\n<li><strong>Paul Seixas<\/strong> (Decathlon CMA CGM)  <strong>4h35&rsquo;29\u00a0\u00bb<\/strong><\/li>\n\n\n\n<li><strong>Mauro Schmid<\/strong> (Jayco AlUla)  <strong>\u00e0 3\u00a0\u00bb<\/strong><\/li>\n\n\n\n<li><strong>Ben Tulett<\/strong> (Visma-Lease a bike)  <strong>\u00e0 3\u00a0\u00bb<\/strong><\/li>\n\n\n\n<li><strong>Beno\u00eet Cosnefroy<\/strong> (UAE Emirates-XRG) <strong>\u00e0 3\u00a0\u00bb<\/strong><\/li>\n\n\n\n<li><strong>Mattias Skjelmose<\/strong> (Lidl-Trek)  <strong>\u00e0 8\u00a0\u00bb<\/strong><\/li>\n\n\n\n<li><strong>Alex Baudin<\/strong> (EF Education-EasyPost) <strong>\u00e0 8\u00a0\u00bb<\/strong><\/li>\n\n\n\n<li><strong>Ion Izagirre<\/strong> (Cofidis)  <strong>\u00e0 10\u00a0\u00bb<\/strong><\/li>\n\n\n\n<li><strong>Lenny Martinez<\/strong> (Bahrain-Victorious) <strong>\u00e0 10\u00a0\u00bb<\/strong><\/li>\n\n\n\n<li><strong>Romain Gr\u00e9goire<\/strong> (Groupama-FDJ United)  <strong>\u00e0 10\u00a0\u00bb<\/strong><\/li>\n\n\n\n<li><strong>Andreas Kron<\/strong> (Uno-X Mobility)  <strong>\u00e0 10\u00a0\u00bb<\/strong><\/li>\n<\/ol>\n\n\n\n<p>Paul Seixas remporte la <strong>Fl\u00e8che Wallonne<\/strong> en s\u2019imposant au sommet gr\u00e2ce \u00e0 une attaque marquante sur le <strong>Mur de Huy<\/strong>. La course illustre aussi la solidit\u00e9 du groupe fran\u00e7ais, avec <strong>cinq repr\u00e9sentants dans le top 10<\/strong>, dont <strong>Baudin, Martinez et Gr\u00e9goire<\/strong>.<\/p>\n","protected":false},"excerpt":{"rendered":"<p>Paul Seixas (Decathlon CMA CGM) a remport\u00e9 la Fl\u00e8che Wallonne mercredi, \u00e0 19 ans, devenant le plus jeune vainqueur de l\u2019\u00e9preuve. La course a aussi \u00e9t\u00e9 marqu\u00e9e par la pr\u00e9sence de cinq Fran\u00e7ais dans le top 10. D\u00e8s sa premi\u00e8re participation a ce cyclisme, Paul Seixas s\u2019est impos\u00e9 dans la Fl\u00e8che Wallonne en profitant d\u2019une [&hellip;]<\/p>\n","protected":false},"author":2,"featured_media":47961,"comment_status":"open","ping_status":"open","sticky":false,"template":"","format":"standard","meta":{"_acf_changed":false,"_seopress_robots_primary_cat":"none","_seopress_titles_title":"","_seopress_titles_desc":"","_seopress_robots_index":"","footnotes":""},"categories":[38],"tags":[],"class_list":["post-47958","post","type-post","status-publish","format-standard","has-post-thumbnail","hentry","category-cyclisme"],"acf":[],"_links":{"self":[{"href":"https:\/\/mvz-sports.com\/fr\/wp-json\/wp\/v2\/posts\/47958","targetHints":{"allow":["GET"]}}],"collection":[{"href":"https:\/\/mvz-sports.com\/fr\/wp-json\/wp\/v2\/posts"}],"about":[{"href":"https:\/\/mvz-sports.com\/fr\/wp-json\/wp\/v2\/types\/post"}],"author":[{"embeddable":true,"href":"https:\/\/mvz-sports.com\/fr\/wp-json\/wp\/v2\/users\/2"}],"replies":[{"embeddable":true,"href":"https:\/\/mvz-sports.com\/fr\/wp-json\/wp\/v2\/comments?post=47958"}],"version-history":[{"count":2,"href":"https:\/\/mvz-sports.com\/fr\/wp-json\/wp\/v2\/posts\/47958\/revisions"}],"predecessor-version":[{"id":47963,"href":"https:\/\/mvz-sports.com\/fr\/wp-json\/wp\/v2\/posts\/47958\/revisions\/47963"}],"wp:featuredmedia":[{"embeddable":true,"href":"https:\/\/mvz-sports.com\/fr\/wp-json\/wp\/v2\/media\/47961"}],"wp:attachment":[{"href":"https:\/\/mvz-sports.com\/fr\/wp-json\/wp\/v2\/media?parent=47958"}],"wp:term":[{"taxonomy":"category","embeddable":true,"href":"https:\/\/mvz-sports.com\/fr\/wp-json\/wp\/v2\/categories?post=47958"},{"taxonomy":"post_tag","embeddable":true,"href":"https:\/\/mvz-sports.com\/fr\/wp-json\/wp\/v2\/tags?post=47958"}],"curies":[{"name":"wp","href":"https:\/\/api.w.org\/{rel}","templated":true}]}}