{"id":47971,"date":"2026-04-23T17:15:00","date_gmt":"2026-04-23T15:15:00","guid":{"rendered":"https:\/\/mvz-sports.com\/fr\/?p=47971"},"modified":"2026-04-23T17:17:06","modified_gmt":"2026-04-23T15:17:06","slug":"jaurais-eu-un-gout-dinacheve-machenaud-ecarte-la-pro-d2-et-le-staff-et-fait-son-retour-au-racing","status":"publish","type":"post","link":"https:\/\/mvz-sports.com\/fr\/rugby\/news\/jaurais-eu-un-gout-dinacheve-machenaud-ecarte-la-pro-d2-et-le-staff-et-fait-son-retour-au-racing","title":{"rendered":"\u00ab\u00a0J\u2019aurais eu un go\u00fbt d\u2019inachev\u00e9\u00a0\u00bb : Machenaud \u00e9carte la Pro D2 et le staff et fait son retour au Racing"},"content":{"rendered":"\n<p><strong>En fin de contrat avec Bayonne en juin 2026, le demi-de-m\u00eal\u00e9e Maxime Machenaud officialise son avenir : il quitte le club Basque et fait son grand retour au Racing 92 pour la saison prochaine.<\/strong><\/p>\n\n\n\n<p>Arriv\u00e9 \u00e0 la fin de son aventure \u00e0 Bayonne, <strong>Maxime Machenaud<\/strong> n\u2019a pas \u00e9t\u00e9 conserv\u00e9 par le club basque. L\u2019international fran\u00e7ais de <a href=\"https:\/\/mvz-sports.com\/fr\/rugby\">rugby<\/a> a n\u00e9anmoins d\u00e9j\u00e0 trouv\u00e9 une destination pour la saison suivante : le <strong>Racing 92<\/strong>, o\u00f9 il va revenir apr\u00e8s plusieurs ann\u00e9es.<\/p>\n\n\n\n<h2 class=\"wp-block-heading\">Un retour \u201clogique\u201d apr\u00e8s une d\u00e9cision personnelle<\/h2>\n\n\n\n<p>Interrog\u00e9, <strong>Machenaud<\/strong> explique qu\u2019il a envisag\u00e9 d\u2019autres pistes, notamment autour de <strong>Bayonne<\/strong>. Il indique ainsi qu\u2019il aurait pu int\u00e9grer le <strong>staff<\/strong> mais qu\u2019il aurait eu \u201cun go\u00fbt d\u2019inachev\u00e9\u201d s\u2019il ne s\u2019\u00e9tait pas donn\u00e9 la possibilit\u00e9 de chercher un nouveau contrat y compris dans des cadres moins ambitieux.<\/p>\n\n\n\n<p>Le choix du <strong>Racing 92<\/strong> s\u2019est impos\u00e9 parce qu\u2019il conna\u00eet bien le club et parce qu\u2019il lui correspond davantage : un environnement qu\u2019il d\u00e9crit comme <strong>tr\u00e8s familial<\/strong>, et surtout un lieu o\u00f9 il avait d\u00e9j\u00e0 une relation forte.<\/p>\n\n\n\n<h2 class=\"wp-block-heading\">Le Racing, une histoire \u201cinachev\u00e9e\u201d<\/h2>\n\n\n\n<p>Selon <a href=\"http:\/\/www.lequipe.fr\/Rugby\/Article\/Maxime-machenaud-de-retour-apres-une-grave-blessure-au-genou-avec-un-dernier-objectif-je-ne-pense-pas-trop-a-mon-age\/1670133\">L&rsquo;Equipe<\/a>, <strong>Machenaud<\/strong> insiste sur l\u2019importance symbolique du Racing dans son parcours. Il revient sur ce qu\u2019il a v\u00e9cu : une longue p\u00e9riode au club, puis son d\u00e9part en <strong>2022<\/strong>. Il explique aussi qu\u2019avec <strong>Bayonne<\/strong>, il avait sign\u00e9 avec la garantie de jouer plusieurs ann\u00e9es de plus, mais qu\u2019il restait un <strong>regret<\/strong> de ne pas avoir poursuivi l\u2019histoire plus longtemps.<\/p>\n\n\n\n<h2 class=\"wp-block-heading\">Un retour sans la famille : un sacrifice assum\u00e9<\/h2>\n\n\n\n<p>Le retour au Racing 92 se fera <strong>sans sa famille<\/strong>, qui restera \u00e0 <strong>Bordeaux<\/strong>. Il reconna\u00eet que la d\u00e9cision n\u2019a pas \u00e9t\u00e9 facile : discussions avec ses enfants et sa femme, arbitrage entre carri\u00e8re sportive et vie familiale.<\/p>\n\n\n\n<p>Mais il affirme aussi vouloir se <strong>prouver<\/strong> quelque chose avec un dernier objectif, et il assume l\u2019id\u00e9e que \u201ctoutes les envies\u201d ne peuvent pas \u00eatre satisfaites, parfois au prix de sacrifices difficiles.<\/p>\n\n\n\n<h2 class=\"wp-block-heading\">Objectifs sportifs : transmettre et apporter<\/h2>\n\n\n\n<p>Enfin, <strong>Machenaud<\/strong> dit avoir d\u00e9j\u00e0 \u00e9chang\u00e9 avec <strong>Patrice Collazo<\/strong>, son futur manager. Il mentionne notamment sa volont\u00e9 d\u2019\u00eatre actif sur le terrain, tout en valorisant un r\u00f4le compl\u00e9mentaire li\u00e9 \u00e0 son \u00e2ge et \u00e0 son exp\u00e9rience : <strong>la transmission aux jeunes<\/strong>.<\/p>\n\n\n\n<p>Il pr\u00e9cise qu\u2019il ne veut pas trop se focaliser sur son \u00e2ge, et qu\u2019il se place dans une logique d\u2019impact : il a sign\u00e9 pour <strong>une saison<\/strong>, avec une <strong>seconde en option<\/strong>, et compte raisonner <strong>ann\u00e9e par ann\u00e9e<\/strong>, en tenant compte aussi du contexte familial.<\/p>\n\n\n\n<p><strong>Maxime Machenaud<\/strong> tourne la page Bayonne et choisit le Racing 92 : un retour charg\u00e9 d\u2019histoire, motiv\u00e9 par le sentiment d\u2019avoir une partie du parcours qui lui restait \u00e0 accomplir, et accompagn\u00e9 d\u2019une approche \u201ccomp\u00e9titeur\u201d ax\u00e9e sur l\u2019apport sportif et la transmission, malgr\u00e9 le sacrifice familial temporaire.<\/p>\n\n\n\n<p><\/p>\n","protected":false},"excerpt":{"rendered":"<p>En fin de contrat avec Bayonne en juin 2026, le demi-de-m\u00eal\u00e9e Maxime Machenaud officialise son avenir : il quitte le club Basque et fait son grand retour au Racing 92 pour la saison prochaine. Arriv\u00e9 \u00e0 la fin de son aventure \u00e0 Bayonne, Maxime Machenaud n\u2019a pas \u00e9t\u00e9 conserv\u00e9 par le club basque. L\u2019international fran\u00e7ais [&hellip;]<\/p>\n","protected":false},"author":2,"featured_media":47974,"comment_status":"open","ping_status":"open","sticky":false,"template":"","format":"standard","meta":{"_acf_changed":false,"_seopress_robots_primary_cat":"none","_seopress_titles_title":"","_seopress_titles_desc":"","_seopress_robots_index":"","footnotes":""},"categories":[7],"tags":[],"class_list":["post-47971","post","type-post","status-publish","format-standard","has-post-thumbnail","hentry","category-rugby"],"acf":[],"_links":{"self":[{"href":"https:\/\/mvz-sports.com\/fr\/wp-json\/wp\/v2\/posts\/47971","targetHints":{"allow":["GET"]}}],"collection":[{"href":"https:\/\/mvz-sports.com\/fr\/wp-json\/wp\/v2\/posts"}],"about":[{"href":"https:\/\/mvz-sports.com\/fr\/wp-json\/wp\/v2\/types\/post"}],"author":[{"embeddable":true,"href":"https:\/\/mvz-sports.com\/fr\/wp-json\/wp\/v2\/users\/2"}],"replies":[{"embeddable":true,"href":"https:\/\/mvz-sports.com\/fr\/wp-json\/wp\/v2\/comments?post=47971"}],"version-history":[{"count":2,"href":"https:\/\/mvz-sports.com\/fr\/wp-json\/wp\/v2\/posts\/47971\/revisions"}],"predecessor-version":[{"id":47980,"href":"https:\/\/mvz-sports.com\/fr\/wp-json\/wp\/v2\/posts\/47971\/revisions\/47980"}],"wp:featuredmedia":[{"embeddable":true,"href":"https:\/\/mvz-sports.com\/fr\/wp-json\/wp\/v2\/media\/47974"}],"wp:attachment":[{"href":"https:\/\/mvz-sports.com\/fr\/wp-json\/wp\/v2\/media?parent=47971"}],"wp:term":[{"taxonomy":"category","embeddable":true,"href":"https:\/\/mvz-sports.com\/fr\/wp-json\/wp\/v2\/categories?post=47971"},{"taxonomy":"post_tag","embeddable":true,"href":"https:\/\/mvz-sports.com\/fr\/wp-json\/wp\/v2\/tags?post=47971"}],"curies":[{"name":"wp","href":"https:\/\/api.w.org\/{rel}","templated":true}]}}