{"id":47997,"date":"2026-04-24T04:32:00","date_gmt":"2026-04-24T02:32:00","guid":{"rendered":"https:\/\/mvz-sports.com\/fr\/?p=47997"},"modified":"2026-04-23T22:56:53","modified_gmt":"2026-04-23T20:56:53","slug":"leon-marchand-sera-de-retour-dans-les-bassins-francais-pour-les-championnats-deurope-cet-ete","status":"publish","type":"post","link":"https:\/\/mvz-sports.com\/fr\/jeux-olympiques-dhiver-2026-milano-cortina\/news\/leon-marchand-sera-de-retour-dans-les-bassins-francais-pour-les-championnats-deurope-cet-ete","title":{"rendered":"L\u00e9on Marchand sera de retour dans les bassins fran\u00e7ais pour les championnats d&rsquo;Europe cet \u00e9t\u00e9"},"content":{"rendered":"\n<p><strong>L\u00e9on Marchand fixe les Championnats d&rsquo;Europe 2026 comme une \u00e9tape cruciale pour briser la monotonie avant les Jeux Olympiques de Los Angeles.<\/strong><\/p>\n\n\n\n<p>Le nageur tricolore<strong> L\u00e9on Marchand<\/strong> exprime ses difficult\u00e9s \u00e0 se projeter sur l&rsquo;\u00e9ch\u00e9ance lointaine de 2028. Pour maintenir son niveau d&rsquo;excellence, le Toulousain mise sur des objectifs \u00e0 court terme, notamment les Championnats d&rsquo;Europe en France.<\/p>\n\n\n\n<h2 class=\"wp-block-heading\">Le d\u00e9fi mental de l&rsquo;attente olympique<\/h2>\n\n\n\n<p>La star de la natation mondiale avoue que le cycle de quatre ans s\u00e9parant les olympiades lui semble une \u00e9ternit\u00e9. Pour pallier ce sentiment d&rsquo;abstrait, il a focalis\u00e9 son esprit sur les comp\u00e9titions de 2025 et 2026, des rendez-vous indispensables pour garder le rythme de la haute performance.<\/p>\n\n\n\n<p><strong>L\u00e9on Marchand<\/strong> explique avoir besoin de concret pour avancer, trouvant le temps particuli\u00e8rement long depuis la transition effectu\u00e9e en d\u00e9but d&rsquo;ann\u00e9e 2025. Cette strat\u00e9gie lui permet de segmenter sa route vers la Californie en \u00e9tapes plus digestes et motivantes.<\/p>\n\n\n\n<p>Les performances de <strong>L\u00e9on Marchand<\/strong> aux mondiaux pr\u00e9c\u00e9dents confirment sa capacit\u00e9 \u00e0 rester au sommet malgr\u00e9 la pression constante.<\/p>\n\n\n\n<p>L&rsquo;athl\u00e8te ne court plus apr\u00e8s les titres mais apr\u00e8s le chronom\u00e8tre, avec l&rsquo;ambition ferme de battre son propre record du monde sur 400 m quatre nages. Le bassin de Saint-Denis servira de th\u00e9\u00e2tre \u00e0 cette tentative de d\u00e9passement de soi d\u00e8s le premier jour de comp\u00e9tition.<\/p>\n\n\n\n<h2 class=\"wp-block-heading\">Une pr\u00e9paration physique aux limites de la rupture<\/h2>\n\n\n\n<p>Derri\u00e8re les m\u00e9dailles se cache une r\u00e9alit\u00e9 brutale faite de s\u00e9ries d&rsquo;entra\u00eenements hercul\u00e9ennes aux <strong>\u00c9tats-Unis<\/strong>. En mars dernier, le nageur a franchi un palier dans l&rsquo;intensit\u00e9 avec des volumes horaires et des r\u00e9p\u00e9titions qui ont mis son organisme \u00e0 rude \u00e9preuve.<\/p>\n\n\n\n<p>Le champion de 24 ans reconna\u00eet que son corps ne r\u00e9agit plus comme \u00e0 ses 18 ans, imposant une gestion beaucoup plus fine de la r\u00e9cup\u00e9ration. Malgr\u00e9 une fatigue physique constante, son mental reste d&rsquo;acier gr\u00e2ce \u00e0 une planification rigoureuse \u00e9tablie avec son entra\u00eeneur.<\/p>\n\n\n\n<p>Le programme sp\u00e9cifique de <strong>L\u00e9on Marchand<\/strong> aux USA privil\u00e9gie d\u00e9sormais la qualit\u00e9 technique sous haute fatigue pour simuler les fins de courses olympiques.<\/p>\n\n\n\n<p>Ce passage par la souffrance \u00e0 l&rsquo;entra\u00eenement transforme les comp\u00e9titions \u00e0 venir en v\u00e9ritables moments de lib\u00e9ration. En se rapprochant de l&rsquo;\u00e9ch\u00e9ance europ\u00e9enne, le Fran\u00e7ais sait qu&rsquo;il bascule dans la seconde partie de son olympiade, rendant l&rsquo;horizon de<strong> Los Angeles<\/strong> enfin plus tangible.<\/p>\n\n\n\n<p>Selon vous, cette maturit\u00e9 physique et cette nouvelle gestion de l&rsquo;effort font-elles de lui un nageur encore plus redoutable ? Donnez votre avis en commentaire.<\/p>\n\n\n\n<h2 class=\"wp-block-heading\">L&rsquo;importance strat\u00e9gique du territoire national<\/h2>\n\n\n\n<p>Le choix de disputer les Championnats d&rsquo;Europe au <strong>Centre Aquatique Olympique<\/strong> de <strong>Saint-Denis<\/strong> n&rsquo;est pas anodin pour <strong>L\u00e9on Marchand<\/strong>. \u00c9voluer \u00e0 domicile lui permet de retrouver l&rsquo;\u00e9nergie du public fran\u00e7ais, un moteur psychologique essentiel pour compenser l&rsquo;usure des entra\u00eenements solitaires \u00e0 l&rsquo;\u00e9tranger. <\/p>\n\n\n\n<p>Cette proximit\u00e9 avec ses racines renforce sa d\u00e9termination et transforme cette \u00e9tape continentale en un test grandeur nature avant de s&rsquo;attaquer aux bassins am\u00e9ricains pour la suite de sa carri\u00e8re.<\/p>\n\n\n\n<p>La ferveur populaire attendue \u00e0 <strong>Saint-Denis<\/strong> pourrait-elle aider le champion \u00e0 franchir un nouveau palier chronom\u00e9trique ? N&rsquo;h\u00e9sitez pas \u00e0 laisser un commentaire pour d\u00e9battre de l&rsquo;impact du public sur ses performances.<\/p>\n","protected":false},"excerpt":{"rendered":"<p>L\u00e9on Marchand fixe les Championnats d&rsquo;Europe 2026 comme une \u00e9tape cruciale pour briser la monotonie avant les Jeux Olympiques de Los Angeles. Le nageur tricolore L\u00e9on Marchand exprime ses difficult\u00e9s \u00e0 se projeter sur l&rsquo;\u00e9ch\u00e9ance lointaine de 2028. Pour maintenir son niveau d&rsquo;excellence, le Toulousain mise sur des objectifs \u00e0 court terme, notamment les Championnats [&hellip;]<\/p>\n","protected":false},"author":2,"featured_media":48000,"comment_status":"open","ping_status":"open","sticky":false,"template":"","format":"standard","meta":{"_acf_changed":false,"_seopress_robots_primary_cat":"none","_seopress_titles_title":"","_seopress_titles_desc":"","_seopress_robots_index":"","footnotes":""},"categories":[37],"tags":[],"class_list":["post-47997","post","type-post","status-publish","format-standard","has-post-thumbnail","hentry","category-jeux-olympiques-dhiver-2026-milano-cortina"],"acf":[],"_links":{"self":[{"href":"https:\/\/mvz-sports.com\/fr\/wp-json\/wp\/v2\/posts\/47997","targetHints":{"allow":["GET"]}}],"collection":[{"href":"https:\/\/mvz-sports.com\/fr\/wp-json\/wp\/v2\/posts"}],"about":[{"href":"https:\/\/mvz-sports.com\/fr\/wp-json\/wp\/v2\/types\/post"}],"author":[{"embeddable":true,"href":"https:\/\/mvz-sports.com\/fr\/wp-json\/wp\/v2\/users\/2"}],"replies":[{"embeddable":true,"href":"https:\/\/mvz-sports.com\/fr\/wp-json\/wp\/v2\/comments?post=47997"}],"version-history":[{"count":2,"href":"https:\/\/mvz-sports.com\/fr\/wp-json\/wp\/v2\/posts\/47997\/revisions"}],"predecessor-version":[{"id":48002,"href":"https:\/\/mvz-sports.com\/fr\/wp-json\/wp\/v2\/posts\/47997\/revisions\/48002"}],"wp:featuredmedia":[{"embeddable":true,"href":"https:\/\/mvz-sports.com\/fr\/wp-json\/wp\/v2\/media\/48000"}],"wp:attachment":[{"href":"https:\/\/mvz-sports.com\/fr\/wp-json\/wp\/v2\/media?parent=47997"}],"wp:term":[{"taxonomy":"category","embeddable":true,"href":"https:\/\/mvz-sports.com\/fr\/wp-json\/wp\/v2\/categories?post=47997"},{"taxonomy":"post_tag","embeddable":true,"href":"https:\/\/mvz-sports.com\/fr\/wp-json\/wp\/v2\/tags?post=47997"}],"curies":[{"name":"wp","href":"https:\/\/api.w.org\/{rel}","templated":true}]}}